{"id":1302,"date":"2024-05-24T13:28:55","date_gmt":"2024-05-24T11:28:55","guid":{"rendered":"https:\/\/sfpe-at.com\/?p=1302"},"modified":"2025-03-24T17:53:37","modified_gmt":"2025-03-24T16:53:37","slug":"gout-odorat-et-obesite-le-corps-en-acte","status":"publish","type":"post","link":"https:\/\/bibliotheque-sfpe-at.com\/index.php\/2024\/05\/24\/gout-odorat-et-obesite-le-corps-en-acte\/","title":{"rendered":"Go\u00fbt, odorat et ob\u00e9sit\u00e9 : le corps en acte"},"content":{"rendered":"\n<div class=\"wp-block-columns is-layout-flex wp-container-core-columns-is-layout-28f84493 wp-block-columns-is-layout-flex\">\n<div class=\"wp-block-column is-layout-flow wp-block-column-is-layout-flow\" style=\"flex-basis:66.66%\">\n<p>Le sujet ob\u00e8se qui choisit de subir une intervention chirurgicale de sleeve ou de by-pass constate apr\u00e8scoup une modification de sa capacit\u00e9 olfactive et gustative. Il est plus sensible aux go\u00fbts des aliments ainsi qu\u2019\u00e0 leurs odeurs. Par son recours \u00e0 la sur-alimentation, le sujet ob\u00e8se parle le malaise contemporain dans la culture, ou plut\u00f4t il l\u2019acte. La clinique de l\u2019ob\u00e9sit\u00e9 est \u00e0 la fronti\u00e8re entre corps physiologique et corps pulsionnel. En se sur-alimentant, le sujet ne satisfait pas seulement un de ses besoins vitaux. Il satisfait la pulsion d\u2019auto- conservation, mais surtout \u2014 et c\u2019est bien pour cela qu\u2019il le fait toujours plus \u2014 il satisfait aux injonctions de la pulsion sexuelle. Le probl\u00e8me est cependant que ce corps de la personne ob\u00e8se rel\u00e8ve ainsi d\u2019un d\u00e9s\u00e9quilibre entre pulsion de vie et pulsion de mort, d\u00e9s\u00e9quilibre en la faveur de la pulsion de mort caract\u00e9ristique de notre \u00e9poque. Cette recherche interdisciplinaire, que je pr\u00e9senterai au cours d\u2019un \u00e9change avec mes coll\u00e8gues, s\u2019articule entre l\u2019h\u00f4pital Bichat-Claude-Bernard, l\u2019h\u00f4pital Lariboisi\u00e8re- Fernand Widal, le laboratoire d\u2019unit\u00e9 de biologie fonctionnelle et adaptative de l\u2019universit\u00e9 Paris-Diderot (Paris-VII) et le Centre de recherche psychanalyse, m\u00e9decine et soci\u00e9t\u00e9 de l\u2019universit\u00e9 Paris-Diderot (Paris-VII).<\/p>\n\n\n\n<p class=\"has-text-color has-link-color wp-elements-0c5dd61414d2cb4c88e3596780dedeb0\" style=\"color:#2753a5\"><strong><em>Pour lire le texte complet <a href=\"\/index.php\/options-dinscription\/\"><mark style=\"background-color:rgba(0, 0, 0, 0)\" class=\"has-inline-color has-vivid-cyan-blue-color\">s&rsquo;inscrire<\/mark><\/a> ou <a href=\"\/index.php\/my-account\/edit-account\/\"><mark style=\"background-color:rgba(0, 0, 0, 0)\" class=\"has-inline-color has-vivid-cyan-blue-color\">se connecter<\/mark><\/a><\/em><\/strong><\/p>\n\n\n\n\n\n<div style=\"height:100px\" aria-hidden=\"true\" class=\"wp-block-spacer\"><\/div>\n\n\n\n<div class=\"wp-block-buttons is-content-justification-center is-layout-flex wp-container-core-buttons-is-layout-a89b3969 wp-block-buttons-is-layout-flex\">\n<div class=\"wp-block-button has-custom-font-size has-small-font-size\"><a class=\"wp-block-button__link has-vivid-red-background-color has-background wp-element-button\" href=\"\/index.php\/2018\/05\/05\/legout\/\">&lt;&#8211; retour<\/a><\/div>\n<\/div>\n<\/div>\n\n\n\n<div class=\"wp-block-column is-layout-flow wp-block-column-is-layout-flow\" style=\"flex-basis:33.33%\">\n<figure class=\"wp-block-table\"><table class=\"has-background\" style=\"background-color:#f8f2f2\"><thead><tr><th><mark class=\"has-inline-color has-vivid-red-color\" style=\"background-color: rgba(0, 0, 0, 0);\"><strong>Auteur<\/strong><\/mark><\/th><\/tr><\/thead><tbody><tr><td><strong>Sophie De Preester<\/strong><\/td><\/tr><\/tbody><\/table><\/figure>\n\n\n\n<figure class=\"wp-block-table\"><table><thead><tr><th><mark class=\"has-inline-color has-vivid-red-color\" style=\"background-color: rgba(0, 0, 0, 0);\"><strong>R\u00e9f\u00e9rence<\/strong><\/mark><\/th><\/tr><\/thead><tbody><tr><td><strong>RA011-25<\/strong><br><strong>Le Go\u00fbt<\/strong><br>Journ\u00e9es de Printemps 2018<\/td><\/tr><\/tbody><\/table><\/figure>\n\n\n\n<figure class=\"wp-block-table\"><table><thead><tr><th><mark class=\"has-inline-color has-vivid-red-color\" style=\"background-color: rgba(0, 0, 0, 0);\"><strong>Cat\u00e9gories<\/strong><\/mark><\/th><\/tr><\/thead><tbody><tr><td>Psychologie<\/td><\/tr><\/tbody><\/table><\/figure>\n<\/div>\n<\/div>\n","protected":false},"excerpt":{"rendered":"<p>Le sujet ob\u00e8se qui choisit de subir une intervention chirurgicale de sleeve ou de by-pass constate apr\u00e8scoup une modification de sa capacit\u00e9 olfactive et gustative. Il est plus sensible aux go\u00fbts des aliments ainsi qu\u2019\u00e0 leurs odeurs. Par son recours \u00e0 la sur-alimentation, le sujet ob\u00e8se parle le malaise contemporain&hellip;<\/p>\n","protected":false},"author":2,"featured_media":0,"comment_status":"closed","ping_status":"open","sticky":false,"template":"","format":"standard","meta":{"pmpro_default_level":"","ngg_post_thumbnail":0,"footnotes":""},"categories":[246],"tags":[201,498,241],"class_list":["post-1302","post","type-post","status-publish","format-standard","hentry","category-de-preester-sophie","tag-le-gout","tag-psychologie","tag-ra011-25","pmpro-has-access"],"_links":{"self":[{"href":"https:\/\/bibliotheque-sfpe-at.com\/index.php\/wp-json\/wp\/v2\/posts\/1302","targetHints":{"allow":["GET"]}}],"collection":[{"href":"https:\/\/bibliotheque-sfpe-at.com\/index.php\/wp-json\/wp\/v2\/posts"}],"about":[{"href":"https:\/\/bibliotheque-sfpe-at.com\/index.php\/wp-json\/wp\/v2\/types\/post"}],"author":[{"embeddable":true,"href":"https:\/\/bibliotheque-sfpe-at.com\/index.php\/wp-json\/wp\/v2\/users\/2"}],"replies":[{"embeddable":true,"href":"https:\/\/bibliotheque-sfpe-at.com\/index.php\/wp-json\/wp\/v2\/comments?post=1302"}],"version-history":[{"count":5,"href":"https:\/\/bibliotheque-sfpe-at.com\/index.php\/wp-json\/wp\/v2\/posts\/1302\/revisions"}],"predecessor-version":[{"id":4622,"href":"https:\/\/bibliotheque-sfpe-at.com\/index.php\/wp-json\/wp\/v2\/posts\/1302\/revisions\/4622"}],"wp:attachment":[{"href":"https:\/\/bibliotheque-sfpe-at.com\/index.php\/wp-json\/wp\/v2\/media?parent=1302"}],"wp:term":[{"taxonomy":"category","embeddable":true,"href":"https:\/\/bibliotheque-sfpe-at.com\/index.php\/wp-json\/wp\/v2\/categories?post=1302"},{"taxonomy":"post_tag","embeddable":true,"href":"https:\/\/bibliotheque-sfpe-at.com\/index.php\/wp-json\/wp\/v2\/tags?post=1302"}],"curies":[{"name":"wp","href":"https:\/\/api.w.org\/{rel}","templated":true}]}}