{"id":1319,"date":"2024-05-29T12:15:54","date_gmt":"2024-05-29T10:15:54","guid":{"rendered":"https:\/\/sfpe-at.com\/?p=1319"},"modified":"2025-03-24T18:48:44","modified_gmt":"2025-03-24T17:48:44","slug":"le-passage-point-dinflexion-de-la-traversee","status":"publish","type":"post","link":"https:\/\/bibliotheque-sfpe-at.com\/index.php\/2024\/05\/29\/le-passage-point-dinflexion-de-la-traversee\/","title":{"rendered":"Le passage point d\u2019inflexion de la travers\u00e9e"},"content":{"rendered":"\n<div class=\"wp-block-columns is-layout-flex wp-container-core-columns-is-layout-28f84493 wp-block-columns-is-layout-flex\">\n<div class=\"wp-block-column is-layout-flow wp-block-column-is-layout-flow\" style=\"flex-basis:66.66%\">\n<p>La travers\u00e9e n\u2019a rien d\u2019une banale promenade ni du voyage<br>ordinaire. Au d\u00e9placement dans l\u2019espace que toutes trois supposent dans leur d\u00e9finition prosa\u00efque, s\u2019adjoignent un surcro\u00eet<br>de s\u00e9rieux, une surcharge de p\u00e9ril que viennent ponctuer certains<br>moments forts et points de passage oblig\u00e9s auxquels une valeur<br>symbolique ou r\u00e9elle sp\u00e9cifique de la travers\u00e9e est attach\u00e9e.<br>Traverser, c\u2019est moins \u00ab se diriger vers \u00bb que \u00ab passer par \u00bb, si l\u2019on<br>se cantonne aux crit\u00e8res spatiaux, voire \u00ab passer pour \u00bb d\u00e8s qu\u2019un<br>objectif initial est fix\u00e9 ou qu\u2019une finalit\u00e9 esp\u00e9r\u00e9e, m\u00eame incertaine,<br>s\u2019entrevoit ou se r\u00eave. La balise, le col, le cap, la fronti\u00e8re, la porte,<br>le pont, le p\u00e9age, mat\u00e9rialisent entre autres ces points d\u2019inflexion<br>comme autant de marques d\u2019\u00e9tapes avec les changements d\u2019\u00e9tat,<br>de statut, de r\u00f4le, d\u2019impressions, de sentiments, d\u2019appartenance<br>qui leur font cort\u00e8ge. Le franchissement du point de passage, ses<br>servitudes ou pr\u00e9rogatives associ\u00e9es, offrent l\u2019opportunit\u00e9 d\u2019une<br>action concomitante qui va ins\u00e9rer de la densit\u00e9 et de la dur\u00e9e<br>dans l\u2019espace du passage. Au figur\u00e9, ce qui \u00e9tait spatial glisse progressivement du c\u00f4t\u00e9 temporel lorsque, comme le dit l\u2019inimitable<br>Tr\u00e9sor de la langue fran\u00e7aise, \u00ab l\u2019agent du proc\u00e8s est le temps ou<br>une fraction du temps. \u00bb<\/p>\n\n\n\n<p><strong><em>Pour lire le texte complet <a href=\"\/index.php\/options-dinscription\/\"><mark style=\"background-color:rgba(0, 0, 0, 0)\" class=\"has-inline-color has-vivid-cyan-blue-color\">s&rsquo;inscrire<\/mark><\/a> ou <a href=\"\/index.php\/my-account\/edit-account\/\"><mark style=\"background-color:rgba(0, 0, 0, 0)\" class=\"has-inline-color has-vivid-cyan-blue-color\">se connecter<\/mark><\/a><\/em><\/strong><\/p>\n\n\n\n\n\n<div style=\"height:100px\" aria-hidden=\"true\" class=\"wp-block-spacer\"><\/div>\n\n\n\n<div class=\"wp-block-buttons is-content-justification-center is-layout-flex wp-container-core-buttons-is-layout-a89b3969 wp-block-buttons-is-layout-flex\">\n<div class=\"wp-block-button has-custom-font-size has-small-font-size\"><a class=\"wp-block-button__link has-vivid-red-background-color has-background wp-element-button\" href=\"\/index.php\/2018\/10\/03\/traversees\/\">&lt;&#8211; retour<\/a><\/div>\n<\/div>\n<\/div>\n\n\n\n<div class=\"wp-block-column is-layout-flow wp-block-column-is-layout-flow\" style=\"flex-basis:33.33%\">\n<figure class=\"wp-block-table\"><table class=\"has-background\" style=\"background-color:#f8f2f2\"><thead><tr><th><mark class=\"has-inline-color has-vivid-red-color\" style=\"background-color: rgba(0, 0, 0, 0);\"><strong>Auteur<\/strong><\/mark><\/th><\/tr><\/thead><tbody><tr><td><strong>Jean-marie Barth\u00e9l\u00e9my<\/strong><\/td><\/tr><\/tbody><\/table><\/figure>\n\n\n\n<figure class=\"wp-block-table\"><table><thead><tr><th><mark class=\"has-inline-color has-vivid-red-color\" style=\"background-color: rgba(0, 0, 0, 0);\"><strong>R\u00e9f\u00e9rence<\/strong><\/mark><\/th><\/tr><\/thead><tbody><tr><td><strong>RA012-01<\/strong><br><strong>Travers\u00e9es<\/strong><br>Journ\u00e9es d&rsquo;Automne 2018<\/td><\/tr><\/tbody><\/table><\/figure>\n\n\n\n<figure class=\"wp-block-table\"><table><thead><tr><th><mark class=\"has-inline-color has-vivid-red-color\" style=\"background-color: rgba(0, 0, 0, 0);\"><strong>Cat\u00e9gories<\/strong><\/mark><\/th><\/tr><\/thead><tbody><tr><td>Ph\u00e9nom\u00e9nologie<br>Peinture<\/td><\/tr><\/tbody><\/table><\/figure>\n<\/div>\n<\/div>\n","protected":false},"excerpt":{"rendered":"<p>La travers\u00e9e n\u2019a rien d\u2019une banale promenade ni du voyageordinaire. Au d\u00e9placement dans l\u2019espace que toutes trois supposent dans leur d\u00e9finition prosa\u00efque, s\u2019adjoignent un surcro\u00eetde s\u00e9rieux, une surcharge de p\u00e9ril que viennent ponctuer certainsmoments forts et points de passage oblig\u00e9s auxquels une valeursymbolique ou r\u00e9elle sp\u00e9cifique de la travers\u00e9e est&hellip;<\/p>\n","protected":false},"author":2,"featured_media":0,"comment_status":"closed","ping_status":"open","sticky":false,"template":"","format":"standard","meta":{"pmpro_default_level":"","ngg_post_thumbnail":0,"footnotes":""},"categories":[31],"tags":[484,486,251,252],"class_list":["post-1319","post","type-post","status-publish","format-standard","hentry","category-barthelemy-jean-marie","tag-peinture","tag-phenomenologie","tag-ra012-01","tag-traversees","pmpro-has-access"],"_links":{"self":[{"href":"https:\/\/bibliotheque-sfpe-at.com\/index.php\/wp-json\/wp\/v2\/posts\/1319","targetHints":{"allow":["GET"]}}],"collection":[{"href":"https:\/\/bibliotheque-sfpe-at.com\/index.php\/wp-json\/wp\/v2\/posts"}],"about":[{"href":"https:\/\/bibliotheque-sfpe-at.com\/index.php\/wp-json\/wp\/v2\/types\/post"}],"author":[{"embeddable":true,"href":"https:\/\/bibliotheque-sfpe-at.com\/index.php\/wp-json\/wp\/v2\/users\/2"}],"replies":[{"embeddable":true,"href":"https:\/\/bibliotheque-sfpe-at.com\/index.php\/wp-json\/wp\/v2\/comments?post=1319"}],"version-history":[{"count":14,"href":"https:\/\/bibliotheque-sfpe-at.com\/index.php\/wp-json\/wp\/v2\/posts\/1319\/revisions"}],"predecessor-version":[{"id":4641,"href":"https:\/\/bibliotheque-sfpe-at.com\/index.php\/wp-json\/wp\/v2\/posts\/1319\/revisions\/4641"}],"wp:attachment":[{"href":"https:\/\/bibliotheque-sfpe-at.com\/index.php\/wp-json\/wp\/v2\/media?parent=1319"}],"wp:term":[{"taxonomy":"category","embeddable":true,"href":"https:\/\/bibliotheque-sfpe-at.com\/index.php\/wp-json\/wp\/v2\/categories?post=1319"},{"taxonomy":"post_tag","embeddable":true,"href":"https:\/\/bibliotheque-sfpe-at.com\/index.php\/wp-json\/wp\/v2\/tags?post=1319"}],"curies":[{"name":"wp","href":"https:\/\/api.w.org\/{rel}","templated":true}]}}