{"id":1322,"date":"2024-05-29T12:22:37","date_gmt":"2024-05-29T10:22:37","guid":{"rendered":"https:\/\/sfpe-at.com\/?p=1322"},"modified":"2025-03-24T18:49:53","modified_gmt":"2025-03-24T17:49:53","slug":"traverser-le-temps-de-linstant-a-la-perennite","status":"publish","type":"post","link":"https:\/\/bibliotheque-sfpe-at.com\/index.php\/2024\/05\/29\/traverser-le-temps-de-linstant-a-la-perennite\/","title":{"rendered":"Traverser le temps. De l\u2019instant \u00e0 la p\u00e9rennit\u00e9"},"content":{"rendered":"\n<div class=\"wp-block-columns is-layout-flex wp-container-core-columns-is-layout-28f84493 wp-block-columns-is-layout-flex\">\n<div class=\"wp-block-column is-layout-flow wp-block-column-is-layout-flow\" style=\"flex-basis:66.66%\">\n<p>Tout est travers\u00e9e depuis les origines jusqu\u2019aux temps les plus lointains, mais de quel temps s\u2019agit-il ? Celui de l\u2019instant ou celui de l\u2019\u00e9ternit\u00e9 ? Saisir le temps, c\u2019est comprendre qu\u2019il ne suspendra pas \u00ab son vol \u00bb : on ne peut en donner que des repr\u00e9sentations. Temps immobile ou temps de l\u2019action, temps mythologique, temps biblique, temps historique, temps social, temps artistique : tous ces temps ont marqu\u00e9 les artistes, leur \u00e9poque, leurs oeuvres. Au temps rapide de la cr\u00e9ation et de la fulgurance, succ\u00e8de le temps, plus long et subjectif de la contemplation. Le temps de l\u2019imaginaire peut alors s\u2019en emparer. La musique surgit d\u2019une nouvelle appropriation et transformation du temps. Les peintres ont aussi figur\u00e9 depuis toujours leurs relations au temps. Des peintures rupestres et populaires aux toiles des grands ma\u00eetres, toutes t\u00e9moignent du rapport de l\u2019homme \u00e0 la fuite du temps et \u00e0 la relativit\u00e9 de la trace. L\u2019architecture donne une image d\u2019\u00e9ternit\u00e9 avec les pyramides, les temples et les th\u00e9\u00e2tres de marbre blanc construits pour durer toujours. Le temps immobile de la contemplation heureuse s\u2019efface devant celui de l\u2019angoisse. Malraux d\u00e9finissait la culture comme l\u2019ensemble des formes qui r\u00e9sistent \u00e0 la mort. Contempler, ce n\u2019est pas coller aux seuls affects de l\u2019artiste, c\u2019est les conjuguer avec ses propres repr\u00e9sentations. L\u2019oeuvre ne survit \u00e0 l\u2019artiste que si elle est autre chose qu\u2019un objet fini. Elle acquiert par la contemplation d\u2019un tiers sa dimension d\u2019oeuvre d\u2019art qui permet de traverser la vie avec un plus de conscience sur la relativit\u00e9 des \u00e9v\u00e9nements, du temps et de l\u2019espace.<\/p>\n\n\n\n<p><strong><em>Pour lire le texte complet <a href=\"\/index.php\/options-dinscription\/\"><mark style=\"background-color:rgba(0, 0, 0, 0)\" class=\"has-inline-color has-vivid-cyan-blue-color\">s&rsquo;inscrire<\/mark><\/a> ou <a href=\"\/index.php\/my-account\/edit-account\/\"><mark style=\"background-color:rgba(0, 0, 0, 0)\" class=\"has-inline-color has-vivid-cyan-blue-color\">se connecter<\/mark><\/a><\/em><\/strong><\/p>\n\n\n\n\n\n<div style=\"height:100px\" aria-hidden=\"true\" class=\"wp-block-spacer\"><\/div>\n\n\n\n<div class=\"wp-block-buttons is-content-justification-center is-layout-flex wp-container-core-buttons-is-layout-a89b3969 wp-block-buttons-is-layout-flex\">\n<div class=\"wp-block-button has-custom-font-size has-small-font-size\"><a class=\"wp-block-button__link has-vivid-red-background-color has-background wp-element-button\" href=\"\/index.php\/2018\/10\/03\/traversees\/\">&lt;&#8211; retour<\/a><\/div>\n<\/div>\n<\/div>\n\n\n\n<div class=\"wp-block-column is-layout-flow wp-block-column-is-layout-flow\" style=\"flex-basis:33.33%\">\n<figure class=\"wp-block-table\"><table class=\"has-background\" style=\"background-color:#f8f2f2\"><thead><tr><th><mark class=\"has-inline-color has-vivid-red-color\" style=\"background-color: rgba(0, 0, 0, 0);\"><strong>Auteur<\/strong><\/mark><\/th><\/tr><\/thead><tbody><tr><td><strong>Luc Massardier<\/strong><\/td><\/tr><\/tbody><\/table><\/figure>\n\n\n\n<figure class=\"wp-block-table\"><table><thead><tr><th><mark class=\"has-inline-color has-vivid-red-color\" style=\"background-color: rgba(0, 0, 0, 0);\"><strong>R\u00e9f\u00e9rence<\/strong><\/mark><\/th><\/tr><\/thead><tbody><tr><td><strong>RA012-02<\/strong><br><strong>Travers\u00e9es<\/strong><br>Journ\u00e9es d&rsquo;Automne 2018<\/td><\/tr><\/tbody><\/table><\/figure>\n\n\n\n<figure class=\"wp-block-table\"><table><thead><tr><th><mark class=\"has-inline-color has-vivid-red-color\" style=\"background-color: rgba(0, 0, 0, 0);\"><strong>Cat\u00e9gories<\/strong><\/mark><\/th><\/tr><\/thead><tbody><tr><td>Art<br>Peinture<\/td><\/tr><\/tbody><\/table><\/figure>\n<\/div>\n<\/div>\n","protected":false},"excerpt":{"rendered":"<p>Tout est travers\u00e9e depuis les origines jusqu\u2019aux temps les plus lointains, mais de quel temps s\u2019agit-il ? Celui de l\u2019instant ou celui de l\u2019\u00e9ternit\u00e9 ? Saisir le temps, c\u2019est comprendre qu\u2019il ne suspendra pas \u00ab son vol \u00bb : on ne peut en donner que des repr\u00e9sentations. Temps immobile ou&hellip;<\/p>\n","protected":false},"author":2,"featured_media":0,"comment_status":"closed","ping_status":"open","sticky":false,"template":"","format":"standard","meta":{"pmpro_default_level":"","ngg_post_thumbnail":0,"footnotes":""},"categories":[48],"tags":[483,484,253,252],"class_list":["post-1322","post","type-post","status-publish","format-standard","hentry","category-massardier-luc","tag-art","tag-peinture","tag-ra012-02","tag-traversees","pmpro-has-access"],"_links":{"self":[{"href":"https:\/\/bibliotheque-sfpe-at.com\/index.php\/wp-json\/wp\/v2\/posts\/1322","targetHints":{"allow":["GET"]}}],"collection":[{"href":"https:\/\/bibliotheque-sfpe-at.com\/index.php\/wp-json\/wp\/v2\/posts"}],"about":[{"href":"https:\/\/bibliotheque-sfpe-at.com\/index.php\/wp-json\/wp\/v2\/types\/post"}],"author":[{"embeddable":true,"href":"https:\/\/bibliotheque-sfpe-at.com\/index.php\/wp-json\/wp\/v2\/users\/2"}],"replies":[{"embeddable":true,"href":"https:\/\/bibliotheque-sfpe-at.com\/index.php\/wp-json\/wp\/v2\/comments?post=1322"}],"version-history":[{"count":12,"href":"https:\/\/bibliotheque-sfpe-at.com\/index.php\/wp-json\/wp\/v2\/posts\/1322\/revisions"}],"predecessor-version":[{"id":4642,"href":"https:\/\/bibliotheque-sfpe-at.com\/index.php\/wp-json\/wp\/v2\/posts\/1322\/revisions\/4642"}],"wp:attachment":[{"href":"https:\/\/bibliotheque-sfpe-at.com\/index.php\/wp-json\/wp\/v2\/media?parent=1322"}],"wp:term":[{"taxonomy":"category","embeddable":true,"href":"https:\/\/bibliotheque-sfpe-at.com\/index.php\/wp-json\/wp\/v2\/categories?post=1322"},{"taxonomy":"post_tag","embeddable":true,"href":"https:\/\/bibliotheque-sfpe-at.com\/index.php\/wp-json\/wp\/v2\/tags?post=1322"}],"curies":[{"name":"wp","href":"https:\/\/api.w.org\/{rel}","templated":true}]}}