{"id":1326,"date":"2024-05-29T12:30:33","date_gmt":"2024-05-29T10:30:33","guid":{"rendered":"https:\/\/sfpe-at.com\/?p=1326"},"modified":"2025-03-24T18:53:40","modified_gmt":"2025-03-24T17:53:40","slug":"la-peinture-traverse-t-elle-les-apparences","status":"publish","type":"post","link":"https:\/\/bibliotheque-sfpe-at.com\/index.php\/2024\/05\/29\/la-peinture-traverse-t-elle-les-apparences\/","title":{"rendered":"La peinture traverse-t-elle les apparences"},"content":{"rendered":"\n<div class=\"wp-block-columns is-layout-flex wp-container-core-columns-is-layout-28f84493 wp-block-columns-is-layout-flex\">\n<div class=\"wp-block-column is-layout-flow wp-block-column-is-layout-flow\" style=\"flex-basis:66.66%\">\n<p><em>\u00ab Le monde de l\u2019art est un monde visible, rien que visible [\u2026] \u00bb<br>Merleau-Ponty, L\u2019OEil et l\u2019Esprit.<\/em><\/p>\n\n\n\n<p>Quand nous contemplons une oeuvre d\u2019art, avons-nous toujours conscience que c\u2019est avant tout d\u2019une rencontre avec les apparences qu\u2019il s\u2019agit ? Notre propos tentera de distinguer le pictural comme apparence : \u00ab comme l\u2019objet d\u2019une saisie d\u2019abord lib\u00e9r\u00e9e par un v\u00e9ritable refus de lire quoi que ce soit qui n\u2019est pas lui. \u00bb (Ren\u00e9 Passeron). Bref, la peinture en ce qu\u2019elle a d\u2019unique. Est-ce dire que d\u2019autres approches \u2014 celles des sciences humaines notamment \u2014 ne peuvent pas apporter leur contribution \u00e0 la compr\u00e9hension de l\u2019art ? Non pas. Mais le plaisir intellectuel, que certes elles appellent, est d\u2019une tout autre nature que l\u2019enchantement esth\u00e9tique. D\u2019o\u00f9 na\u00eet donc alors cette jubilation devant une oeuvre peinte ? Que nous dit \u00e0 ce sujet le monde des apparences ? Quel r\u00f4le joue ici la forme et quel d\u00e9sir comble-t-elle ? \u00c0 l\u2019aide de quelques oeuvres choisies et d\u2019\u00e9crits d\u2019artistes, nous montrerons qu\u2019il n\u2019y a pas dans la peinture de travers\u00e9e des apparences pour atteindre l\u2019essence de l\u2019oeuvre. Tout au contraire, le plaisir esth\u00e9tique s\u2019accomplit dans le visible, lieu m\u00eame du pictural. Un d\u00e9sir singulier en est la cause. Une id\u00e9e en ce sens sera envisag\u00e9e, celle d\u2019un amour du regard, de ce qui le ravit et, inversement, de ce dont il ne peut se satisfaire. Quelles pourraient \u00eatre enfin les cons\u00e9quences possibles de cette notion pour l\u2019art-th\u00e9rapie ?<\/p>\n\n\n\n<p><strong><em>Pour lire le texte complet <a href=\"\/index.php\/options-dinscription\/\"><mark style=\"background-color:rgba(0, 0, 0, 0)\" class=\"has-inline-color has-vivid-cyan-blue-color\">s&rsquo;inscrire<\/mark><\/a> ou <a href=\"\/index.php\/my-account\/edit-account\/\"><mark style=\"background-color:rgba(0, 0, 0, 0)\" class=\"has-inline-color has-vivid-cyan-blue-color\">se connecter<\/mark><\/a><\/em><\/strong><\/p>\n\n\n\n\n\n<div style=\"height:100px\" aria-hidden=\"true\" class=\"wp-block-spacer\"><\/div>\n\n\n\n<div class=\"wp-block-buttons is-content-justification-center is-layout-flex wp-container-core-buttons-is-layout-a89b3969 wp-block-buttons-is-layout-flex\">\n<div class=\"wp-block-button has-custom-font-size has-small-font-size\"><a class=\"wp-block-button__link has-vivid-red-background-color has-background wp-element-button\" href=\"\/index.php\/2018\/10\/03\/traversees\/\">&lt;&#8211; retour<\/a><\/div>\n<\/div>\n<\/div>\n\n\n\n<div class=\"wp-block-column is-layout-flow wp-block-column-is-layout-flow\" style=\"flex-basis:33.33%\">\n<figure class=\"wp-block-table\"><table class=\"has-background\" style=\"background-color:#f8f2f2\"><thead><tr><th><mark class=\"has-inline-color has-vivid-red-color\" style=\"background-color: rgba(0, 0, 0, 0);\"><strong>Auteur<\/strong><\/mark><\/th><\/tr><\/thead><tbody><tr><td><strong>G\u00e9rard Bout\u00e9<\/strong><\/td><\/tr><\/tbody><\/table><\/figure>\n\n\n\n<figure class=\"wp-block-table\"><table><thead><tr><th><mark class=\"has-inline-color has-vivid-red-color\" style=\"background-color: rgba(0, 0, 0, 0);\"><strong>R\u00e9f\u00e9rence<\/strong><\/mark><\/th><\/tr><\/thead><tbody><tr><td><strong>RA012-05<\/strong><br><strong>Travers\u00e9es<\/strong><br>Journ\u00e9es d&rsquo;Automne 2018<\/td><\/tr><\/tbody><\/table><\/figure>\n\n\n\n<figure class=\"wp-block-table\"><table><thead><tr><th><mark class=\"has-inline-color has-vivid-red-color\" style=\"background-color: rgba(0, 0, 0, 0);\"><strong>Cat\u00e9gories<\/strong><\/mark><\/th><\/tr><\/thead><tbody><tr><td>Esth\u00e9tique<br>Peinture<\/td><\/tr><\/tbody><\/table><\/figure>\n<\/div>\n<\/div>\n","protected":false},"excerpt":{"rendered":"<p>\u00ab Le monde de l\u2019art est un monde visible, rien que visible [\u2026] \u00bbMerleau-Ponty, L\u2019OEil et l\u2019Esprit. Quand nous contemplons une oeuvre d\u2019art, avons-nous toujours conscience que c\u2019est avant tout d\u2019une rencontre avec les apparences qu\u2019il s\u2019agit ? Notre propos tentera de distinguer le pictural comme apparence : \u00ab comme&hellip;<\/p>\n","protected":false},"author":2,"featured_media":0,"comment_status":"closed","ping_status":"open","sticky":false,"template":"","format":"standard","meta":{"pmpro_default_level":"","ngg_post_thumbnail":0,"footnotes":""},"categories":[68],"tags":[491,484,256,252],"class_list":["post-1326","post","type-post","status-publish","format-standard","hentry","category-boute-gerard","tag-esthetique","tag-peinture","tag-ra012-05","tag-traversees","pmpro-has-access"],"_links":{"self":[{"href":"https:\/\/bibliotheque-sfpe-at.com\/index.php\/wp-json\/wp\/v2\/posts\/1326","targetHints":{"allow":["GET"]}}],"collection":[{"href":"https:\/\/bibliotheque-sfpe-at.com\/index.php\/wp-json\/wp\/v2\/posts"}],"about":[{"href":"https:\/\/bibliotheque-sfpe-at.com\/index.php\/wp-json\/wp\/v2\/types\/post"}],"author":[{"embeddable":true,"href":"https:\/\/bibliotheque-sfpe-at.com\/index.php\/wp-json\/wp\/v2\/users\/2"}],"replies":[{"embeddable":true,"href":"https:\/\/bibliotheque-sfpe-at.com\/index.php\/wp-json\/wp\/v2\/comments?post=1326"}],"version-history":[{"count":9,"href":"https:\/\/bibliotheque-sfpe-at.com\/index.php\/wp-json\/wp\/v2\/posts\/1326\/revisions"}],"predecessor-version":[{"id":4645,"href":"https:\/\/bibliotheque-sfpe-at.com\/index.php\/wp-json\/wp\/v2\/posts\/1326\/revisions\/4645"}],"wp:attachment":[{"href":"https:\/\/bibliotheque-sfpe-at.com\/index.php\/wp-json\/wp\/v2\/media?parent=1326"}],"wp:term":[{"taxonomy":"category","embeddable":true,"href":"https:\/\/bibliotheque-sfpe-at.com\/index.php\/wp-json\/wp\/v2\/categories?post=1326"},{"taxonomy":"post_tag","embeddable":true,"href":"https:\/\/bibliotheque-sfpe-at.com\/index.php\/wp-json\/wp\/v2\/tags?post=1326"}],"curies":[{"name":"wp","href":"https:\/\/api.w.org\/{rel}","templated":true}]}}