{"id":1327,"date":"2024-05-29T12:26:50","date_gmt":"2024-05-29T10:26:50","guid":{"rendered":"https:\/\/sfpe-at.com\/?p=1327"},"modified":"2025-03-24T18:51:56","modified_gmt":"2025-03-24T17:51:56","slug":"un-cri-traverse-le-silence","status":"publish","type":"post","link":"https:\/\/bibliotheque-sfpe-at.com\/index.php\/2024\/05\/29\/un-cri-traverse-le-silence\/","title":{"rendered":"Un cri traverse le silence"},"content":{"rendered":"\n<div class=\"wp-block-columns is-layout-flex wp-container-core-columns-is-layout-28f84493 wp-block-columns-is-layout-flex\">\n<div class=\"wp-block-column is-layout-flow wp-block-column-is-layout-flow\" style=\"flex-basis:66.66%\">\n<p>Cri, un des tableaux les plus c\u00e9l\u00e8bres au monde, est l\u2019oeuvre embl\u00e9matique d\u2019un peintre tortur\u00e9, Edvard Munch, d\u2019une \u00e9poque tourment\u00e9e et d\u2019un courant artistique novateur. Cette ic\u00f4ne de l\u2019histoire de l\u2019art pressentant les apocalypses du XXe si\u00e8cle est le symbole de l\u2019angoisse existentielle. Construit lui-m\u00eame sur une dynamique de traverse, Cri traverse et fascine le spectateur car il le renvoie au plus profond de lui-m\u00eame, depuis le cri premier du nouveau-n\u00e9 jusqu\u2019au cri de d\u00e9sespoir de l\u2019adulte et de l\u2019artiste face \u00e0 la d\u00e9tresse ou aux d\u00e9chirements propres \u00e0 toute cr\u00e9ation. Ce cri \u00ab traversa la nature \u00bb dira Munch. Il transperce le silence tout en n\u2019\u00e9tant lui-m\u00eame que silence, silence assourdissant de l\u2019indiff\u00e9rence ou encore silence angoissant du cri impossible dans certains r\u00eaves. OEuvre expressionniste, le Cri de Munch a \u00e9t\u00e9 pouss\u00e9 sur un pont, travers\u00e9e de la vie \u00e0 la mort, du temporel au spirituel, du profane au sacr\u00e9, mais aussi lieu de vertige au-dessus du vide existentiel. Elle pr\u00e9c\u00e8de ainsi le mouvement r\u00e9volutionnaire artistique allemand Die Bru\u0308cke (Le Pont) qui a travers\u00e9 et uni pour le meilleur et pour le pire les deux derniers si\u00e8cles en permettant \u2014 ici \u00e0 travers le cri \u2014 d\u2019exprimer la d\u00e9formation des corps et par suite la laideur et la souffrance inh\u00e9rentes \u00e0 la condition humaine. Nous \u00e9voquerons aussi d\u2019autres cris effrayants qui ont travers\u00e9 diff\u00e9rentes formes d\u2019expression artistique : le Cri de la M\u00e9duse du Caravage, Pape Innocent X de Bacon, Le cri de Rodin, de Bourdelle, Tosca, Don Giovanni, Th\u00e9or\u00e8me, India Song.<\/p>\n\n\n\n<p><strong><em>Pour lire le texte complet <a href=\"\/index.php\/options-dinscription\/\"><mark style=\"background-color:rgba(0, 0, 0, 0)\" class=\"has-inline-color has-vivid-cyan-blue-color\">s&rsquo;inscrire<\/mark><\/a> ou <a href=\"\/index.php\/my-account\/edit-account\/\"><mark style=\"background-color:rgba(0, 0, 0, 0)\" class=\"has-inline-color has-vivid-cyan-blue-color\">se connecter<\/mark><\/a><\/em><\/strong><\/p>\n\n\n\n\n\n\n\n<div style=\"height:100px\" aria-hidden=\"true\" class=\"wp-block-spacer\"><\/div>\n\n\n\n<div class=\"wp-block-buttons is-content-justification-center is-layout-flex wp-container-core-buttons-is-layout-a89b3969 wp-block-buttons-is-layout-flex\">\n<div class=\"wp-block-button has-custom-font-size has-small-font-size\"><a class=\"wp-block-button__link has-vivid-red-background-color has-background wp-element-button\" href=\"\/index.php\/2018\/10\/03\/traversees\/\">&lt;&#8211; retour<\/a><\/div>\n<\/div>\n<\/div>\n\n\n\n<div class=\"wp-block-column is-layout-flow wp-block-column-is-layout-flow\" style=\"flex-basis:33.33%\">\n<figure class=\"wp-block-table\"><table class=\"has-background\" style=\"background-color:#f8f2f2\"><thead><tr><th><mark class=\"has-inline-color has-vivid-red-color\" style=\"background-color: rgba(0, 0, 0, 0);\"><strong>Auteur<\/strong><\/mark><\/th><\/tr><\/thead><tbody><tr><td><strong>Ghislaine Reillanne<\/strong><\/td><\/tr><\/tbody><\/table><\/figure>\n\n\n\n<figure class=\"wp-block-table\"><table><thead><tr><th><mark class=\"has-inline-color has-vivid-red-color\" style=\"background-color: rgba(0, 0, 0, 0);\"><strong>R\u00e9f\u00e9rence<\/strong><\/mark><\/th><\/tr><\/thead><tbody><tr><td><strong>RA012-04<\/strong><br><strong>Travers\u00e9es<\/strong><br>Journ\u00e9es d&rsquo;Automne 2018<\/td><\/tr><\/tbody><\/table><\/figure>\n\n\n\n<figure class=\"wp-block-table\"><table><thead><tr><th><mark class=\"has-inline-color has-vivid-red-color\" style=\"background-color: rgba(0, 0, 0, 0);\"><strong>Cat\u00e9gories<\/strong><\/mark><\/th><\/tr><\/thead><tbody><tr><td>Psychopathologie de l\u2019expression&nbsp;<br>Peinture<\/td><\/tr><\/tbody><\/table><\/figure>\n<\/div>\n<\/div>\n","protected":false},"excerpt":{"rendered":"<p>Cri, un des tableaux les plus c\u00e9l\u00e8bres au monde, est l\u2019oeuvre embl\u00e9matique d\u2019un peintre tortur\u00e9, Edvard Munch, d\u2019une \u00e9poque tourment\u00e9e et d\u2019un courant artistique novateur. Cette ic\u00f4ne de l\u2019histoire de l\u2019art pressentant les apocalypses du XXe si\u00e8cle est le symbole de l\u2019angoisse existentielle. Construit lui-m\u00eame sur une dynamique de traverse,&hellip;<\/p>\n","protected":false},"author":2,"featured_media":0,"comment_status":"closed","ping_status":"open","sticky":false,"template":"","format":"standard","meta":{"pmpro_default_level":"","ngg_post_thumbnail":0,"footnotes":""},"categories":[91],"tags":[484,488,255,252],"class_list":["post-1327","post","type-post","status-publish","format-standard","hentry","category-reillanne-ghislaine","tag-peinture","tag-psychopathologie-de-lexpression","tag-ra012-04","tag-traversees","pmpro-has-access"],"_links":{"self":[{"href":"https:\/\/bibliotheque-sfpe-at.com\/index.php\/wp-json\/wp\/v2\/posts\/1327","targetHints":{"allow":["GET"]}}],"collection":[{"href":"https:\/\/bibliotheque-sfpe-at.com\/index.php\/wp-json\/wp\/v2\/posts"}],"about":[{"href":"https:\/\/bibliotheque-sfpe-at.com\/index.php\/wp-json\/wp\/v2\/types\/post"}],"author":[{"embeddable":true,"href":"https:\/\/bibliotheque-sfpe-at.com\/index.php\/wp-json\/wp\/v2\/users\/2"}],"replies":[{"embeddable":true,"href":"https:\/\/bibliotheque-sfpe-at.com\/index.php\/wp-json\/wp\/v2\/comments?post=1327"}],"version-history":[{"count":10,"href":"https:\/\/bibliotheque-sfpe-at.com\/index.php\/wp-json\/wp\/v2\/posts\/1327\/revisions"}],"predecessor-version":[{"id":4644,"href":"https:\/\/bibliotheque-sfpe-at.com\/index.php\/wp-json\/wp\/v2\/posts\/1327\/revisions\/4644"}],"wp:attachment":[{"href":"https:\/\/bibliotheque-sfpe-at.com\/index.php\/wp-json\/wp\/v2\/media?parent=1327"}],"wp:term":[{"taxonomy":"category","embeddable":true,"href":"https:\/\/bibliotheque-sfpe-at.com\/index.php\/wp-json\/wp\/v2\/categories?post=1327"},{"taxonomy":"post_tag","embeddable":true,"href":"https:\/\/bibliotheque-sfpe-at.com\/index.php\/wp-json\/wp\/v2\/tags?post=1327"}],"curies":[{"name":"wp","href":"https:\/\/api.w.org\/{rel}","templated":true}]}}