{"id":1330,"date":"2024-05-29T12:33:27","date_gmt":"2024-05-29T10:33:27","guid":{"rendered":"https:\/\/sfpe-at.com\/?p=1330"},"modified":"2025-03-24T18:54:24","modified_gmt":"2025-03-24T17:54:24","slug":"traversee-de-lintention-a-loeuvre","status":"publish","type":"post","link":"https:\/\/bibliotheque-sfpe-at.com\/index.php\/2024\/05\/29\/traversee-de-lintention-a-loeuvre\/","title":{"rendered":"Travers\u00e9e\u00a0: De l&rsquo;intention \u00e0 l&rsquo;\u0153uvre"},"content":{"rendered":"\n<div class=\"wp-block-columns is-layout-flex wp-container-core-columns-is-layout-28f84493 wp-block-columns-is-layout-flex\">\n<div class=\"wp-block-column is-layout-flow wp-block-column-is-layout-flow\" style=\"flex-basis:66.66%\">\n<p>Que ce soit l\u2019artiste Fabienne Verdier ou Aur\u00e9lia, femme \u00e0 l\u2019enfance bless\u00e9e, toutes deux sont travers\u00e9es par une qu\u00eate. Elles sortent d\u2019un \u00e9tat : l\u2019une quitte l\u2019Occident pour aller apprendre l\u2019unique trait de pinceau chez les ma\u00eetres chinois ; l\u2019autre aspire \u00e0 sa f\u00e9minit\u00e9 encore endormie. Quitter, la travers\u00e9e est longue et s\u2019\u00e9prouve par l\u2019\u00e9cart que provoque l\u2019\u00e9loignement. Les obstacles qui jalonnent leurs parcours ne les d\u00e9vient pas, car Fabienne Verdier tout autant qu\u2019Aur\u00e9lia ont en commun de suivre leur intention. Seulement de quelle intention s\u2019agit-il ? Leurs pratiques artistique et art-th\u00e9rapeutique ne peuvent r\u00e9duire cette derni\u00e8re \u00e0 un dessein, une d\u00e9termination qui \u00e9toufferait leur qu\u00eate dans une id\u00e9e pr\u00e9d\u00e9finie sans v\u00e9cu. En traversant la grande toile de son corps, Fabienne Verdier apprend \u00e0 d\u00e9sapprendre ; en traversant la feuille de papier de sa main, Aur\u00e9lia se s\u00e9pare de ses conditionnements infantiles. Elles sont l\u00e0, \u00e0 la recherche du plaisir esth\u00e9tique et \u00e9thique, o\u00f9 le beau est du bon qui fait du bien. L\u2019oeuvre d\u2019art alors appara\u00eet, en son trait, en sa forme, \u00e0 travers l\u2019exp\u00e9rience du sublime. Fragile, \u00e9ph\u00e9m\u00e8re, vivant le temps de l\u2019instant, comme la fleur qui \u00e9clot de son bourgeon, elle est une travers\u00e9e qui fait na\u00eetre au monde l\u2019innocence d\u2019un soi.&nbsp;<\/p>\n\n\n\n<p><strong><em>Pour lire le texte complet <a href=\"\/index.php\/options-dinscription\/\"><mark style=\"background-color:rgba(0, 0, 0, 0)\" class=\"has-inline-color has-vivid-cyan-blue-color\">s&rsquo;inscrire<\/mark><\/a> ou <a href=\"\/index.php\/my-account\/edit-account\/\"><mark style=\"background-color:rgba(0, 0, 0, 0)\" class=\"has-inline-color has-vivid-cyan-blue-color\">se connecter<\/mark><\/a><\/em><\/strong><\/p>\n\n\n\n\n\n<div style=\"height:100px\" aria-hidden=\"true\" class=\"wp-block-spacer\"><\/div>\n\n\n\n<div class=\"wp-block-buttons is-content-justification-center is-layout-flex wp-container-core-buttons-is-layout-a89b3969 wp-block-buttons-is-layout-flex\">\n<div class=\"wp-block-button has-custom-font-size has-small-font-size\"><a class=\"wp-block-button__link has-vivid-red-background-color has-background wp-element-button\" href=\"\/index.php\/2018\/10\/03\/traversees\/\">&lt;&#8211; retour<\/a><\/div>\n<\/div>\n<\/div>\n\n\n\n<div class=\"wp-block-column is-layout-flow wp-block-column-is-layout-flow\" style=\"flex-basis:33.33%\">\n<figure class=\"wp-block-table\"><table class=\"has-background\" style=\"background-color:#f8f2f2\"><thead><tr><th><mark class=\"has-inline-color has-vivid-red-color\" style=\"background-color: rgba(0, 0, 0, 0);\"><strong>Auteur<\/strong><\/mark><\/th><\/tr><\/thead><tbody><tr><td><strong>Carole Madelaine-Dupuich<\/strong><\/td><\/tr><\/tbody><\/table><\/figure>\n\n\n\n<figure class=\"wp-block-table\"><table><thead><tr><th><mark class=\"has-inline-color has-vivid-red-color\" style=\"background-color: rgba(0, 0, 0, 0);\"><strong>R\u00e9f\u00e9rence<\/strong><\/mark><\/th><\/tr><\/thead><tbody><tr><td><strong>RA012-06<\/strong><br><strong>Travers\u00e9es<\/strong><br>Journ\u00e9es d&rsquo;Automne 2018<\/td><\/tr><\/tbody><\/table><\/figure>\n\n\n\n<figure class=\"wp-block-table\"><table><thead><tr><th><mark class=\"has-inline-color has-vivid-red-color\" style=\"background-color: rgba(0, 0, 0, 0);\"><strong>Cat\u00e9gories<\/strong><\/mark><\/th><\/tr><\/thead><tbody><tr><td>Art-th\u00e9rapie<br>Peinture<br>Cas clinique<\/td><\/tr><\/tbody><\/table><\/figure>\n<\/div>\n<\/div>\n","protected":false},"excerpt":{"rendered":"<p>Que ce soit l\u2019artiste Fabienne Verdier ou Aur\u00e9lia, femme \u00e0 l\u2019enfance bless\u00e9e, toutes deux sont travers\u00e9es par une qu\u00eate. Elles sortent d\u2019un \u00e9tat : l\u2019une quitte l\u2019Occident pour aller apprendre l\u2019unique trait de pinceau chez les ma\u00eetres chinois ; l\u2019autre aspire \u00e0 sa f\u00e9minit\u00e9 encore endormie. Quitter, la travers\u00e9e est&hellip;<\/p>\n","protected":false},"author":2,"featured_media":0,"comment_status":"closed","ping_status":"open","sticky":false,"template":"","format":"standard","meta":{"pmpro_default_level":"","ngg_post_thumbnail":0,"footnotes":""},"categories":[191],"tags":[492,493,484,257,252],"class_list":["post-1330","post","type-post","status-publish","format-standard","hentry","category-madelaine-dupuich-carole","tag-art-therapie","tag-cas-clinique","tag-peinture","tag-ra012-06","tag-traversees","pmpro-has-access"],"_links":{"self":[{"href":"https:\/\/bibliotheque-sfpe-at.com\/index.php\/wp-json\/wp\/v2\/posts\/1330","targetHints":{"allow":["GET"]}}],"collection":[{"href":"https:\/\/bibliotheque-sfpe-at.com\/index.php\/wp-json\/wp\/v2\/posts"}],"about":[{"href":"https:\/\/bibliotheque-sfpe-at.com\/index.php\/wp-json\/wp\/v2\/types\/post"}],"author":[{"embeddable":true,"href":"https:\/\/bibliotheque-sfpe-at.com\/index.php\/wp-json\/wp\/v2\/users\/2"}],"replies":[{"embeddable":true,"href":"https:\/\/bibliotheque-sfpe-at.com\/index.php\/wp-json\/wp\/v2\/comments?post=1330"}],"version-history":[{"count":8,"href":"https:\/\/bibliotheque-sfpe-at.com\/index.php\/wp-json\/wp\/v2\/posts\/1330\/revisions"}],"predecessor-version":[{"id":4646,"href":"https:\/\/bibliotheque-sfpe-at.com\/index.php\/wp-json\/wp\/v2\/posts\/1330\/revisions\/4646"}],"wp:attachment":[{"href":"https:\/\/bibliotheque-sfpe-at.com\/index.php\/wp-json\/wp\/v2\/media?parent=1330"}],"wp:term":[{"taxonomy":"category","embeddable":true,"href":"https:\/\/bibliotheque-sfpe-at.com\/index.php\/wp-json\/wp\/v2\/categories?post=1330"},{"taxonomy":"post_tag","embeddable":true,"href":"https:\/\/bibliotheque-sfpe-at.com\/index.php\/wp-json\/wp\/v2\/tags?post=1330"}],"curies":[{"name":"wp","href":"https:\/\/api.w.org\/{rel}","templated":true}]}}