{"id":1335,"date":"2024-05-29T12:46:37","date_gmt":"2024-05-29T10:46:37","guid":{"rendered":"https:\/\/sfpe-at.com\/?p=1335"},"modified":"2025-03-24T18:56:53","modified_gmt":"2025-03-24T17:56:53","slug":"chambre-n-6-une-traversee","status":"publish","type":"post","link":"https:\/\/bibliotheque-sfpe-at.com\/index.php\/2024\/05\/29\/chambre-n-6-une-traversee\/","title":{"rendered":"Chambre n\u00b0 6, une travers\u00e9e"},"content":{"rendered":"\n<div class=\"wp-block-columns is-layout-flex wp-container-core-columns-is-layout-28f84493 wp-block-columns-is-layout-flex\">\n<div class=\"wp-block-column is-layout-flow wp-block-column-is-layout-flow\" style=\"flex-basis:66.66%\">\n<p>Il \u00e9tait une fois\u2026 C\u2019est ainsi que pourrait commencer le t\u00e9moignage de ma travers\u00e9e de la maladie, les premiers mots d\u2019un conte et ce qui constitue ce type de r\u00e9cit, la dimension initiatique pr\u00e9voyant \u00e9preuves, perte du chemin, exp\u00e9rience de la peur, mais aussi alli\u00e9s sur la route et r\u00e9v\u00e9lation. Comme Dante au seuil de son Inferno, Virginia Woolf sur le divan de la d\u00e9pression, Nietzsche toute sa vie. Ce voyage en chambre a dur\u00e9 neuf mois, le temps d\u2019une gestation, le temps d\u2019une renaissance. Ma perspective n\u2019est pas clinique, mais ax\u00e9e sur les effets de la maladie, des changements qu\u2019elle induit dans le rapport aux autres, au monde et sur l\u2019\u00eatre tout entier. Il y a un avant et un apr\u00e8s la maladie. Suspension du temps, abolition de l\u2019espace ont caract\u00e9ris\u00e9 ces mois hors champ, sans acc\u00e8s \u00e0 la sc\u00e8ne o\u00f9 se joue la vie, sans capacit\u00e9 de mouvement. D\u00e9pendante, priv\u00e9e de parole, ne pouvant ni communiquer ni influer sur ce qui se passait autour de moi, assign\u00e9e \u00e0 r\u00e9sidence int\u00e9rieure, immobile, j\u2019ai explor\u00e9, dans cet \u00e9tat second, la chambre blanche de l\u2019h\u00f4pital \u00e0 laquelle se r\u00e9duisait le monde et la chambre noire qui abritait ce qui restait de moi, ce lieu o\u00f9 tout se d\u00e9cide, \u00e0 notre insu croyons-nous. Comment l\u2019\u00eatre en exil s\u2019est m\u00e9tamorphos\u00e9, se d\u00e9masquant, pour se hisser vers la vie, une autre vie, voil\u00e0 ce que je souhaite partager avec vous. Et en chemin vers cet autre moi, ce moi autre, la part de l\u2019imaginaire.<\/p>\n\n\n\n<p><strong><em>Pour lire le texte complet <a href=\"\/index.php\/options-dinscription\/\"><mark style=\"background-color:rgba(0, 0, 0, 0)\" class=\"has-inline-color has-vivid-cyan-blue-color\">s&rsquo;inscrire<\/mark><\/a> ou <a href=\"\/index.php\/my-account\/edit-account\/\"><mark style=\"background-color:rgba(0, 0, 0, 0)\" class=\"has-inline-color has-vivid-cyan-blue-color\">se connecter<\/mark><\/a><\/em><\/strong><\/p>\n\n\n\n\n\n<div style=\"height:100px\" aria-hidden=\"true\" class=\"wp-block-spacer\"><\/div>\n\n\n\n<div class=\"wp-block-buttons is-content-justification-center is-layout-flex wp-container-core-buttons-is-layout-a89b3969 wp-block-buttons-is-layout-flex\">\n<div class=\"wp-block-button has-custom-font-size has-small-font-size\"><a class=\"wp-block-button__link has-vivid-red-background-color has-background wp-element-button\" href=\"\/index.php\/2018\/10\/03\/traversees\/\">&lt;&#8211; retour<\/a><\/div>\n<\/div>\n<\/div>\n\n\n\n<div class=\"wp-block-column is-layout-flow wp-block-column-is-layout-flow\" style=\"flex-basis:33.33%\">\n<figure class=\"wp-block-table\"><table class=\"has-background\" style=\"background-color:#f8f2f2\"><thead><tr><th><mark class=\"has-inline-color has-vivid-red-color\" style=\"background-color: rgba(0, 0, 0, 0);\"><strong>Auteur<\/strong><\/mark><\/th><\/tr><\/thead><tbody><tr><td><strong>Marie Sicard<\/strong><\/td><\/tr><\/tbody><\/table><\/figure>\n\n\n\n<figure class=\"wp-block-table\"><table><thead><tr><th><mark class=\"has-inline-color has-vivid-red-color\" style=\"background-color: rgba(0, 0, 0, 0);\"><strong>R\u00e9f\u00e9rence<\/strong><\/mark><\/th><\/tr><\/thead><tbody><tr><td><strong>RA012-09<\/strong><br><strong>Travers\u00e9es<\/strong><br>Journ\u00e9es d&rsquo;Automne 2018<\/td><\/tr><\/tbody><\/table><\/figure>\n\n\n\n<figure class=\"wp-block-table\"><table><thead><tr><th><mark class=\"has-inline-color has-vivid-red-color\" style=\"background-color: rgba(0, 0, 0, 0);\"><strong>Cat\u00e9gories<\/strong><\/mark><\/th><\/tr><\/thead><tbody><tr><td>Ph\u00e9nom\u00e9nologie<br>Cas clinique<\/td><\/tr><\/tbody><\/table><\/figure>\n<\/div>\n<\/div>\n","protected":false},"excerpt":{"rendered":"<p>Il \u00e9tait une fois\u2026 C\u2019est ainsi que pourrait commencer le t\u00e9moignage de ma travers\u00e9e de la maladie, les premiers mots d\u2019un conte et ce qui constitue ce type de r\u00e9cit, la dimension initiatique pr\u00e9voyant \u00e9preuves, perte du chemin, exp\u00e9rience de la peur, mais aussi alli\u00e9s sur la route et r\u00e9v\u00e9lation.&hellip;<\/p>\n","protected":false},"author":2,"featured_media":0,"comment_status":"closed","ping_status":"open","sticky":false,"template":"","format":"standard","meta":{"pmpro_default_level":"","ngg_post_thumbnail":0,"footnotes":""},"categories":[260],"tags":[493,486,259,252],"class_list":["post-1335","post","type-post","status-publish","format-standard","hentry","category-sicard-marie","tag-cas-clinique","tag-phenomenologie","tag-ra012-09","tag-traversees","pmpro-has-access"],"_links":{"self":[{"href":"https:\/\/bibliotheque-sfpe-at.com\/index.php\/wp-json\/wp\/v2\/posts\/1335","targetHints":{"allow":["GET"]}}],"collection":[{"href":"https:\/\/bibliotheque-sfpe-at.com\/index.php\/wp-json\/wp\/v2\/posts"}],"about":[{"href":"https:\/\/bibliotheque-sfpe-at.com\/index.php\/wp-json\/wp\/v2\/types\/post"}],"author":[{"embeddable":true,"href":"https:\/\/bibliotheque-sfpe-at.com\/index.php\/wp-json\/wp\/v2\/users\/2"}],"replies":[{"embeddable":true,"href":"https:\/\/bibliotheque-sfpe-at.com\/index.php\/wp-json\/wp\/v2\/comments?post=1335"}],"version-history":[{"count":9,"href":"https:\/\/bibliotheque-sfpe-at.com\/index.php\/wp-json\/wp\/v2\/posts\/1335\/revisions"}],"predecessor-version":[{"id":4649,"href":"https:\/\/bibliotheque-sfpe-at.com\/index.php\/wp-json\/wp\/v2\/posts\/1335\/revisions\/4649"}],"wp:attachment":[{"href":"https:\/\/bibliotheque-sfpe-at.com\/index.php\/wp-json\/wp\/v2\/media?parent=1335"}],"wp:term":[{"taxonomy":"category","embeddable":true,"href":"https:\/\/bibliotheque-sfpe-at.com\/index.php\/wp-json\/wp\/v2\/categories?post=1335"},{"taxonomy":"post_tag","embeddable":true,"href":"https:\/\/bibliotheque-sfpe-at.com\/index.php\/wp-json\/wp\/v2\/tags?post=1335"}],"curies":[{"name":"wp","href":"https:\/\/api.w.org\/{rel}","templated":true}]}}