{"id":1343,"date":"2024-05-29T12:56:04","date_gmt":"2024-05-29T10:56:04","guid":{"rendered":"https:\/\/sfpe-at.com\/?p=1343"},"modified":"2025-03-24T19:00:07","modified_gmt":"2025-03-24T18:00:07","slug":"un-passage-dans-le-mur-du-symptome","status":"publish","type":"post","link":"https:\/\/bibliotheque-sfpe-at.com\/index.php\/2024\/05\/29\/un-passage-dans-le-mur-du-symptome\/","title":{"rendered":"Un passage dans le mur du sympt\u00f4me"},"content":{"rendered":"\n<div class=\"wp-block-columns is-layout-flex wp-container-core-columns-is-layout-28f84493 wp-block-columns-is-layout-flex\">\n<div class=\"wp-block-column is-layout-flow wp-block-column-is-layout-flow\" style=\"flex-basis:66.66%\">\n<p>Adrien Martias est n\u00e9 en 1901 \u00e0 Terre-de-Bas, une petite \u00eele de Guadeloupe. Pendant dix ans, il traverse les mers sur un voilier comme matelot non sp\u00e9cialis\u00e9. Il ne le sait pas, mais sa travers\u00e9e de 1929 sera sans retour. Pi\u00e9g\u00e9 au Havre par la crise de 1929 qui le prive de son emploi, il y devient errant, vit d\u2019exp\u00e9dients et s\u2019alcoolise. Hospitalis\u00e9 en urgence pour un \u00e9tat d\u2019agitation d\u2019abord attribu\u00e9 \u00e0 l\u2019alcool en 1932, il ne r\u00e9cup\u00e8re pas et s\u2019enfonce dans la confusion. Sa dangerosit\u00e9 est particuli\u00e8rement redout\u00e9e car il est d\u2019une force exceptionnelle. Et sa souplesse, doubl\u00e9e de sa grande taille, se moque des cl\u00f4tures qu\u2019il franchit sans cesse. Un passe-muraille que rien ne retient \u2013 sauf la police qui le ram\u00e8ne \u00e0 l\u2019h\u00f4pital, \u00e0 Sottevillel\u00e8s- Rouen. Un jour de 1938, brusquement, de fa\u00e7on compl\u00e8tement impr\u00e9visible, il change de m\u00e9thode. Une fourchette qu\u2019il a cass\u00e9e lui en est l\u2019occasion. Le mur, cette fois, il ne le saute pas, il le creuse. Patiemment. Que se passe-t-il pendant ce temps qu\u2019il se donne ? Il d\u00e9couvre l\u2019\u00e9mergence des formes \u2014 et se d\u00e9couvre sculpteur ! Et pendant les cinq ann\u00e9es suivantes, calme, apais\u00e9, il sculpte une immense frise tout autour de lui, sur le mur o\u00f9 il ouvre un nouvel espace, pour une autre travers\u00e9e. Jusqu\u2019\u00e0 ce que le mur se referme sur lui qui meurt de faim en 1943 \u2014 comme quarante mille malades mentaux en France.<\/p>\n\n\n\n<p><strong><em>Pour lire le texte complet <a href=\"\/index.php\/options-dinscription\/\"><mark style=\"background-color:rgba(0, 0, 0, 0)\" class=\"has-inline-color has-vivid-cyan-blue-color\">s&rsquo;inscrire<\/mark><\/a> ou <a href=\"\/index.php\/my-account\/edit-account\/\"><mark style=\"background-color:rgba(0, 0, 0, 0)\" class=\"has-inline-color has-vivid-cyan-blue-color\">se connecter<\/mark><\/a><\/em><\/strong><\/p>\n\n\n\n\n\n<div style=\"height:100px\" aria-hidden=\"true\" class=\"wp-block-spacer\"><\/div>\n\n\n\n<div class=\"wp-block-buttons is-content-justification-center is-layout-flex wp-container-core-buttons-is-layout-a89b3969 wp-block-buttons-is-layout-flex\">\n<div class=\"wp-block-button has-custom-font-size has-small-font-size\"><a class=\"wp-block-button__link has-vivid-red-background-color has-background wp-element-button\" href=\"\/index.php\/2018\/10\/03\/traversees\/\">&lt;&#8211; retour<\/a><\/div>\n<\/div>\n<\/div>\n\n\n\n<div class=\"wp-block-column is-layout-flow wp-block-column-is-layout-flow\" style=\"flex-basis:33.33%\">\n<figure class=\"wp-block-table\"><table class=\"has-background\" style=\"background-color:#f8f2f2\"><thead><tr><th><mark class=\"has-inline-color has-vivid-red-color\" style=\"background-color: rgba(0, 0, 0, 0);\"><strong>Auteur<\/strong><\/mark><\/th><\/tr><\/thead><tbody><tr><td><strong>B\u00e9atrice Chemama-Steiner<\/strong><\/td><\/tr><\/tbody><\/table><\/figure>\n\n\n\n<figure class=\"wp-block-table\"><table><thead><tr><th><mark class=\"has-inline-color has-vivid-red-color\" style=\"background-color: rgba(0, 0, 0, 0);\"><strong>R\u00e9f\u00e9rence<\/strong><\/mark><\/th><\/tr><\/thead><tbody><tr><td><strong>RA012-13<\/strong><br><strong>Travers\u00e9es<\/strong><br>Journ\u00e9es d&rsquo;Automne 2018<\/td><\/tr><\/tbody><\/table><\/figure>\n\n\n\n<figure class=\"wp-block-table\"><table><thead><tr><th><mark class=\"has-inline-color has-vivid-red-color\" style=\"background-color: rgba(0, 0, 0, 0);\"><strong>Cat\u00e9gories<\/strong><\/mark><\/th><\/tr><\/thead><tbody><tr><td>Psychopathologie de l\u2019expression<br>Sculpture<br>Cas clinique<\/td><\/tr><\/tbody><\/table><\/figure>\n<\/div>\n<\/div>\n","protected":false},"excerpt":{"rendered":"<p>Adrien Martias est n\u00e9 en 1901 \u00e0 Terre-de-Bas, une petite \u00eele de Guadeloupe. Pendant dix ans, il traverse les mers sur un voilier comme matelot non sp\u00e9cialis\u00e9. Il ne le sait pas, mais sa travers\u00e9e de 1929 sera sans retour. Pi\u00e9g\u00e9 au Havre par la crise de 1929 qui le&hellip;<\/p>\n","protected":false},"author":2,"featured_media":0,"comment_status":"closed","ping_status":"open","sticky":false,"template":"","format":"standard","meta":{"pmpro_default_level":"","ngg_post_thumbnail":0,"footnotes":""},"categories":[54],"tags":[493,488,264,495,252],"class_list":["post-1343","post","type-post","status-publish","format-standard","hentry","category-chemama-steiner-beatrice","tag-cas-clinique","tag-psychopathologie-de-lexpression","tag-ra012-13","tag-sculpture","tag-traversees","pmpro-has-access"],"_links":{"self":[{"href":"https:\/\/bibliotheque-sfpe-at.com\/index.php\/wp-json\/wp\/v2\/posts\/1343","targetHints":{"allow":["GET"]}}],"collection":[{"href":"https:\/\/bibliotheque-sfpe-at.com\/index.php\/wp-json\/wp\/v2\/posts"}],"about":[{"href":"https:\/\/bibliotheque-sfpe-at.com\/index.php\/wp-json\/wp\/v2\/types\/post"}],"author":[{"embeddable":true,"href":"https:\/\/bibliotheque-sfpe-at.com\/index.php\/wp-json\/wp\/v2\/users\/2"}],"replies":[{"embeddable":true,"href":"https:\/\/bibliotheque-sfpe-at.com\/index.php\/wp-json\/wp\/v2\/comments?post=1343"}],"version-history":[{"count":5,"href":"https:\/\/bibliotheque-sfpe-at.com\/index.php\/wp-json\/wp\/v2\/posts\/1343\/revisions"}],"predecessor-version":[{"id":4653,"href":"https:\/\/bibliotheque-sfpe-at.com\/index.php\/wp-json\/wp\/v2\/posts\/1343\/revisions\/4653"}],"wp:attachment":[{"href":"https:\/\/bibliotheque-sfpe-at.com\/index.php\/wp-json\/wp\/v2\/media?parent=1343"}],"wp:term":[{"taxonomy":"category","embeddable":true,"href":"https:\/\/bibliotheque-sfpe-at.com\/index.php\/wp-json\/wp\/v2\/categories?post=1343"},{"taxonomy":"post_tag","embeddable":true,"href":"https:\/\/bibliotheque-sfpe-at.com\/index.php\/wp-json\/wp\/v2\/tags?post=1343"}],"curies":[{"name":"wp","href":"https:\/\/api.w.org\/{rel}","templated":true}]}}