{"id":1345,"date":"2024-05-29T12:58:38","date_gmt":"2024-05-29T10:58:38","guid":{"rendered":"https:\/\/sfpe-at.com\/?p=1345"},"modified":"2025-03-24T19:00:57","modified_gmt":"2025-03-24T18:00:57","slug":"emygdio-traversee-de-lespace-interieur","status":"publish","type":"post","link":"https:\/\/bibliotheque-sfpe-at.com\/index.php\/2024\/05\/29\/emygdio-traversee-de-lespace-interieur\/","title":{"rendered":"Emygdio, travers\u00e9e de l&rsquo;espace int\u00e9rieur"},"content":{"rendered":"\n<div class=\"wp-block-columns is-layout-flex wp-container-core-columns-is-layout-28f84493 wp-block-columns-is-layout-flex\">\n<div class=\"wp-block-column is-layout-flow wp-block-column-is-layout-flow\" style=\"flex-basis:66.66%\">\n<p>Emygdio \u00e9tait un des patients intern\u00e9s \u00e0 l\u00b4h\u00f4pital Pedro Segundo \u00e0 Rio de Janeiro, qui fr\u00e9quentait le service de th\u00e9rapie occupationnelle dirig\u00e9 par Mme le docteur Nise da Silveira depuis 1946. Notre \u00e9tude des images produites par Emygdio montrera comment des \u00e9l\u00e9ments de son histoire traversent son expression picturale spontan\u00e9e. Ses oeuvres saisissantes ont ensuite elles-m\u00eames travers\u00e9 les murs de l\u2019h\u00f4pital car Emygdio est un des principaux artistes du Mus\u00e9e des images de l\u00b4inconscient \u00e0 Rio de Janeiro. Il a produit une grande s\u00e9rie de peintures durant les presque cinquante ann\u00e9es de son internement. Le Dr Nise Da Silveira a \u00e9tudi\u00e9 le parcours par lequel Emygdio organise son espace interne et sa relation avec le monde. Je pense que le travail de Nise da Silveira est d\u2019une grande importance pour tous ceux qui sont captiv\u00e9s par la force de ces productions spontan\u00e9es. Elle a d\u00e9di\u00e9 sa vie \u00e0 cette recherche et il est temps que son travail soit mieux connu hors du Br\u00e9sil.<\/p>\n\n\n\n<p><strong><em>Pour lire le texte complet <a href=\"\/index.php\/options-dinscription\/\"><mark style=\"background-color:rgba(0, 0, 0, 0)\" class=\"has-inline-color has-vivid-cyan-blue-color\">s&rsquo;inscrire<\/mark><\/a> ou <a href=\"\/index.php\/my-account\/edit-account\/\"><mark style=\"background-color:rgba(0, 0, 0, 0)\" class=\"has-inline-color has-vivid-cyan-blue-color\">se connecter<\/mark><\/a><\/em><\/strong><\/p>\n\n\n\n\n\n<div style=\"height:100px\" aria-hidden=\"true\" class=\"wp-block-spacer\"><\/div>\n\n\n\n<div class=\"wp-block-buttons is-content-justification-center is-layout-flex wp-container-core-buttons-is-layout-a89b3969 wp-block-buttons-is-layout-flex\">\n<div class=\"wp-block-button has-custom-font-size has-small-font-size\"><a class=\"wp-block-button__link has-vivid-red-background-color has-background wp-element-button\" href=\"\/index.php\/2018\/10\/03\/traversees\/\">&lt;&#8211; retour<\/a><\/div>\n<\/div>\n<\/div>\n\n\n\n<div class=\"wp-block-column is-layout-flow wp-block-column-is-layout-flow\" style=\"flex-basis:33.33%\">\n<figure class=\"wp-block-table\"><table class=\"has-background\" style=\"background-color:#f8f2f2\"><thead><tr><th><mark class=\"has-inline-color has-vivid-red-color\" style=\"background-color: rgba(0, 0, 0, 0);\"><strong>Auteur<\/strong><\/mark><\/th><\/tr><\/thead><tbody><tr><td><strong>Jean-Pierre Muller Hargreaves<\/strong><\/td><\/tr><\/tbody><\/table><\/figure>\n\n\n\n<figure class=\"wp-block-table\"><table><thead><tr><th><mark class=\"has-inline-color has-vivid-red-color\" style=\"background-color: rgba(0, 0, 0, 0);\"><strong>R\u00e9f\u00e9rence<\/strong><\/mark><\/th><\/tr><\/thead><tbody><tr><td><strong>RA012-14<\/strong><br><strong>Travers\u00e9es<\/strong><br>Journ\u00e9es d&rsquo;Automne 2018<\/td><\/tr><\/tbody><\/table><\/figure>\n\n\n\n<figure class=\"wp-block-table\"><table><thead><tr><th><mark class=\"has-inline-color has-vivid-red-color\" style=\"background-color: rgba(0, 0, 0, 0);\"><strong>Cat\u00e9gories<\/strong><\/mark><\/th><\/tr><\/thead><tbody><tr><td>Psychopathologie de l\u2019expression<br>Peinture<br>Cas clinique<\/td><\/tr><\/tbody><\/table><\/figure>\n<\/div>\n<\/div>\n","protected":false},"excerpt":{"rendered":"<p>Emygdio \u00e9tait un des patients intern\u00e9s \u00e0 l\u00b4h\u00f4pital Pedro Segundo \u00e0 Rio de Janeiro, qui fr\u00e9quentait le service de th\u00e9rapie occupationnelle dirig\u00e9 par Mme le docteur Nise da Silveira depuis 1946. Notre \u00e9tude des images produites par Emygdio montrera comment des \u00e9l\u00e9ments de son histoire traversent son expression picturale spontan\u00e9e.&hellip;<\/p>\n","protected":false},"author":2,"featured_media":0,"comment_status":"closed","ping_status":"open","sticky":false,"template":"","format":"standard","meta":{"pmpro_default_level":"","ngg_post_thumbnail":0,"footnotes":""},"categories":[266],"tags":[493,484,488,265,252],"class_list":["post-1345","post","type-post","status-publish","format-standard","hentry","category-muller-hargreaves-jean-pierre","tag-cas-clinique","tag-peinture","tag-psychopathologie-de-lexpression","tag-ra012-14","tag-traversees","pmpro-has-access"],"_links":{"self":[{"href":"https:\/\/bibliotheque-sfpe-at.com\/index.php\/wp-json\/wp\/v2\/posts\/1345","targetHints":{"allow":["GET"]}}],"collection":[{"href":"https:\/\/bibliotheque-sfpe-at.com\/index.php\/wp-json\/wp\/v2\/posts"}],"about":[{"href":"https:\/\/bibliotheque-sfpe-at.com\/index.php\/wp-json\/wp\/v2\/types\/post"}],"author":[{"embeddable":true,"href":"https:\/\/bibliotheque-sfpe-at.com\/index.php\/wp-json\/wp\/v2\/users\/2"}],"replies":[{"embeddable":true,"href":"https:\/\/bibliotheque-sfpe-at.com\/index.php\/wp-json\/wp\/v2\/comments?post=1345"}],"version-history":[{"count":5,"href":"https:\/\/bibliotheque-sfpe-at.com\/index.php\/wp-json\/wp\/v2\/posts\/1345\/revisions"}],"predecessor-version":[{"id":4654,"href":"https:\/\/bibliotheque-sfpe-at.com\/index.php\/wp-json\/wp\/v2\/posts\/1345\/revisions\/4654"}],"wp:attachment":[{"href":"https:\/\/bibliotheque-sfpe-at.com\/index.php\/wp-json\/wp\/v2\/media?parent=1345"}],"wp:term":[{"taxonomy":"category","embeddable":true,"href":"https:\/\/bibliotheque-sfpe-at.com\/index.php\/wp-json\/wp\/v2\/categories?post=1345"},{"taxonomy":"post_tag","embeddable":true,"href":"https:\/\/bibliotheque-sfpe-at.com\/index.php\/wp-json\/wp\/v2\/tags?post=1345"}],"curies":[{"name":"wp","href":"https:\/\/api.w.org\/{rel}","templated":true}]}}