{"id":1349,"date":"2024-05-29T13:04:25","date_gmt":"2024-05-29T11:04:25","guid":{"rendered":"https:\/\/sfpe-at.com\/?p=1349"},"modified":"2025-03-24T19:02:36","modified_gmt":"2025-03-24T18:02:36","slug":"montaigne-un-peintre-du-passage","status":"publish","type":"post","link":"https:\/\/bibliotheque-sfpe-at.com\/index.php\/2024\/05\/29\/montaigne-un-peintre-du-passage\/","title":{"rendered":"Montaigne\u00a0: un peintre du passage"},"content":{"rendered":"\n<div class=\"wp-block-columns is-layout-flex wp-container-core-columns-is-layout-28f84493 wp-block-columns-is-layout-flex\">\n<div class=\"wp-block-column is-layout-flow wp-block-column-is-layout-flow\" style=\"flex-basis:66.66%\">\n<p>Rien ne pr\u00e9destinait Montaigne \u00e0 l\u2019\u00e9criture avant la mort de son ami La Bo\u00e9tie en 1563. Quelques ann\u00e9es plus tard, Montaigne, en proie \u00e0 une humeur m\u00e9lancolique, se retire dans sa biblioth\u00e8que pour se consacrer \u00e0 l\u2019\u00e9criture des Essais. Entr\u00e9 en \u00e9criture pour c\u00e9l\u00e9brer la m\u00e9moire de l\u2019ami disparu, Montaigne se cherche au lieu de l\u2019autre. Il \u00e9crit les Essais pour se d\u00e9crire car l\u2019enjeu premier n\u2019est pas le savoir : c\u2019est la pr\u00e9sence \u00e0 soi, une pr\u00e9sence qui est celle de l\u2019autre en soi, de cet autre inconnu de soi avec lequel Montaigne va dialoguer dans l\u2019\u00e9criture. Dans ce mouvement de repli sur soi, Montaigne d\u00e9couvre un moi instable, insaisissable qui ne peut se concevoir de fa\u00e7on isol\u00e9e car il est toujours en r\u00e9action avec un autre, toujours en mouvement. La nouveaut\u00e9 de l\u2019\u00e9criture de soi, chez Montaigne, r\u00e9side dans la description minutieuse de sa singularit\u00e9, dans son attention \u00e0 la vari\u00e9t\u00e9 et \u00e0 la fluidit\u00e9 des \u00e9tats int\u00e9rieurs, ce qui nous permet de comprendre le sens du moi comme \u00ab passage \u00bb dans sa c\u00e9l\u00e8bre phrase : \u00ab je ne peins pas l\u2019\u00eatre, je peins le passage \u00bb. \u00c0 quatre si\u00e8cles d\u2019intervalle, le moi peint par Montaigne appara\u00eet comme le pr\u00e9curseur \u00ab baroque \u00bb du moi d\u00e9crit par Freud dans la seconde topique. Ce moi inassignable, d\u00e9fini par Freud comme une instance active, serait-il ce lieu de travers\u00e9e, de passage, dont se r\u00e9clame Montaigne lorsqu\u2019il s\u2019essaie \u00e0 se peindre ?<\/p>\n\n\n\n<p><strong><em>Pour lire le texte complet <a href=\"\/index.php\/options-dinscription\/\"><mark style=\"background-color:rgba(0, 0, 0, 0)\" class=\"has-inline-color has-vivid-cyan-blue-color\">s&rsquo;inscrire<\/mark><\/a> ou <a href=\"\/index.php\/my-account\/edit-account\/\"><mark style=\"background-color:rgba(0, 0, 0, 0)\" class=\"has-inline-color has-vivid-cyan-blue-color\">se connecter<\/mark><\/a><\/em><\/strong><\/p>\n\n\n\n\n\n<div style=\"height:100px\" aria-hidden=\"true\" class=\"wp-block-spacer\"><\/div>\n\n\n\n<div class=\"wp-block-buttons is-content-justification-center is-layout-flex wp-container-core-buttons-is-layout-a89b3969 wp-block-buttons-is-layout-flex\">\n<div class=\"wp-block-button has-custom-font-size has-small-font-size\"><a class=\"wp-block-button__link has-vivid-red-background-color has-background wp-element-button\" href=\"\/index.php\/2018\/10\/03\/traversees\/\">&lt;&#8211; retour<\/a><\/div>\n<\/div>\n<\/div>\n\n\n\n<div class=\"wp-block-column is-layout-flow wp-block-column-is-layout-flow\" style=\"flex-basis:33.33%\">\n<figure class=\"wp-block-table\"><table class=\"has-background\" style=\"background-color:#f8f2f2\"><thead><tr><th><mark class=\"has-inline-color has-vivid-red-color\" style=\"background-color: rgba(0, 0, 0, 0);\"><strong>Auteur<\/strong><\/mark><\/th><\/tr><\/thead><tbody><tr><td><strong>Suzanne Ferri\u00e8res-Pestureau<\/strong><\/td><\/tr><\/tbody><\/table><\/figure>\n\n\n\n<figure class=\"wp-block-table\"><table><thead><tr><th><mark class=\"has-inline-color has-vivid-red-color\" style=\"background-color: rgba(0, 0, 0, 0);\"><strong>R\u00e9f\u00e9rence<\/strong><\/mark><\/th><\/tr><\/thead><tbody><tr><td><strong>RA012-16<\/strong><br><strong>Travers\u00e9es<\/strong><br>Journ\u00e9es d&rsquo;Automne 2018<\/td><\/tr><\/tbody><\/table><\/figure>\n\n\n\n<figure class=\"wp-block-table\"><table><thead><tr><th><mark class=\"has-inline-color has-vivid-red-color\" style=\"background-color: rgba(0, 0, 0, 0);\"><strong>Cat\u00e9gories<\/strong><\/mark><\/th><\/tr><\/thead><tbody><tr><td>Psychanalyse<br>\u00c9criture<\/td><\/tr><\/tbody><\/table><\/figure>\n<\/div>\n<\/div>\n","protected":false},"excerpt":{"rendered":"<p>Rien ne pr\u00e9destinait Montaigne \u00e0 l\u2019\u00e9criture avant la mort de son ami La Bo\u00e9tie en 1563. Quelques ann\u00e9es plus tard, Montaigne, en proie \u00e0 une humeur m\u00e9lancolique, se retire dans sa biblioth\u00e8que pour se consacrer \u00e0 l\u2019\u00e9criture des Essais. Entr\u00e9 en \u00e9criture pour c\u00e9l\u00e9brer la m\u00e9moire de l\u2019ami disparu, Montaigne&hellip;<\/p>\n","protected":false},"author":2,"featured_media":0,"comment_status":"closed","ping_status":"open","sticky":false,"template":"","format":"standard","meta":{"pmpro_default_level":"","ngg_post_thumbnail":0,"footnotes":""},"categories":[141],"tags":[497,494,268,252],"class_list":["post-1349","post","type-post","status-publish","format-standard","hentry","category-ferrieres-pestureau-suzanne","tag-ecriture","tag-psychanalyse","tag-ra012-16","tag-traversees","pmpro-has-access"],"_links":{"self":[{"href":"https:\/\/bibliotheque-sfpe-at.com\/index.php\/wp-json\/wp\/v2\/posts\/1349","targetHints":{"allow":["GET"]}}],"collection":[{"href":"https:\/\/bibliotheque-sfpe-at.com\/index.php\/wp-json\/wp\/v2\/posts"}],"about":[{"href":"https:\/\/bibliotheque-sfpe-at.com\/index.php\/wp-json\/wp\/v2\/types\/post"}],"author":[{"embeddable":true,"href":"https:\/\/bibliotheque-sfpe-at.com\/index.php\/wp-json\/wp\/v2\/users\/2"}],"replies":[{"embeddable":true,"href":"https:\/\/bibliotheque-sfpe-at.com\/index.php\/wp-json\/wp\/v2\/comments?post=1349"}],"version-history":[{"count":6,"href":"https:\/\/bibliotheque-sfpe-at.com\/index.php\/wp-json\/wp\/v2\/posts\/1349\/revisions"}],"predecessor-version":[{"id":4656,"href":"https:\/\/bibliotheque-sfpe-at.com\/index.php\/wp-json\/wp\/v2\/posts\/1349\/revisions\/4656"}],"wp:attachment":[{"href":"https:\/\/bibliotheque-sfpe-at.com\/index.php\/wp-json\/wp\/v2\/media?parent=1349"}],"wp:term":[{"taxonomy":"category","embeddable":true,"href":"https:\/\/bibliotheque-sfpe-at.com\/index.php\/wp-json\/wp\/v2\/categories?post=1349"},{"taxonomy":"post_tag","embeddable":true,"href":"https:\/\/bibliotheque-sfpe-at.com\/index.php\/wp-json\/wp\/v2\/tags?post=1349"}],"curies":[{"name":"wp","href":"https:\/\/api.w.org\/{rel}","templated":true}]}}