{"id":1354,"date":"2024-05-29T13:40:13","date_gmt":"2024-05-29T11:40:13","guid":{"rendered":"https:\/\/sfpe-at.com\/?p=1354"},"modified":"2025-03-24T19:04:14","modified_gmt":"2025-03-24T18:04:14","slug":"linsoutenable-question-de-lacte-du-meurtre-a-la-creation","status":"publish","type":"post","link":"https:\/\/bibliotheque-sfpe-at.com\/index.php\/2024\/05\/29\/linsoutenable-question-de-lacte-du-meurtre-a-la-creation\/","title":{"rendered":"L\u2019insoutenable question de l\u2019acte\u00a0: du meurtre \u00e0 la cr\u00e9ation"},"content":{"rendered":"\n<div class=\"wp-block-columns is-layout-flex wp-container-core-columns-is-layout-28f84493 wp-block-columns-is-layout-flex\">\n<div class=\"wp-block-column is-layout-flow wp-block-column-is-layout-flow\" style=\"flex-basis:66.66%\">\n<p>Le mental pour un humain est un espace vital, sans cet espace l\u2018humain sans gravit\u00e9 est r\u00e9duit \u00e0 des sensations au hasard des al\u00e9as de son environnement. Le mental est ce qui autorise un humain \u00e0 avoir un corps, un espace et d\u2019\u00eatre capable d\u2019une trace. Et pourtant le mental est souvent une prison et non seulement chez l\u2019obsessionnel. Le mental comme prison d\u00e9borde, et de loin, la clart\u00e9 de la nosographie psychiatrique avec ses voies bien trac\u00e9es de psychose et de n\u00e9vrose vers un dense enchev\u00eatrement de chemins que chaque \u00eatre jet\u00e9 dans le monde dessine par son errance. Pourquoi cet espace de libert\u00e9 devient-il ali\u00e9nant ? Peut-on traverser cette morbidit\u00e9 du mental vers la sant\u00e9 ? Peut-on \u00e9chapper au pi\u00e8ge de notre mental autrement que par le meurtre de soi et de l\u2019autre ? Un passage \u00e0 l\u2019acte qui r\u00e9sonne comme une fatalit\u00e9 finale et qui nous enferme \u00e0 jamais. C\u2019est \u00e0 l\u2019endroit de ces interrogations que se profile la cr\u00e9ation comme seul acte de passage vers la sant\u00e9, vers la vie. La cr\u00e9ation est le paradigme de L\u2019Acte, \u00e0 l\u2019exemple d\u2019une naissance o\u00f9 le foetus devient b\u00e9b\u00e9, nous fait autre ; c\u2019est seulement par la cr\u00e9ation que l\u2019humain \u00e0 chaque instant institue son mental en espace de penser ce qui fait son \u00eatre, \u00e0 savoir l\u2019autre, retrouvant ainsi sa libert\u00e9. Tel est le sens de ce travail.<\/p>\n\n\n\n<p><strong><em>Pour lire le texte complet <a href=\"\/index.php\/options-dinscription\/\"><mark style=\"background-color:rgba(0, 0, 0, 0)\" class=\"has-inline-color has-vivid-cyan-blue-color\">s&rsquo;inscrire<\/mark><\/a> ou <a href=\"\/index.php\/my-account\/edit-account\/\"><mark style=\"background-color:rgba(0, 0, 0, 0)\" class=\"has-inline-color has-vivid-cyan-blue-color\">se connecter<\/mark><\/a><\/em><\/strong><\/p>\n\n\n\n\n\n<div style=\"height:100px\" aria-hidden=\"true\" class=\"wp-block-spacer\"><\/div>\n\n\n\n<div class=\"wp-block-buttons is-content-justification-center is-layout-flex wp-container-core-buttons-is-layout-a89b3969 wp-block-buttons-is-layout-flex\">\n<div class=\"wp-block-button has-custom-font-size has-small-font-size\"><a class=\"wp-block-button__link has-vivid-red-background-color has-background wp-element-button\" href=\"\/index.php\/2018\/10\/03\/traversees\/\">&lt;&#8211; retour<\/a><\/div>\n<\/div>\n<\/div>\n\n\n\n<div class=\"wp-block-column is-layout-flow wp-block-column-is-layout-flow\" style=\"flex-basis:33.33%\">\n<figure class=\"wp-block-table\"><table class=\"has-background\" style=\"background-color:#f8f2f2\"><thead><tr><th><mark class=\"has-inline-color has-vivid-red-color\" style=\"background-color: rgba(0, 0, 0, 0);\"><strong>Auteur<\/strong><\/mark><\/th><\/tr><\/thead><tbody><tr><td><strong>Youssef Mourtada<\/strong><\/td><\/tr><\/tbody><\/table><\/figure>\n\n\n\n<figure class=\"wp-block-table\"><table><thead><tr><th><mark class=\"has-inline-color has-vivid-red-color\" style=\"background-color: rgba(0, 0, 0, 0);\"><strong>R\u00e9f\u00e9rence<\/strong><\/mark><\/th><\/tr><\/thead><tbody><tr><td><strong>RA012-18<\/strong><br><strong>Travers\u00e9es<\/strong><br>Journ\u00e9es d&rsquo;Automne 2018<\/td><\/tr><\/tbody><\/table><\/figure>\n\n\n\n<figure class=\"wp-block-table\"><table><thead><tr><th><mark class=\"has-inline-color has-vivid-red-color\" style=\"background-color: rgba(0, 0, 0, 0);\"><strong>Cat\u00e9gories<\/strong><\/mark><\/th><\/tr><\/thead><tbody><tr><td>Psychanalyse<\/td><\/tr><\/tbody><\/table><\/figure>\n<\/div>\n<\/div>\n","protected":false},"excerpt":{"rendered":"<p>Le mental pour un humain est un espace vital, sans cet espace l\u2018humain sans gravit\u00e9 est r\u00e9duit \u00e0 des sensations au hasard des al\u00e9as de son environnement. Le mental est ce qui autorise un humain \u00e0 avoir un corps, un espace et d\u2019\u00eatre capable d\u2019une trace. Et pourtant le mental&hellip;<\/p>\n","protected":false},"author":2,"featured_media":0,"comment_status":"closed","ping_status":"open","sticky":false,"template":"","format":"standard","meta":{"pmpro_default_level":"","ngg_post_thumbnail":0,"footnotes":""},"categories":[46],"tags":[494,270,252],"class_list":["post-1354","post","type-post","status-publish","format-standard","hentry","category-mourtada-youssef","tag-psychanalyse","tag-ra012-18","tag-traversees","pmpro-has-access"],"_links":{"self":[{"href":"https:\/\/bibliotheque-sfpe-at.com\/index.php\/wp-json\/wp\/v2\/posts\/1354","targetHints":{"allow":["GET"]}}],"collection":[{"href":"https:\/\/bibliotheque-sfpe-at.com\/index.php\/wp-json\/wp\/v2\/posts"}],"about":[{"href":"https:\/\/bibliotheque-sfpe-at.com\/index.php\/wp-json\/wp\/v2\/types\/post"}],"author":[{"embeddable":true,"href":"https:\/\/bibliotheque-sfpe-at.com\/index.php\/wp-json\/wp\/v2\/users\/2"}],"replies":[{"embeddable":true,"href":"https:\/\/bibliotheque-sfpe-at.com\/index.php\/wp-json\/wp\/v2\/comments?post=1354"}],"version-history":[{"count":5,"href":"https:\/\/bibliotheque-sfpe-at.com\/index.php\/wp-json\/wp\/v2\/posts\/1354\/revisions"}],"predecessor-version":[{"id":4658,"href":"https:\/\/bibliotheque-sfpe-at.com\/index.php\/wp-json\/wp\/v2\/posts\/1354\/revisions\/4658"}],"wp:attachment":[{"href":"https:\/\/bibliotheque-sfpe-at.com\/index.php\/wp-json\/wp\/v2\/media?parent=1354"}],"wp:term":[{"taxonomy":"category","embeddable":true,"href":"https:\/\/bibliotheque-sfpe-at.com\/index.php\/wp-json\/wp\/v2\/categories?post=1354"},{"taxonomy":"post_tag","embeddable":true,"href":"https:\/\/bibliotheque-sfpe-at.com\/index.php\/wp-json\/wp\/v2\/tags?post=1354"}],"curies":[{"name":"wp","href":"https:\/\/api.w.org\/{rel}","templated":true}]}}