{"id":1362,"date":"2024-05-29T14:15:11","date_gmt":"2024-05-29T12:15:11","guid":{"rendered":"https:\/\/sfpe-at.com\/?p=1362"},"modified":"2025-03-24T19:07:53","modified_gmt":"2025-03-24T18:07:53","slug":"la-tragedie-des-tainos-miroirs-cliniques-et-traversees-de-lautre","status":"publish","type":"post","link":"https:\/\/bibliotheque-sfpe-at.com\/index.php\/2024\/05\/29\/la-tragedie-des-tainos-miroirs-cliniques-et-traversees-de-lautre\/","title":{"rendered":"La trag\u00e9die des Ta\u00efnos\u00a0? Miroirs cliniques et travers\u00e9es de l\u2019autre"},"content":{"rendered":"\n<div class=\"wp-block-columns is-layout-flex wp-container-core-columns-is-layout-28f84493 wp-block-columns-is-layout-flex\">\n<div class=\"wp-block-column is-layout-flow wp-block-column-is-layout-flow\" style=\"flex-basis:66.66%\">\n<p>Souvenons-nous des Ta\u00efnos, \u00e9trangement familiers. De la travers\u00e9e de l\u2019Atlantique \u00e0 celle du pire. La trag\u00e9die d\u2019avenir des oubli\u00e9s de l\u2019Histoire, ceux \u00e0 qui on confisque tout, avant de les exterminer. Transferts de m\u00e9moire et consid\u00e9rations cliniques existentielles, la culture puissante des Ta\u00efnos, de leur temps, du n\u00f4tre. Livr\u00e9s \u00e0 l\u2019autre de l\u2019autre par leurs pers\u00e9cuteurs, leur monde libre aura \u00e9t\u00e9 travers\u00e9 par les images trompeuses, les fausses promesses de civilisation, les r\u00eaves non partag\u00e9s, l\u2019absence de consid\u00e9ration \u00e9thique, un manque d\u2018accueil de l\u2019alt\u00e9rit\u00e9, une d\u00e9faillance en humanit\u00e9 et un manque de respect des diff\u00e9rences : de la part des colons europ\u00e9ens, soi-disant religieux. Avec un march\u00e9 de dupes perdu d\u2019avance. L\u2019annonce d\u2019un effondrement terrible, mais qui, peut-\u00eatre, aurait pu ne pas avoir lieu. Des l\u00e9gendes des (nouveaux) vieux soins psychologiques aux mythes du (vieux) nouveau monde\u2026 Hier pour demain, abyssale actualit\u00e9 et nostalgie du futur : l\u2019entreprise d\u2019extinction des Tainos, en miroir d\u2019un certain malaise dans la clinique ? Troubles travers\u00e9es des d\u00e9couvertes oc\u00e9aniques que le \u00ab Je \u00bb fait de l\u2019autre et des explorations de la part obscure du Moi (l\u2019art et la psychanalyse n\u2019y sont pas \u00e9trang\u00e8res)\u2026 plus ou moins rat\u00e9es. De la confiscation des paroles aux glaciations de l\u2019\u00e9coute, d\u2019une rive \u00e0 l\u2019autre des traumas qui traversent la cr\u00e9ativit\u00e9 mais aussi l\u2019ali\u00e9nation, la destructivit\u00e9 ou la sublimation, la destin\u00e9e des peuples et celle des sujets. \u00c0 travers le temps.<\/p>\n\n\n\n<p><strong><em>Pour lire le texte complet <a href=\"\/index.php\/options-dinscription\/\"><mark style=\"background-color:rgba(0, 0, 0, 0)\" class=\"has-inline-color has-vivid-cyan-blue-color\">s&rsquo;inscrire<\/mark><\/a> ou <a href=\"\/index.php\/my-account\/edit-account\/\"><mark style=\"background-color:rgba(0, 0, 0, 0)\" class=\"has-inline-color has-vivid-cyan-blue-color\">se connecter<\/mark><\/a><\/em><\/strong><\/p>\n\n\n\n\n\n<div style=\"height:100px\" aria-hidden=\"true\" class=\"wp-block-spacer\"><\/div>\n\n\n\n<div class=\"wp-block-buttons is-content-justification-center is-layout-flex wp-container-core-buttons-is-layout-a89b3969 wp-block-buttons-is-layout-flex\">\n<div class=\"wp-block-button has-custom-font-size has-small-font-size\"><a class=\"wp-block-button__link has-vivid-red-background-color has-background wp-element-button\" href=\"\/index.php\/2018\/10\/03\/traversees\/\">&lt;&#8211; retour<\/a><\/div>\n<\/div>\n<\/div>\n\n\n\n<div class=\"wp-block-column is-layout-flow wp-block-column-is-layout-flow\" style=\"flex-basis:33.33%\">\n<figure class=\"wp-block-table\"><table class=\"has-background\" style=\"background-color:#f8f2f2\"><thead><tr><th><mark class=\"has-inline-color has-vivid-red-color\" style=\"background-color: rgba(0, 0, 0, 0);\"><strong>Auteur<\/strong><\/mark><\/th><\/tr><\/thead><tbody><tr><td><strong>Christophe Paradas<\/strong><\/td><\/tr><\/tbody><\/table><\/figure>\n\n\n\n<figure class=\"wp-block-table\"><table><thead><tr><th><mark class=\"has-inline-color has-vivid-red-color\" style=\"background-color: rgba(0, 0, 0, 0);\"><strong>R\u00e9f\u00e9rence<\/strong><\/mark><\/th><\/tr><\/thead><tbody><tr><td><strong>RA012-22<\/strong><br><strong>Travers\u00e9es<\/strong><br>Journ\u00e9es d&rsquo;Automne 2018<\/td><\/tr><\/tbody><\/table><\/figure>\n\n\n\n<figure class=\"wp-block-table\"><table><thead><tr><th><mark class=\"has-inline-color has-vivid-red-color\" style=\"background-color: rgba(0, 0, 0, 0);\"><strong>Cat\u00e9gories<\/strong><\/mark><\/th><\/tr><\/thead><tbody><tr><td>Anthropologie<br>\u00c9thique<br>Arts plastiques<\/td><\/tr><\/tbody><\/table><\/figure>\n<\/div>\n<\/div>\n","protected":false},"excerpt":{"rendered":"<p>Souvenons-nous des Ta\u00efnos, \u00e9trangement familiers. De la travers\u00e9e de l\u2019Atlantique \u00e0 celle du pire. La trag\u00e9die d\u2019avenir des oubli\u00e9s de l\u2019Histoire, ceux \u00e0 qui on confisque tout, avant de les exterminer. Transferts de m\u00e9moire et consid\u00e9rations cliniques existentielles, la culture puissante des Ta\u00efnos, de leur temps, du n\u00f4tre. Livr\u00e9s \u00e0&hellip;<\/p>\n","protected":false},"author":2,"featured_media":0,"comment_status":"closed","ping_status":"open","sticky":false,"template":"","format":"standard","meta":{"pmpro_default_level":"","ngg_post_thumbnail":0,"footnotes":""},"categories":[74],"tags":[501,503,502,275,252],"class_list":["post-1362","post","type-post","status-publish","format-standard","hentry","category-paradas-christophe","tag-anthropologie","tag-arts-plastiques","tag-ethique","tag-ra012-22","tag-traversees","pmpro-has-access"],"_links":{"self":[{"href":"https:\/\/bibliotheque-sfpe-at.com\/index.php\/wp-json\/wp\/v2\/posts\/1362","targetHints":{"allow":["GET"]}}],"collection":[{"href":"https:\/\/bibliotheque-sfpe-at.com\/index.php\/wp-json\/wp\/v2\/posts"}],"about":[{"href":"https:\/\/bibliotheque-sfpe-at.com\/index.php\/wp-json\/wp\/v2\/types\/post"}],"author":[{"embeddable":true,"href":"https:\/\/bibliotheque-sfpe-at.com\/index.php\/wp-json\/wp\/v2\/users\/2"}],"replies":[{"embeddable":true,"href":"https:\/\/bibliotheque-sfpe-at.com\/index.php\/wp-json\/wp\/v2\/comments?post=1362"}],"version-history":[{"count":5,"href":"https:\/\/bibliotheque-sfpe-at.com\/index.php\/wp-json\/wp\/v2\/posts\/1362\/revisions"}],"predecessor-version":[{"id":4663,"href":"https:\/\/bibliotheque-sfpe-at.com\/index.php\/wp-json\/wp\/v2\/posts\/1362\/revisions\/4663"}],"wp:attachment":[{"href":"https:\/\/bibliotheque-sfpe-at.com\/index.php\/wp-json\/wp\/v2\/media?parent=1362"}],"wp:term":[{"taxonomy":"category","embeddable":true,"href":"https:\/\/bibliotheque-sfpe-at.com\/index.php\/wp-json\/wp\/v2\/categories?post=1362"},{"taxonomy":"post_tag","embeddable":true,"href":"https:\/\/bibliotheque-sfpe-at.com\/index.php\/wp-json\/wp\/v2\/tags?post=1362"}],"curies":[{"name":"wp","href":"https:\/\/api.w.org\/{rel}","templated":true}]}}