{"id":1372,"date":"2024-05-29T14:28:43","date_gmt":"2024-05-29T12:28:43","guid":{"rendered":"https:\/\/sfpe-at.com\/?p=1372"},"modified":"2025-03-24T19:11:42","modified_gmt":"2025-03-24T18:11:42","slug":"lexperience-esthetique-en-art-therapie","status":"publish","type":"post","link":"https:\/\/bibliotheque-sfpe-at.com\/index.php\/2024\/05\/29\/lexperience-esthetique-en-art-therapie\/","title":{"rendered":"L\u2019exp\u00e9rience esth\u00e9tique en art-th\u00e9rapie"},"content":{"rendered":"\n<div class=\"wp-block-columns is-layout-flex wp-container-core-columns-is-layout-28f84493 wp-block-columns-is-layout-flex\">\n<div class=\"wp-block-column is-layout-flow wp-block-column-is-layout-flow\" style=\"flex-basis:66.66%\">\n<p>Comment fonctionne l\u2019exp\u00e9rience esth\u00e9tique en art-th\u00e9rapie? Il faut d\u2019abord consid\u00e9rer les diff\u00e9rentes d\u00e9finitions de cette exp\u00e9rience, de l\u2019objet esth\u00e9tique et de l\u2019oeuvre d\u2019art. Elles ont beaucoup \u00e9volu\u00e9 depuis le XVIIIe. Qui est le mieux plac\u00e9 pour en parler ? Quels ponts utiles entre disciplines ? Quels apports de la mus\u00e9ologie jusqu\u2019aux expositions contemporaines ? Au stade actuel, quels apports pour l\u2019art-th\u00e9rapie ? Ses effets, ses m\u00e9canismes d\u2019action. Cette exp\u00e9rience peut-elle \u00eatre th\u00e9rapeutique, comment, avec quelle sp\u00e9cificit\u00e9 ? Traverser tous les courants de la science esth\u00e9tique para\u00eet indispensable pour \u00e9tayer une th\u00e9orisation de l\u203aart-th\u00e9rapie, aider \u00e0 la renouveler. La m\u00e9diation culturelle l\u2019explore pour l\u2019attractivit\u00e9 aupr\u00e8s de ses publics. L\u2019artiste y est plong\u00e9. L\u2019art-th\u00e9rapie se situe entre ces deux positions. Ont-ils dans cette exp\u00e9rience la m\u00eame relation \u00e0 l\u2019objet esth\u00e9tique?<\/p>\n\n\n\n<p><strong><em>Pour lire le texte complet <a href=\"\/index.php\/options-dinscription\/\"><mark style=\"background-color:rgba(0, 0, 0, 0)\" class=\"has-inline-color has-vivid-cyan-blue-color\">s&rsquo;inscrire<\/mark><\/a> ou <a href=\"\/index.php\/my-account\/edit-account\/\"><mark style=\"background-color:rgba(0, 0, 0, 0)\" class=\"has-inline-color has-vivid-cyan-blue-color\">se connecter<\/mark><\/a><\/em><\/strong><\/p>\n\n\n\n\n\n<div style=\"height:100px\" aria-hidden=\"true\" class=\"wp-block-spacer\"><\/div>\n\n\n\n<div class=\"wp-block-buttons is-content-justification-center is-layout-flex wp-container-core-buttons-is-layout-a89b3969 wp-block-buttons-is-layout-flex\">\n<div class=\"wp-block-button has-custom-font-size has-small-font-size\"><a class=\"wp-block-button__link has-vivid-red-background-color has-background wp-element-button\" href=\"\/index.php\/2018\/10\/03\/traversees\/\">&lt;&#8211; retour<\/a><\/div>\n<\/div>\n<\/div>\n\n\n\n<div class=\"wp-block-column is-layout-flow wp-block-column-is-layout-flow\" style=\"flex-basis:33.33%\">\n<figure class=\"wp-block-table\"><table class=\"has-background\" style=\"background-color:#f8f2f2\"><thead><tr><th><mark class=\"has-inline-color has-vivid-red-color\" style=\"background-color: rgba(0, 0, 0, 0);\"><strong>Auteur<\/strong><\/mark><\/th><\/tr><\/thead><tbody><tr><td><strong>Fran\u00e7ois Granier<\/strong><\/td><\/tr><\/tbody><\/table><\/figure>\n\n\n\n<figure class=\"wp-block-table\"><table><thead><tr><th><mark class=\"has-inline-color has-vivid-red-color\" style=\"background-color: rgba(0, 0, 0, 0);\"><strong>R\u00e9f\u00e9rence<\/strong><\/mark><\/th><\/tr><\/thead><tbody><tr><td><strong>RA012-27<\/strong><br><strong>Travers\u00e9es<\/strong><br>Journ\u00e9es d&rsquo;Automne 2018<\/td><\/tr><\/tbody><\/table><\/figure>\n\n\n\n<figure class=\"wp-block-table\"><table><thead><tr><th><mark class=\"has-inline-color has-vivid-red-color\" style=\"background-color: rgba(0, 0, 0, 0);\"><strong>Cat\u00e9gories<\/strong><\/mark><\/th><\/tr><\/thead><tbody><tr><td>Esth\u00e9tique<br>Art-th\u00e9rapie<br>Arts plastiques<\/td><\/tr><\/tbody><\/table><\/figure>\n<\/div>\n<\/div>\n","protected":false},"excerpt":{"rendered":"<p>Comment fonctionne l\u2019exp\u00e9rience esth\u00e9tique en art-th\u00e9rapie? Il faut d\u2019abord consid\u00e9rer les diff\u00e9rentes d\u00e9finitions de cette exp\u00e9rience, de l\u2019objet esth\u00e9tique et de l\u2019oeuvre d\u2019art. Elles ont beaucoup \u00e9volu\u00e9 depuis le XVIIIe. Qui est le mieux plac\u00e9 pour en parler ? Quels ponts utiles entre disciplines ? Quels apports de la mus\u00e9ologie&hellip;<\/p>\n","protected":false},"author":2,"featured_media":0,"comment_status":"closed","ping_status":"open","sticky":false,"template":"","format":"standard","meta":{"pmpro_default_level":"","ngg_post_thumbnail":0,"footnotes":""},"categories":[131],"tags":[492,503,491,282,252],"class_list":["post-1372","post","type-post","status-publish","format-standard","hentry","category-granier-francois","tag-art-therapie","tag-arts-plastiques","tag-esthetique","tag-ra012-27","tag-traversees","pmpro-has-access"],"_links":{"self":[{"href":"https:\/\/bibliotheque-sfpe-at.com\/index.php\/wp-json\/wp\/v2\/posts\/1372","targetHints":{"allow":["GET"]}}],"collection":[{"href":"https:\/\/bibliotheque-sfpe-at.com\/index.php\/wp-json\/wp\/v2\/posts"}],"about":[{"href":"https:\/\/bibliotheque-sfpe-at.com\/index.php\/wp-json\/wp\/v2\/types\/post"}],"author":[{"embeddable":true,"href":"https:\/\/bibliotheque-sfpe-at.com\/index.php\/wp-json\/wp\/v2\/users\/2"}],"replies":[{"embeddable":true,"href":"https:\/\/bibliotheque-sfpe-at.com\/index.php\/wp-json\/wp\/v2\/comments?post=1372"}],"version-history":[{"count":5,"href":"https:\/\/bibliotheque-sfpe-at.com\/index.php\/wp-json\/wp\/v2\/posts\/1372\/revisions"}],"predecessor-version":[{"id":4668,"href":"https:\/\/bibliotheque-sfpe-at.com\/index.php\/wp-json\/wp\/v2\/posts\/1372\/revisions\/4668"}],"wp:attachment":[{"href":"https:\/\/bibliotheque-sfpe-at.com\/index.php\/wp-json\/wp\/v2\/media?parent=1372"}],"wp:term":[{"taxonomy":"category","embeddable":true,"href":"https:\/\/bibliotheque-sfpe-at.com\/index.php\/wp-json\/wp\/v2\/categories?post=1372"},{"taxonomy":"post_tag","embeddable":true,"href":"https:\/\/bibliotheque-sfpe-at.com\/index.php\/wp-json\/wp\/v2\/tags?post=1372"}],"curies":[{"name":"wp","href":"https:\/\/api.w.org\/{rel}","templated":true}]}}