{"id":1374,"date":"2024-05-29T14:31:41","date_gmt":"2024-05-29T12:31:41","guid":{"rendered":"https:\/\/sfpe-at.com\/?p=1374"},"modified":"2025-03-24T19:12:36","modified_gmt":"2025-03-24T18:12:36","slug":"entrer-dans-les-processus-de-creation-a-ladolescence-quel-risque","status":"publish","type":"post","link":"https:\/\/bibliotheque-sfpe-at.com\/index.php\/2024\/05\/29\/entrer-dans-les-processus-de-creation-a-ladolescence-quel-risque\/","title":{"rendered":"Entrer dans les processus de cr\u00e9ation \u00e0 l\u2019adolescence, quel risque\u00a0?"},"content":{"rendered":"\n<div class=\"wp-block-columns is-layout-flex wp-container-core-columns-is-layout-28f84493 wp-block-columns-is-layout-flex\">\n<div class=\"wp-block-column is-layout-flow wp-block-column-is-layout-flow\" style=\"flex-basis:66.66%\">\n<p>La proposition est de d\u00e9tailler les moments d\u00e9licats rencontr\u00e9s par les artistes et par les patients en s\u00e9ance d\u2019art th\u00e9rapie au seuil de l\u2019entr\u00e9e en cr\u00e9ation, au tout d\u00e9but de leur \u00ab travers\u00e9e \u00bb. Cette proposition fait suite \u00e0 une recherche r\u00e9alis\u00e9e en art-th\u00e9rapie \u2014 arts plastiques. Elle porte sur les processus mis en oeuvre juste avant et au tout d\u00e9but de l\u2019entr\u00e9e dans les processus de cr\u00e9ation dans des ateliers d\u2019art-th\u00e9rapie. Elle a \u00e9t\u00e9 men\u00e9e aupr\u00e8s d\u2019adolescents de 14 \u00e0 21 ans en 2017. Les premi\u00e8res \u00e9tapes des processus de cr\u00e9ation sont rappel\u00e9es th\u00e9oriquement, avant que quelques \u00e9l\u00e9ments \u00e9manant de la recherche soient ensuite expos\u00e9s : les fa\u00e7ons diff\u00e9rentes de s\u2019approprier le d\u00e9marrage des s\u00e9ances, les observations du corps, des regards, de la parole, les signes montrant le contact avec soi-m\u00eame, avant l\u2019observation des premiers signes de la cr\u00e9ativit\u00e9 en cours\u2026 Quelques exemples de l\u2019entr\u00e9e dans les processus de cr\u00e9ation seront d\u00e9taill\u00e9s afin de mieux observer la diversit\u00e9 des situations et des individus. Cette recherche a \u00e9t\u00e9 men\u00e9e \u00e0 l\u2019occasion d\u2019un master 2, recherche en art-th\u00e9rapie \u2014 arts plastiques, \u00e0 l\u2019universit\u00e9 Paris-Descartes en 2017.<\/p>\n\n\n\n<p><strong><em>Pour lire le texte complet <a href=\"\/index.php\/options-dinscription\/\"><mark style=\"background-color:rgba(0, 0, 0, 0)\" class=\"has-inline-color has-vivid-cyan-blue-color\">s&rsquo;inscrire<\/mark><\/a> ou <a href=\"\/index.php\/my-account\/edit-account\/\"><mark style=\"background-color:rgba(0, 0, 0, 0)\" class=\"has-inline-color has-vivid-cyan-blue-color\">se connecter<\/mark><\/a><\/em><\/strong><\/p>\n\n\n\n\n\n<div style=\"height:100px\" aria-hidden=\"true\" class=\"wp-block-spacer\"><\/div>\n\n\n\n<div class=\"wp-block-buttons is-content-justification-center is-layout-flex wp-container-core-buttons-is-layout-a89b3969 wp-block-buttons-is-layout-flex\">\n<div class=\"wp-block-button has-custom-font-size has-small-font-size\"><a class=\"wp-block-button__link has-vivid-red-background-color has-background wp-element-button\" href=\"\/index.php\/2018\/10\/03\/traversees\/\">&lt;&#8211; retour<\/a><\/div>\n<\/div>\n<\/div>\n\n\n\n<div class=\"wp-block-column is-layout-flow wp-block-column-is-layout-flow\" style=\"flex-basis:33.33%\">\n<figure class=\"wp-block-table\"><table class=\"has-background\" style=\"background-color:#f8f2f2\"><thead><tr><th><mark class=\"has-inline-color has-vivid-red-color\" style=\"background-color: rgba(0, 0, 0, 0);\"><strong>Auteur<\/strong><\/mark><\/th><\/tr><\/thead><tbody><tr><td><strong>Anne de Beaufort<\/strong><\/td><\/tr><\/tbody><\/table><\/figure>\n\n\n\n<figure class=\"wp-block-table\"><table><thead><tr><th><mark class=\"has-inline-color has-vivid-red-color\" style=\"background-color: rgba(0, 0, 0, 0);\"><strong>R\u00e9f\u00e9rence<\/strong><\/mark><\/th><\/tr><\/thead><tbody><tr><td><strong>RA012-28<\/strong><br><strong>Travers\u00e9es<\/strong><br>Journ\u00e9es d&rsquo;Automne 2018<\/td><\/tr><\/tbody><\/table><\/figure>\n\n\n\n<figure class=\"wp-block-table\"><table><thead><tr><th><mark class=\"has-inline-color has-vivid-red-color\" style=\"background-color: rgba(0, 0, 0, 0);\"><strong>Cat\u00e9gories<\/strong><\/mark><\/th><\/tr><\/thead><tbody><tr><td>Art-th\u00e9rapie<br>Arts plastiques<br>Dispositif de m\u00e9diation<\/td><\/tr><\/tbody><\/table><\/figure>\n<\/div>\n<\/div>\n","protected":false},"excerpt":{"rendered":"<p>La proposition est de d\u00e9tailler les moments d\u00e9licats rencontr\u00e9s par les artistes et par les patients en s\u00e9ance d\u2019art th\u00e9rapie au seuil de l\u2019entr\u00e9e en cr\u00e9ation, au tout d\u00e9but de leur \u00ab travers\u00e9e \u00bb. Cette proposition fait suite \u00e0 une recherche r\u00e9alis\u00e9e en art-th\u00e9rapie \u2014 arts plastiques. Elle porte sur&hellip;<\/p>\n","protected":false},"author":2,"featured_media":0,"comment_status":"closed","ping_status":"open","sticky":false,"template":"","format":"standard","meta":{"pmpro_default_level":"","ngg_post_thumbnail":0,"footnotes":""},"categories":[284],"tags":[492,503,505,283,252],"class_list":["post-1374","post","type-post","status-publish","format-standard","hentry","category-de-beaufort-anne","tag-art-therapie","tag-arts-plastiques","tag-dispositif-de-mediation","tag-ra012-28","tag-traversees","pmpro-has-access"],"_links":{"self":[{"href":"https:\/\/bibliotheque-sfpe-at.com\/index.php\/wp-json\/wp\/v2\/posts\/1374","targetHints":{"allow":["GET"]}}],"collection":[{"href":"https:\/\/bibliotheque-sfpe-at.com\/index.php\/wp-json\/wp\/v2\/posts"}],"about":[{"href":"https:\/\/bibliotheque-sfpe-at.com\/index.php\/wp-json\/wp\/v2\/types\/post"}],"author":[{"embeddable":true,"href":"https:\/\/bibliotheque-sfpe-at.com\/index.php\/wp-json\/wp\/v2\/users\/2"}],"replies":[{"embeddable":true,"href":"https:\/\/bibliotheque-sfpe-at.com\/index.php\/wp-json\/wp\/v2\/comments?post=1374"}],"version-history":[{"count":5,"href":"https:\/\/bibliotheque-sfpe-at.com\/index.php\/wp-json\/wp\/v2\/posts\/1374\/revisions"}],"predecessor-version":[{"id":4669,"href":"https:\/\/bibliotheque-sfpe-at.com\/index.php\/wp-json\/wp\/v2\/posts\/1374\/revisions\/4669"}],"wp:attachment":[{"href":"https:\/\/bibliotheque-sfpe-at.com\/index.php\/wp-json\/wp\/v2\/media?parent=1374"}],"wp:term":[{"taxonomy":"category","embeddable":true,"href":"https:\/\/bibliotheque-sfpe-at.com\/index.php\/wp-json\/wp\/v2\/categories?post=1374"},{"taxonomy":"post_tag","embeddable":true,"href":"https:\/\/bibliotheque-sfpe-at.com\/index.php\/wp-json\/wp\/v2\/tags?post=1374"}],"curies":[{"name":"wp","href":"https:\/\/api.w.org\/{rel}","templated":true}]}}