{"id":1376,"date":"2024-05-29T14:33:53","date_gmt":"2024-05-29T12:33:53","guid":{"rendered":"https:\/\/sfpe-at.com\/?p=1376"},"modified":"2025-03-24T19:13:24","modified_gmt":"2025-03-24T18:13:24","slug":"la-repetition-du-geste-habite","status":"publish","type":"post","link":"https:\/\/bibliotheque-sfpe-at.com\/index.php\/2024\/05\/29\/la-repetition-du-geste-habite\/","title":{"rendered":"La r\u00e9p\u00e9tition du geste habit\u00e9"},"content":{"rendered":"\n<div class=\"wp-block-columns is-layout-flex wp-container-core-columns-is-layout-28f84493 wp-block-columns-is-layout-flex\">\n<div class=\"wp-block-column is-layout-flow wp-block-column-is-layout-flow\" style=\"flex-basis:66.66%\">\n<p>Comment la r\u00e9p\u00e9tition d\u2019un geste \u00ab habit\u00e9 \u00bb ouvre le passage \u00e0 une suite d\u2019encha\u00eenements dont la mise en forme \u00ab fera monde \u00bb. Pour la personne, r\u00e9p\u00e9ter un geste qui s\u2019impose, semble d\u00e9raisonnable et st\u00e9rile. Comme rien ne l\u2019\u00e9puise, tout porte \u00e0 y renoncer. Le geste \u00e0 r\u00e9p\u00e9ter, toujours le m\u00eame, traverse pourtant une richesse de rythmes, de pauses, de qualit\u00e9s de r\u00e9sistance offerts par la mati\u00e8re ; S\u2019y r\u00e9v\u00e8le le besoin de vivre, de go\u00fbter l\u2019accordage \u00e0 la pulsation interne r\u00e9veill\u00e9e par ce geste. N\u00e9e de cette apparente uniformit\u00e9 du geste r\u00e9p\u00e9t\u00e9, s\u2019ouvre pour la personne une multiplicit\u00e9 de formes, opportunit\u00e9 majeure de relance du mouvement de vie. Ce moment d\u2019abord discret am\u00e8ne \u00e0 l\u2019intensit\u00e9 progressive de l\u2019\u00e9v\u00e9nement du \u00ab faire monde \u00bb. S\u2019approprier ce micro-monde, redistribue alors les cartes du monde interne ; il ouvre non seulement un espace nouveau \u00e0 habiter mais aussi une nouvelle mesure pour (re)traverser autrement les \u00e9v\u00e9nements douloureux de son v\u00e9cu. Je prendrai appui sur une ou plusieurs vignettes cliniques et sur des moments de cr\u00e9ation personnels.<\/p>\n\n\n\n<p><strong><em>Pour lire le texte complet <a href=\"\/index.php\/options-dinscription\/\"><mark style=\"background-color:rgba(0, 0, 0, 0)\" class=\"has-inline-color has-vivid-cyan-blue-color\">s&rsquo;inscrire<\/mark><\/a> ou <a href=\"\/index.php\/my-account\/edit-account\/\"><mark style=\"background-color:rgba(0, 0, 0, 0)\" class=\"has-inline-color has-vivid-cyan-blue-color\">se connecter<\/mark><\/a><\/em><\/strong><\/p>\n\n\n\n\n\n<div style=\"height:100px\" aria-hidden=\"true\" class=\"wp-block-spacer\"><\/div>\n\n\n\n<div class=\"wp-block-buttons is-content-justification-center is-layout-flex wp-container-core-buttons-is-layout-a89b3969 wp-block-buttons-is-layout-flex\">\n<div class=\"wp-block-button has-custom-font-size has-small-font-size\"><a class=\"wp-block-button__link has-vivid-red-background-color has-background wp-element-button\" href=\"\/index.php\/2018\/10\/03\/traversees\/\">&lt;&#8211; retour<\/a><\/div>\n<\/div>\n<\/div>\n\n\n\n<div class=\"wp-block-column is-layout-flow wp-block-column-is-layout-flow\" style=\"flex-basis:33.33%\">\n<figure class=\"wp-block-table\"><table class=\"has-background\" style=\"background-color:#f8f2f2\"><thead><tr><th><mark class=\"has-inline-color has-vivid-red-color\" style=\"background-color: rgba(0, 0, 0, 0);\"><strong>Auteur<\/strong><\/mark><\/th><\/tr><\/thead><tbody><tr><td><strong>Ruth Nahoum <strong>\u2020<\/strong><\/strong><\/td><\/tr><\/tbody><\/table><\/figure>\n\n\n\n<figure class=\"wp-block-table\"><table><thead><tr><th><mark class=\"has-inline-color has-vivid-red-color\" style=\"background-color: rgba(0, 0, 0, 0);\"><strong>R\u00e9f\u00e9rence<\/strong><\/mark><\/th><\/tr><\/thead><tbody><tr><td><strong>RA012-29<\/strong><br><strong>Travers\u00e9es<\/strong><br>Journ\u00e9es d&rsquo;Automne 2018<\/td><\/tr><\/tbody><\/table><\/figure>\n\n\n\n<figure class=\"wp-block-table\"><table><thead><tr><th><mark class=\"has-inline-color has-vivid-red-color\" style=\"background-color: rgba(0, 0, 0, 0);\"><strong>Cat\u00e9gories<\/strong><\/mark><\/th><\/tr><\/thead><tbody><tr><td>Art-th\u00e9rapie<br>Modelage<br>Dispositif de m\u00e9diation<\/td><\/tr><\/tbody><\/table><\/figure>\n<\/div>\n<\/div>\n","protected":false},"excerpt":{"rendered":"<p>Comment la r\u00e9p\u00e9tition d\u2019un geste \u00ab habit\u00e9 \u00bb ouvre le passage \u00e0 une suite d\u2019encha\u00eenements dont la mise en forme \u00ab fera monde \u00bb. Pour la personne, r\u00e9p\u00e9ter un geste qui s\u2019impose, semble d\u00e9raisonnable et st\u00e9rile. Comme rien ne l\u2019\u00e9puise, tout porte \u00e0 y renoncer. Le geste \u00e0 r\u00e9p\u00e9ter, toujours&hellip;<\/p>\n","protected":false},"author":2,"featured_media":0,"comment_status":"closed","ping_status":"open","sticky":false,"template":"","format":"standard","meta":{"pmpro_default_level":"","ngg_post_thumbnail":0,"footnotes":""},"categories":[286],"tags":[492,505,506,285,252],"class_list":["post-1376","post","type-post","status-publish","format-standard","hentry","category-nahoum-ruth","tag-art-therapie","tag-dispositif-de-mediation","tag-modelage","tag-ra012-29","tag-traversees","pmpro-has-access"],"_links":{"self":[{"href":"https:\/\/bibliotheque-sfpe-at.com\/index.php\/wp-json\/wp\/v2\/posts\/1376","targetHints":{"allow":["GET"]}}],"collection":[{"href":"https:\/\/bibliotheque-sfpe-at.com\/index.php\/wp-json\/wp\/v2\/posts"}],"about":[{"href":"https:\/\/bibliotheque-sfpe-at.com\/index.php\/wp-json\/wp\/v2\/types\/post"}],"author":[{"embeddable":true,"href":"https:\/\/bibliotheque-sfpe-at.com\/index.php\/wp-json\/wp\/v2\/users\/2"}],"replies":[{"embeddable":true,"href":"https:\/\/bibliotheque-sfpe-at.com\/index.php\/wp-json\/wp\/v2\/comments?post=1376"}],"version-history":[{"count":5,"href":"https:\/\/bibliotheque-sfpe-at.com\/index.php\/wp-json\/wp\/v2\/posts\/1376\/revisions"}],"predecessor-version":[{"id":4670,"href":"https:\/\/bibliotheque-sfpe-at.com\/index.php\/wp-json\/wp\/v2\/posts\/1376\/revisions\/4670"}],"wp:attachment":[{"href":"https:\/\/bibliotheque-sfpe-at.com\/index.php\/wp-json\/wp\/v2\/media?parent=1376"}],"wp:term":[{"taxonomy":"category","embeddable":true,"href":"https:\/\/bibliotheque-sfpe-at.com\/index.php\/wp-json\/wp\/v2\/categories?post=1376"},{"taxonomy":"post_tag","embeddable":true,"href":"https:\/\/bibliotheque-sfpe-at.com\/index.php\/wp-json\/wp\/v2\/tags?post=1376"}],"curies":[{"name":"wp","href":"https:\/\/api.w.org\/{rel}","templated":true}]}}