{"id":1382,"date":"2024-05-30T19:07:17","date_gmt":"2024-05-30T17:07:17","guid":{"rendered":"https:\/\/sfpe-at.com\/?p=1382"},"modified":"2025-03-09T14:25:15","modified_gmt":"2025-03-09T13:25:15","slug":"ateliers-dart-therapie-pour-les-victimes-de-violences-domestiques","status":"publish","type":"post","link":"https:\/\/bibliotheque-sfpe-at.com\/index.php\/2024\/05\/30\/ateliers-dart-therapie-pour-les-victimes-de-violences-domestiques\/","title":{"rendered":"Ateliers d\u2019art-th\u00e9rapie pour les victimes de violences domestiques"},"content":{"rendered":"\n<div class=\"wp-block-columns is-layout-flex wp-container-core-columns-is-layout-28f84493 wp-block-columns-is-layout-flex\">\n<div class=\"wp-block-column is-layout-flow wp-block-column-is-layout-flow\" style=\"flex-basis:66.66%\"><\/div>\n\n\n\n<div class=\"wp-block-column is-layout-flow wp-block-column-is-layout-flow\" style=\"flex-basis:33.33%\"><\/div>\n<\/div>\n\n\n\n<div class=\"wp-block-columns is-layout-flex wp-container-core-columns-is-layout-28f84493 wp-block-columns-is-layout-flex\">\n<div class=\"wp-block-column is-layout-flow wp-block-column-is-layout-flow\" style=\"flex-basis:66.66%\">\n<p>Nous pr\u00e9sentons une exp\u00e9rience de groupe avec th\u00e9rapie par l&rsquo;art pour les femmes victimes de violence au sein de la famille, dans un centre communautaire de sant\u00e9 mentale du syst\u00e8me de sant\u00e9 publique du Chili. L&rsquo;atelier est r\u00e9alis\u00e9 depuis 2017 par un art-th\u00e9rapeute et un psychologue. Il s&rsquo;agit d&rsquo;un atelier hebdomadaire d&rsquo;une dur\u00e9e de 2 heures pour environ quatorze s\u00e9ances.<br>Cette ann\u00e9e nous commencerons au mois de mai et ce sera la quatri\u00e8me \u00e9dition. Les objectifs du programme de lutte contre la violence au sein de la famille visent l&rsquo;am\u00e9lioration de la qualit\u00e9 de vie des personnes ayant surv\u00e9cu \u00e0 une forme de violence dans un contexte familial.<br>L&rsquo;espace permet l&rsquo;expression et la resignification des exp\u00e9riences de violence v\u00e9cues, mises en lien avec des figures d&rsquo;attachement dans des contextes de couple ou d&rsquo;autres relations significatives.<br>Le travail avec des outils cr\u00e9atifs permet \u00e0 la personne d&rsquo;enqu\u00eater sur elle-m\u00eame et de trouver au travers de l&rsquo;image ou d&rsquo;autres res sources cr\u00e9atives des \u00e9l\u00e9ments plus inconscients. Ces \u00e9l\u00e9ments partag\u00e9s dans le groupe, permettront d&rsquo;acqu\u00e9rir un regard nouveau et de construire d&rsquo;autres r\u00e9cits qui vont renvoyer leur exp\u00e9rience dans l&rsquo;espace d&rsquo;\u00e9coute du groupe. Les axes de travail utilis\u00e9s sont divers : collage, audios (textes et musique), peinture, volume, entre autres. Cette pr\u00e9sentation veut montrer une partie de ces exp\u00e9riences et leurs r\u00e9sultats.<\/p>\n\n\n\n<p><strong><em>Pour lire le texte complet <a href=\"\/index.php\/options-dinscription\/\"><mark style=\"background-color:rgba(0, 0, 0, 0)\" class=\"has-inline-color has-vivid-cyan-blue-color\">s&rsquo;inscrire<\/mark><\/a> ou <a href=\"\/index.php\/my-account\/edit-account\/\"><mark style=\"background-color:rgba(0, 0, 0, 0)\" class=\"has-inline-color has-vivid-cyan-blue-color\">se connecter<\/mark><\/a><\/em><\/strong><\/p>\n\n\n\n\n\n<div style=\"height:100px\" aria-hidden=\"true\" class=\"wp-block-spacer\"><\/div>\n\n\n\n<div class=\"wp-block-buttons is-content-justification-center is-layout-flex wp-container-core-buttons-is-layout-a89b3969 wp-block-buttons-is-layout-flex\">\n<div class=\"wp-block-button has-custom-font-size is-style-fill has-small-font-size\"><a class=\"wp-block-button__link has-vivid-red-background-color has-background wp-element-button\" href=\"https:\/\/bibliotheque-sfpe-at.com\/index.php\/2019\/11\/03\/violences\/\">&lt;&#8211;retour<\/a><\/div>\n<\/div>\n<\/div>\n\n\n\n<div class=\"wp-block-column is-layout-flow wp-block-column-is-layout-flow\" style=\"flex-basis:33.33%\">\n<figure class=\"wp-block-table\"><table class=\"has-background\" style=\"background-color:#f8f2f2\"><thead><tr><th><mark class=\"has-inline-color has-vivid-red-color\" style=\"background-color: rgba(0, 0, 0, 0);\"><strong>Auteur<\/strong><\/mark><\/th><\/tr><\/thead><tbody><tr><td><p><strong>Paulina Flores Pe\u00f1aloza<\/strong><br><strong>Manuel Molina<\/strong><\/p><\/td><\/tr><\/tbody><\/table><\/figure>\n\n\n\n<figure class=\"wp-block-table\"><table><thead><tr><th><mark class=\"has-inline-color has-vivid-red-color\" style=\"background-color: rgba(0, 0, 0, 0);\"><strong>R\u00e9f\u00e9rence<\/strong><\/mark><\/th><\/tr><\/thead><tbody><tr><td><strong>RA014-05<\/strong><br><strong>Violences<\/strong><br>Journ\u00e9es d\u2019Automne 2019<\/td><\/tr><\/tbody><\/table><\/figure>\n\n\n\n<figure class=\"wp-block-table\"><table><thead><tr><th><mark class=\"has-inline-color has-vivid-red-color\" style=\"background-color: rgba(0, 0, 0, 0);\"><strong>Cat\u00e9gories<\/strong><\/mark><\/th><\/tr><\/thead><tbody><tr><td>Art-th\u00e9rapie<br>Dispositif de m\u00e9diation<\/td><\/tr><\/tbody><\/table><\/figure>\n<\/div>\n<\/div>\n","protected":false},"excerpt":{"rendered":"<p>Nous pr\u00e9sentons une exp\u00e9rience de groupe avec th\u00e9rapie par l&rsquo;art pour les femmes victimes de violence au sein de la famille, dans un centre communautaire de sant\u00e9 mentale du syst\u00e8me de sant\u00e9 publique du Chili. L&rsquo;atelier est r\u00e9alis\u00e9 depuis 2017 par un art-th\u00e9rapeute et un psychologue. Il s&rsquo;agit d&rsquo;un atelier&hellip;<\/p>\n","protected":false},"author":2,"featured_media":0,"comment_status":"closed","ping_status":"open","sticky":false,"template":"","format":"standard","meta":{"pmpro_default_level":"","ngg_post_thumbnail":0,"footnotes":""},"categories":[288,289],"tags":[492,505,287,38],"class_list":["post-1382","post","type-post","status-publish","format-standard","hentry","category-flores-penaloza-paulina","category-molina-manuel","tag-art-therapie","tag-dispositif-de-mediation","tag-ra014-05","tag-violences","pmpro-has-access"],"_links":{"self":[{"href":"https:\/\/bibliotheque-sfpe-at.com\/index.php\/wp-json\/wp\/v2\/posts\/1382","targetHints":{"allow":["GET"]}}],"collection":[{"href":"https:\/\/bibliotheque-sfpe-at.com\/index.php\/wp-json\/wp\/v2\/posts"}],"about":[{"href":"https:\/\/bibliotheque-sfpe-at.com\/index.php\/wp-json\/wp\/v2\/types\/post"}],"author":[{"embeddable":true,"href":"https:\/\/bibliotheque-sfpe-at.com\/index.php\/wp-json\/wp\/v2\/users\/2"}],"replies":[{"embeddable":true,"href":"https:\/\/bibliotheque-sfpe-at.com\/index.php\/wp-json\/wp\/v2\/comments?post=1382"}],"version-history":[{"count":3,"href":"https:\/\/bibliotheque-sfpe-at.com\/index.php\/wp-json\/wp\/v2\/posts\/1382\/revisions"}],"predecessor-version":[{"id":3975,"href":"https:\/\/bibliotheque-sfpe-at.com\/index.php\/wp-json\/wp\/v2\/posts\/1382\/revisions\/3975"}],"wp:attachment":[{"href":"https:\/\/bibliotheque-sfpe-at.com\/index.php\/wp-json\/wp\/v2\/media?parent=1382"}],"wp:term":[{"taxonomy":"category","embeddable":true,"href":"https:\/\/bibliotheque-sfpe-at.com\/index.php\/wp-json\/wp\/v2\/categories?post=1382"},{"taxonomy":"post_tag","embeddable":true,"href":"https:\/\/bibliotheque-sfpe-at.com\/index.php\/wp-json\/wp\/v2\/tags?post=1382"}],"curies":[{"name":"wp","href":"https:\/\/api.w.org\/{rel}","templated":true}]}}