{"id":1387,"date":"2024-05-30T19:14:29","date_gmt":"2024-05-30T17:14:29","guid":{"rendered":"https:\/\/sfpe-at.com\/?p=1387"},"modified":"2025-03-09T14:25:58","modified_gmt":"2025-03-09T13:25:58","slug":"nicolas-de-stael-violence-dune-vie-violence-dune-oeuvre","status":"publish","type":"post","link":"https:\/\/bibliotheque-sfpe-at.com\/index.php\/2024\/05\/30\/nicolas-de-stael-violence-dune-vie-violence-dune-oeuvre\/","title":{"rendered":"Nicolas de Sta\u00ebl, violence d\u2019une vie, violence d\u2019une \u0153uvre"},"content":{"rendered":"\n<div class=\"wp-block-columns is-layout-flex wp-container-core-columns-is-layout-28f84493 wp-block-columns-is-layout-flex\">\n<div class=\"wp-block-column is-layout-flow wp-block-column-is-layout-flow\" style=\"flex-basis:66.66%\"><\/div>\n\n\n\n<div class=\"wp-block-column is-layout-flow wp-block-column-is-layout-flow\" style=\"flex-basis:33.33%\"><\/div>\n<\/div>\n\n\n\n<div class=\"wp-block-columns is-layout-flex wp-container-core-columns-is-layout-28f84493 wp-block-columns-is-layout-flex\">\n<div class=\"wp-block-column is-layout-flow wp-block-column-is-layout-flow\" style=\"flex-basis:66.66%\">\n<p>La vie de Nicolas de Sta\u00ebl (1914-1955) commence avec une guerre, \u00e0 l&rsquo;aube de la r\u00e9volution russe et se termine par un suicide. Marqu\u00e9e par la violence, l&rsquo;exil et le deuil, sa vie, il la pense comme <em>un continuel voyage sur une mer incertaine <\/em>mais aussi comme un flot <em>d&rsquo;aluminium glacial et br\u00fblant. <\/em>Violence et inqui\u00e9tude se projettent dans son \u0153uvre et dans de nombreuses lettres o\u00f9 il exprime son v\u00e9cu de peintre : peindre \u00e0 mille vibrations le coup re\u00e7u, \u00e0 recevoir, peindre <em>une illumination sans pr\u00e9c\u00e9dent<\/em><em>&#8230; <\/em>Il dit peindre pour <em>s&rsquo;aider <\/em><em>\u00e0 <\/em><em>vivre, <\/em>mais il va peindre jusqu&rsquo;\u00e0 l&rsquo;\u00e9puisement et en mourir &#8230;<\/p>\n\n\n\n<p>La cr\u00e9ation n&rsquo;a pas fait bord; d\u00e9bordement, elle n&rsquo;a pas donn\u00e9 de limite \u00e0 la d\u00e9vastation int\u00e9rieure. Feu et glace se projettent en direct sur la toile : le choc de la lumi\u00e8re, de la couleur et de la mati\u00e8re nous saisit, nous transperce.<\/p>\n\n\n\n<p><em>Luxe d&rsquo;imprudence, <\/em>la vie selon Sta\u00ebl est une tension d\u00e9chirante, la qu\u00eate \u00e9perdue d&rsquo;un absolu qu&rsquo;il sait impossible \u00e0 saisir. Tel Icare, Nicolas de Sta\u00ebl se br\u00fble au feu de la lumi\u00e8re pour s&rsquo;an\u00e9antir dans une chute irr\u00e9m\u00e9diable.<\/p>\n\n\n\n<p><strong><em>Pour lire le texte complet <a href=\"\/index.php\/options-dinscription\/\"><mark style=\"background-color:rgba(0, 0, 0, 0)\" class=\"has-inline-color has-vivid-cyan-blue-color\">s&rsquo;inscrire<\/mark><\/a> ou <a href=\"\/index.php\/my-account\/edit-account\/\"><mark style=\"background-color:rgba(0, 0, 0, 0)\" class=\"has-inline-color has-vivid-cyan-blue-color\">se connecter<\/mark><\/a><\/em><\/strong><\/p>\n\n\n\n\n\n<div style=\"height:100px\" aria-hidden=\"true\" class=\"wp-block-spacer\"><\/div>\n\n\n\n<div class=\"wp-block-buttons is-content-justification-center is-layout-flex wp-container-core-buttons-is-layout-a89b3969 wp-block-buttons-is-layout-flex\">\n<div class=\"wp-block-button has-custom-font-size is-style-fill has-small-font-size\"><a class=\"wp-block-button__link has-vivid-red-background-color has-background wp-element-button\" href=\"\/index.php\/2019\/11\/03\/violences\/\">&lt;&#8211;retour<\/a><\/div>\n<\/div>\n<\/div>\n\n\n\n<div class=\"wp-block-column is-layout-flow wp-block-column-is-layout-flow\" style=\"flex-basis:33.33%\">\n<figure class=\"wp-block-table\"><table class=\"has-background\" style=\"background-color:#f8f2f2\"><thead><tr><th><mark class=\"has-inline-color has-vivid-red-color\" style=\"background-color: rgba(0, 0, 0, 0);\"><strong>Auteur<\/strong><\/mark><\/th><\/tr><\/thead><tbody><tr><td><strong>Val\u00e9rie Deschamps<\/strong><\/td><\/tr><\/tbody><\/table><\/figure>\n\n\n\n<figure class=\"wp-block-table\"><table><thead><tr><th><mark class=\"has-inline-color has-vivid-red-color\" style=\"background-color: rgba(0, 0, 0, 0);\"><strong>R\u00e9f\u00e9rence<\/strong><\/mark><\/th><\/tr><\/thead><tbody><tr><td><strong>RA014-07<\/strong><br><strong>Violences<\/strong><br>Journ\u00e9es d\u2019Automne 2019<\/td><\/tr><\/tbody><\/table><\/figure>\n\n\n\n<figure class=\"wp-block-table\"><table><thead><tr><th><mark class=\"has-inline-color has-vivid-red-color\" style=\"background-color: rgba(0, 0, 0, 0);\"><strong>Cat\u00e9gories<\/strong><\/mark><\/th><\/tr><\/thead><tbody><tr><td>Art<br>Peinture<br>Cas clinique<\/td><\/tr><\/tbody><\/table><\/figure>\n<\/div>\n<\/div>\n","protected":false},"excerpt":{"rendered":"<p>La vie de Nicolas de Sta\u00ebl (1914-1955) commence avec une guerre, \u00e0 l&rsquo;aube de la r\u00e9volution russe et se termine par un suicide. Marqu\u00e9e par la violence, l&rsquo;exil et le deuil, sa vie, il la pense comme un continuel voyage sur une mer incertaine mais aussi comme un flot d&rsquo;aluminium&hellip;<\/p>\n","protected":false},"author":2,"featured_media":0,"comment_status":"closed","ping_status":"open","sticky":false,"template":"","format":"standard","meta":{"pmpro_default_level":"","ngg_post_thumbnail":0,"footnotes":""},"categories":[93],"tags":[483,493,484,291,38],"class_list":["post-1387","post","type-post","status-publish","format-standard","hentry","category-deschamps-valerie","tag-art","tag-cas-clinique","tag-peinture","tag-ra014-07","tag-violences","pmpro-has-access"],"_links":{"self":[{"href":"https:\/\/bibliotheque-sfpe-at.com\/index.php\/wp-json\/wp\/v2\/posts\/1387","targetHints":{"allow":["GET"]}}],"collection":[{"href":"https:\/\/bibliotheque-sfpe-at.com\/index.php\/wp-json\/wp\/v2\/posts"}],"about":[{"href":"https:\/\/bibliotheque-sfpe-at.com\/index.php\/wp-json\/wp\/v2\/types\/post"}],"author":[{"embeddable":true,"href":"https:\/\/bibliotheque-sfpe-at.com\/index.php\/wp-json\/wp\/v2\/users\/2"}],"replies":[{"embeddable":true,"href":"https:\/\/bibliotheque-sfpe-at.com\/index.php\/wp-json\/wp\/v2\/comments?post=1387"}],"version-history":[{"count":3,"href":"https:\/\/bibliotheque-sfpe-at.com\/index.php\/wp-json\/wp\/v2\/posts\/1387\/revisions"}],"predecessor-version":[{"id":3976,"href":"https:\/\/bibliotheque-sfpe-at.com\/index.php\/wp-json\/wp\/v2\/posts\/1387\/revisions\/3976"}],"wp:attachment":[{"href":"https:\/\/bibliotheque-sfpe-at.com\/index.php\/wp-json\/wp\/v2\/media?parent=1387"}],"wp:term":[{"taxonomy":"category","embeddable":true,"href":"https:\/\/bibliotheque-sfpe-at.com\/index.php\/wp-json\/wp\/v2\/categories?post=1387"},{"taxonomy":"post_tag","embeddable":true,"href":"https:\/\/bibliotheque-sfpe-at.com\/index.php\/wp-json\/wp\/v2\/tags?post=1387"}],"curies":[{"name":"wp","href":"https:\/\/api.w.org\/{rel}","templated":true}]}}