{"id":1391,"date":"2024-05-30T19:19:09","date_gmt":"2024-05-30T17:19:09","guid":{"rendered":"https:\/\/sfpe-at.com\/?p=1391"},"modified":"2025-03-09T14:27:19","modified_gmt":"2025-03-09T13:27:19","slug":"egon-schiele-ou-la-violence-du-sexuel","status":"publish","type":"post","link":"https:\/\/bibliotheque-sfpe-at.com\/index.php\/2024\/05\/30\/egon-schiele-ou-la-violence-du-sexuel\/","title":{"rendered":"Egon Schiele ou \u00ab la violence du sexuel \u00bb"},"content":{"rendered":"\n<div class=\"wp-block-columns is-layout-flex wp-container-core-columns-is-layout-28f84493 wp-block-columns-is-layout-flex\">\n<div class=\"wp-block-column is-layout-flow wp-block-column-is-layout-flow\" style=\"flex-basis:66.66%\"><\/div>\n\n\n\n<div class=\"wp-block-column is-layout-flow wp-block-column-is-layout-flow\" style=\"flex-basis:33.33%\"><\/div>\n<\/div>\n\n\n\n<div class=\"wp-block-columns is-layout-flex wp-container-core-columns-is-layout-28f84493 wp-block-columns-is-layout-flex\">\n<div class=\"wp-block-column is-layout-flow wp-block-column-is-layout-flow\" style=\"flex-basis:66.66%\">\n<p>Egon Schiele grandit au sein d&rsquo;une famille endeuill\u00e9e o\u00f9 les acc\u00e8s de violence du p\u00e8re et son d\u00e9c\u00e8s pr\u00e9coce ont laiss\u00e9 la question du sexuel au stade d&rsquo;un narcissisme primaire qu&rsquo;Egon Schiele exprimera dans ses nombreux dessins de nus choquants pour la soci\u00e9t\u00e9 viennoise de ce d\u00e9but du XX&rsquo; si\u00e8cle.<\/p>\n\n\n\n<p>La r\u00e9pression envers la sexualit\u00e9 condamnera Egon Schiele en l&rsquo;accusant de l&rsquo;acte d\u00e9lictueux de p\u00e9dophilie. \u00ab Mon arrestation n&rsquo;est pas une m\u00e9prise ! [&#8230;] on me soup\u00e7onne d&rsquo;actes de p\u00e9dophilie avec des petites filles, \u00e0 cause de la fabrication de dessins \u00e9rotiques, c&rsquo;est-\u00e0-dire obsc\u00e8nes, que j&rsquo;aurais montr\u00e9s \u00e0 des enfants ou laiss\u00e9 tra\u00eener par inadvertance \u00bb.<\/p>\n\n\n\n<p>Pour Egon l&rsquo;incompr\u00e9hension est totale. L&rsquo;ambivalence est v\u00e9cue dans les oppositions juxtapos\u00e9es des chairs en d\u00e9composition et des chairs rouges vivantes. La limite incestueuse est franchie. Egon Schiele explore d&rsquo;un trait ferme et sensible les mod\u00e8les qui posent pour lui, en premier lieu sa jeune s\u0153ur. La diff\u00e9rence des sexes, de l&rsquo;acte sexuel, et la question du double narcissique occupent l&rsquo;espace de son \u0153uvre peint et dessin\u00e9. D&rsquo;apr\u00e8s les dessins <em>Nu <\/em><em>couch\u00e9 <\/em>de 1918 et <em>Fille <\/em>observ\u00e9e dans un r\u00eave de 1911, <em>\u00c9ros <\/em>de 1911, et quelques toiles <em>La<\/em><em> <\/em><em>m\u00e8re morte <\/em>1910, <em>\u00c9treinte <\/em>1917, nous essaierons de d\u00e9finir ce qu&rsquo;Egon Schiele va \u00e9voquer, l&rsquo;\u00e9rotisme comme art sacr\u00e9, que ses contemporains vont consid\u00e9rer comme pervers, et que nous pourrions interpr\u00e9ter comme la violence du sexuel.<\/p>\n\n\n\n<p><strong><em>Pour lire le texte complet <a href=\"\/index.php\/options-dinscription\/\"><mark style=\"background-color:rgba(0, 0, 0, 0)\" class=\"has-inline-color has-vivid-cyan-blue-color\">s&rsquo;inscrire<\/mark><\/a> ou <a href=\"\/index.php\/my-account\/edit-account\/\"><mark style=\"background-color:rgba(0, 0, 0, 0)\" class=\"has-inline-color has-vivid-cyan-blue-color\">se connecter<\/mark><\/a><\/em><\/strong><\/p>\n\n\n\n\n\n<div style=\"height:100px\" aria-hidden=\"true\" class=\"wp-block-spacer\"><\/div>\n\n\n\n<div class=\"wp-block-buttons is-content-justification-center is-layout-flex wp-container-core-buttons-is-layout-a89b3969 wp-block-buttons-is-layout-flex\">\n<div class=\"wp-block-button has-custom-font-size is-style-fill has-small-font-size\"><a class=\"wp-block-button__link has-vivid-red-background-color has-background wp-element-button\" href=\"\/index.php\/2019\/11\/03\/violences\/\">&lt;&#8211;retour<\/a><\/div>\n<\/div>\n<\/div>\n\n\n\n<div class=\"wp-block-column is-layout-flow wp-block-column-is-layout-flow\" style=\"flex-basis:33.33%\">\n<figure class=\"wp-block-table\"><table class=\"has-background\" style=\"background-color:#f8f2f2\"><thead><tr><th><mark class=\"has-inline-color has-vivid-red-color\" style=\"background-color: rgba(0, 0, 0, 0);\"><strong>Auteur<\/strong><\/mark><\/th><\/tr><\/thead><tbody><tr><td><strong>Berlende Lamblin<\/strong><\/td><\/tr><\/tbody><\/table><\/figure>\n\n\n\n<figure class=\"wp-block-table\"><table><thead><tr><th><mark class=\"has-inline-color has-vivid-red-color\" style=\"background-color: rgba(0, 0, 0, 0);\"><strong>R\u00e9f\u00e9rence<\/strong><\/mark><\/th><\/tr><\/thead><tbody><tr><td><strong>RA014-09<\/strong><br><strong>Violences<\/strong><br>Journ\u00e9es d\u2019Automne 2019<\/td><\/tr><\/tbody><\/table><\/figure>\n\n\n\n<figure class=\"wp-block-table\"><table><thead><tr><th><mark class=\"has-inline-color has-vivid-red-color\" style=\"background-color: rgba(0, 0, 0, 0);\"><strong>Cat\u00e9gories<\/strong><\/mark><\/th><\/tr><\/thead><tbody><tr><td>Art<br>Psychanalyse<br>Peinture<br>Cas clinique<\/td><\/tr><\/tbody><\/table><\/figure>\n<\/div>\n<\/div>\n","protected":false},"excerpt":{"rendered":"<p>Egon Schiele grandit au sein d&rsquo;une famille endeuill\u00e9e o\u00f9 les acc\u00e8s de violence du p\u00e8re et son d\u00e9c\u00e8s pr\u00e9coce ont laiss\u00e9 la question du sexuel au stade d&rsquo;un narcissisme primaire qu&rsquo;Egon Schiele exprimera dans ses nombreux dessins de nus choquants pour la soci\u00e9t\u00e9 viennoise de ce d\u00e9but du XX&rsquo; si\u00e8cle.&hellip;<\/p>\n","protected":false},"author":2,"featured_media":0,"comment_status":"closed","ping_status":"open","sticky":false,"template":"","format":"standard","meta":{"pmpro_default_level":"","ngg_post_thumbnail":0,"footnotes":""},"categories":[85],"tags":[483,493,484,494,293,38],"class_list":["post-1391","post","type-post","status-publish","format-standard","hentry","category-lamblin-berlende","tag-art","tag-cas-clinique","tag-peinture","tag-psychanalyse","tag-ra014-09","tag-violences","pmpro-has-access"],"_links":{"self":[{"href":"https:\/\/bibliotheque-sfpe-at.com\/index.php\/wp-json\/wp\/v2\/posts\/1391","targetHints":{"allow":["GET"]}}],"collection":[{"href":"https:\/\/bibliotheque-sfpe-at.com\/index.php\/wp-json\/wp\/v2\/posts"}],"about":[{"href":"https:\/\/bibliotheque-sfpe-at.com\/index.php\/wp-json\/wp\/v2\/types\/post"}],"author":[{"embeddable":true,"href":"https:\/\/bibliotheque-sfpe-at.com\/index.php\/wp-json\/wp\/v2\/users\/2"}],"replies":[{"embeddable":true,"href":"https:\/\/bibliotheque-sfpe-at.com\/index.php\/wp-json\/wp\/v2\/comments?post=1391"}],"version-history":[{"count":3,"href":"https:\/\/bibliotheque-sfpe-at.com\/index.php\/wp-json\/wp\/v2\/posts\/1391\/revisions"}],"predecessor-version":[{"id":3978,"href":"https:\/\/bibliotheque-sfpe-at.com\/index.php\/wp-json\/wp\/v2\/posts\/1391\/revisions\/3978"}],"wp:attachment":[{"href":"https:\/\/bibliotheque-sfpe-at.com\/index.php\/wp-json\/wp\/v2\/media?parent=1391"}],"wp:term":[{"taxonomy":"category","embeddable":true,"href":"https:\/\/bibliotheque-sfpe-at.com\/index.php\/wp-json\/wp\/v2\/categories?post=1391"},{"taxonomy":"post_tag","embeddable":true,"href":"https:\/\/bibliotheque-sfpe-at.com\/index.php\/wp-json\/wp\/v2\/tags?post=1391"}],"curies":[{"name":"wp","href":"https:\/\/api.w.org\/{rel}","templated":true}]}}