{"id":1395,"date":"2024-05-30T19:26:02","date_gmt":"2024-05-30T17:26:02","guid":{"rendered":"https:\/\/sfpe-at.com\/?p=1395"},"modified":"2025-03-09T14:29:37","modified_gmt":"2025-03-09T13:29:37","slug":"de-lirrepresentable","status":"publish","type":"post","link":"https:\/\/bibliotheque-sfpe-at.com\/index.php\/2024\/05\/30\/de-lirrepresentable\/","title":{"rendered":"De l\u2019irrepr\u00e9sentable"},"content":{"rendered":"\n<div class=\"wp-block-columns is-layout-flex wp-container-core-columns-is-layout-28f84493 wp-block-columns-is-layout-flex\">\n<div class=\"wp-block-column is-layout-flow wp-block-column-is-layout-flow\" style=\"flex-basis:66.66%\"><\/div>\n\n\n\n<div class=\"wp-block-column is-layout-flow wp-block-column-is-layout-flow\" style=\"flex-basis:33.33%\"><\/div>\n<\/div>\n\n\n\n<div class=\"wp-block-columns is-layout-flex wp-container-core-columns-is-layout-28f84493 wp-block-columns-is-layout-flex\">\n<div class=\"wp-block-column is-layout-flow wp-block-column-is-layout-flow\" style=\"flex-basis:66.66%\">\n<p>Le traumatisme majeur est un processus d&rsquo;an\u00e9antissement qui coupe des forces \u00e9motionnelles et sensibles ; il y a enferme ment dans une r\u00e9p\u00e9tition mortif\u00e8re stup\u00e9fiant tous processus vitaux, toute possibilit\u00e9 imaginaire, et, de toute fa\u00e7on, irrecevable car la repr\u00e9sentation suppose un autre qui re\u00e7oit. La repr\u00e9sentation n\u00e9cessite cet autre, cet \u00e9tranger ici disparu, qui fait \u00e9cho \u00e0 ce qui nous fonde, notre propre alt\u00e9rit\u00e9 d\u00e9truite dans tout ph\u00e9nom\u00e8ne traumatique majeur.<\/p>\n\n\n\n<p>Les \u00e9v\u00e9nements traumatiques sont condamn\u00e9s \u00e0 \u00eatre des orphelins de la forme, des morts sans s\u00e9pulture&#8230; (Paul Celan dans <em>Todes fuge).<\/em><em><\/em><\/p>\n\n\n\n<p>Comment faire alors pour nous sauver et nous r\u00e9accorder \u00e0 notre humanit\u00e9?<\/p>\n\n\n\n<p>Le lien profond avec un art peut jouer l\u00e0 son r\u00f4le salvateur de m\u00e9diation !<\/p>\n\n\n\n<p>Je parlerai de la m\u00e9diation comme ayant la capacit\u00e9 de recr\u00e9er une mise en mouvement par un saut imaginaire dans une mati\u00e8re nous racontant ses lois, ses limites, ses forces et ses fragilit\u00e9s, et qui permet, malgr\u00e9 tout, d&rsquo;aller vers une mise en forme qui sauve de la p\u00e9trification.<\/p>\n\n\n\n<p>Je pourrai prendre comme exemple :<\/p>\n\n\n\n<p>Goya avec les gravures des <em>D\u00e9sastres de la guerre, <\/em>le parcours de Zoran Music, Barnett Newman, Oscar Munoz, le photographe S\u00e9bastiao Salgado, les cin\u00e9astes Ari Folman, Rithy Panh, etc.<\/p>\n\n\n\n<p><strong><em>Pour lire le texte complet <a href=\"\/index.php\/options-dinscription\/\"><mark style=\"background-color:rgba(0, 0, 0, 0)\" class=\"has-inline-color has-vivid-cyan-blue-color\">s&rsquo;inscrire<\/mark><\/a> ou <a href=\"\/index.php\/my-account\/edit-account\/\"><mark style=\"background-color:rgba(0, 0, 0, 0)\" class=\"has-inline-color has-vivid-cyan-blue-color\">se connecter<\/mark><\/a><\/em><\/strong><\/p>\n\n\n\n\n\n<div style=\"height:100px\" aria-hidden=\"true\" class=\"wp-block-spacer\"><\/div>\n\n\n\n<div class=\"wp-block-buttons is-content-justification-center is-layout-flex wp-container-core-buttons-is-layout-a89b3969 wp-block-buttons-is-layout-flex\">\n<div class=\"wp-block-button has-custom-font-size is-style-fill has-small-font-size\"><a class=\"wp-block-button__link has-vivid-red-background-color has-background wp-element-button\" href=\"\/index.php\/2019\/11\/03\/violences\/\">&lt;&#8211;retour<\/a><\/div>\n<\/div>\n<\/div>\n\n\n\n<div class=\"wp-block-column is-layout-flow wp-block-column-is-layout-flow\" style=\"flex-basis:33.33%\">\n<figure class=\"wp-block-table\"><table class=\"has-background\" style=\"background-color:#f8f2f2\"><thead><tr><th><mark class=\"has-inline-color has-vivid-red-color\" style=\"background-color: rgba(0, 0, 0, 0);\"><strong>Auteur<\/strong><\/mark><\/th><\/tr><\/thead><tbody><tr><td><strong>Ruth Nahoum<\/strong><\/td><\/tr><\/tbody><\/table><\/figure>\n\n\n\n<figure class=\"wp-block-table\"><table><thead><tr><th><mark class=\"has-inline-color has-vivid-red-color\" style=\"background-color: rgba(0, 0, 0, 0);\"><strong>R\u00e9f\u00e9rence<\/strong><\/mark><\/th><\/tr><\/thead><tbody><tr><td><strong>RA014-11<\/strong><br><strong>Violences<\/strong><br>Journ\u00e9es d\u2019Automne 2019<\/td><\/tr><\/tbody><\/table><\/figure>\n\n\n\n<figure class=\"wp-block-table\"><table><thead><tr><th><mark class=\"has-inline-color has-vivid-red-color\" style=\"background-color: rgba(0, 0, 0, 0);\"><strong>Cat\u00e9gories<\/strong><\/mark><\/th><\/tr><\/thead><tbody><tr><td>Esth\u00e9tique<br>Psychopathologie de l\u2019expression<br>Gravure<br>Modelage<\/td><\/tr><\/tbody><\/table><\/figure>\n<\/div>\n<\/div>\n","protected":false},"excerpt":{"rendered":"<p>Le traumatisme majeur est un processus d&rsquo;an\u00e9antissement qui coupe des forces \u00e9motionnelles et sensibles ; il y a enferme ment dans une r\u00e9p\u00e9tition mortif\u00e8re stup\u00e9fiant tous processus vitaux, toute possibilit\u00e9 imaginaire, et, de toute fa\u00e7on, irrecevable car la repr\u00e9sentation suppose un autre qui re\u00e7oit. La repr\u00e9sentation n\u00e9cessite cet autre, cet&hellip;<\/p>\n","protected":false},"author":2,"featured_media":0,"comment_status":"closed","ping_status":"open","sticky":false,"template":"","format":"standard","meta":{"pmpro_default_level":"","ngg_post_thumbnail":0,"footnotes":""},"categories":[286],"tags":[491,517,506,488,296,38],"class_list":["post-1395","post","type-post","status-publish","format-standard","hentry","category-nahoum-ruth","tag-esthetique","tag-gravure","tag-modelage","tag-psychopathologie-de-lexpression","tag-ra014-11","tag-violences","pmpro-has-access"],"_links":{"self":[{"href":"https:\/\/bibliotheque-sfpe-at.com\/index.php\/wp-json\/wp\/v2\/posts\/1395","targetHints":{"allow":["GET"]}}],"collection":[{"href":"https:\/\/bibliotheque-sfpe-at.com\/index.php\/wp-json\/wp\/v2\/posts"}],"about":[{"href":"https:\/\/bibliotheque-sfpe-at.com\/index.php\/wp-json\/wp\/v2\/types\/post"}],"author":[{"embeddable":true,"href":"https:\/\/bibliotheque-sfpe-at.com\/index.php\/wp-json\/wp\/v2\/users\/2"}],"replies":[{"embeddable":true,"href":"https:\/\/bibliotheque-sfpe-at.com\/index.php\/wp-json\/wp\/v2\/comments?post=1395"}],"version-history":[{"count":3,"href":"https:\/\/bibliotheque-sfpe-at.com\/index.php\/wp-json\/wp\/v2\/posts\/1395\/revisions"}],"predecessor-version":[{"id":3980,"href":"https:\/\/bibliotheque-sfpe-at.com\/index.php\/wp-json\/wp\/v2\/posts\/1395\/revisions\/3980"}],"wp:attachment":[{"href":"https:\/\/bibliotheque-sfpe-at.com\/index.php\/wp-json\/wp\/v2\/media?parent=1395"}],"wp:term":[{"taxonomy":"category","embeddable":true,"href":"https:\/\/bibliotheque-sfpe-at.com\/index.php\/wp-json\/wp\/v2\/categories?post=1395"},{"taxonomy":"post_tag","embeddable":true,"href":"https:\/\/bibliotheque-sfpe-at.com\/index.php\/wp-json\/wp\/v2\/tags?post=1395"}],"curies":[{"name":"wp","href":"https:\/\/api.w.org\/{rel}","templated":true}]}}