{"id":1397,"date":"2024-05-30T19:28:49","date_gmt":"2024-05-30T17:28:49","guid":{"rendered":"https:\/\/sfpe-at.com\/?p=1397"},"modified":"2025-03-09T14:30:36","modified_gmt":"2025-03-09T13:30:36","slug":"le-ciel-est-encore-bleu-art-therapie-et-rehabilitation-oncologique","status":"publish","type":"post","link":"https:\/\/bibliotheque-sfpe-at.com\/index.php\/2024\/05\/30\/le-ciel-est-encore-bleu-art-therapie-et-rehabilitation-oncologique\/","title":{"rendered":"Le ciel est encore bleu. Art-th\u00e9rapie et r\u00e9habilitation oncologique"},"content":{"rendered":"\n<div class=\"wp-block-columns is-layout-flex wp-container-core-columns-is-layout-28f84493 wp-block-columns-is-layout-flex\">\n<div class=\"wp-block-column is-layout-flow wp-block-column-is-layout-flow\" style=\"flex-basis:66.66%\"><\/div>\n\n\n\n<div class=\"wp-block-column is-layout-flow wp-block-column-is-layout-flow\" style=\"flex-basis:33.33%\"><\/div>\n<\/div>\n\n\n\n<div class=\"wp-block-columns is-layout-flex wp-container-core-columns-is-layout-28f84493 wp-block-columns-is-layout-flex\">\n<div class=\"wp-block-column is-layout-flow wp-block-column-is-layout-flow\" style=\"flex-basis:66.66%\">\n<p>Le diagnostic d&rsquo;une maladie comme celle du cancer et le long parcours, m\u00e9dical peuvent d\u00e9clencher chez le patient des \u00e9l\u00e9ments tr\u00e8s stressants et \u00eatre v\u00e9cus comme une agression traumatique, voire une violence, qui s&rsquo;ajoute \u00e0 celle de la maladie elle- m\u00eame.<\/p>\n\n\n\n<p>La maladie et les traitements entra\u00eenent souvent des perturbations et d\u00e9s\u00e9quilibres, qui d\u00e9stabilisent la vie quotidienne, cr\u00e9ant de s\u00e9rieux dommages sur les fonctionnements \u00e9motionnels, cognitifs et sociaux. Une partie des patients subit une crise identitaire et existentielle avec angoisses et peurs pour l\u2019avenir ; d&rsquo;autres sont confront\u00e9s \u00e0 des aspects de r\u00e9gression et de r\u00e9bellion.<\/p>\n\n\n\n<p>L&rsquo;angoisse de la douleur, de la mort, la perte d&rsquo;autonomie, les changements sociaux et \u00e9conomiques, la perte des perspectives peuvent amener \u00e0 l&rsquo;isolation sociale et cr\u00e9er des sentiments de solitude et d&rsquo;impuissance.<\/p>\n\n\n\n<p>L&rsquo;art-th\u00e9rapie s&rsquo;est r\u00e9v\u00e9l\u00e9e \u00eatre un outil tr\u00e8s efficace pour faire face \u00e0 cette exp\u00e9rience. En cr\u00e9ant un espace prot\u00e9g\u00e9, elle permet \u00e0 la personne d&rsquo;activer ses ressources personnelles gr\u00e2ce au d\u00e9veloppement de l&rsquo;imaginaire et de la cr\u00e9ativit\u00e9. Via la symbolisation par un langage autre, singulier, individuel et collectif en m\u00eame temps, elle permet de dire l&rsquo;indicible, d&rsquo;exprimer son propre v\u00e9cu, de se r\u00e9approprier sa vie, de donner une forme \u00e0 ses traumatismes, de les partager et redonne un v\u00e9ritable \u00e9lan vers de nouvelles perspectives.<\/p>\n\n\n\n<p>Sera pr\u00e9sent\u00e9 un projet pilote d&rsquo;art-th\u00e9rapie conduit sur deux ans dans une clinique de r\u00e9habilitation en Suisse.<\/p>\n\n\n\n<p><strong><em>Pour lire le texte complet <a href=\"\/index.php\/options-dinscription\/\"><mark style=\"background-color:rgba(0, 0, 0, 0)\" class=\"has-inline-color has-vivid-cyan-blue-color\">s&rsquo;inscrire<\/mark><\/a> ou <a href=\"\/index.php\/my-account\/edit-account\/\"><mark style=\"background-color:rgba(0, 0, 0, 0)\" class=\"has-inline-color has-vivid-cyan-blue-color\">se connecter<\/mark><\/a><\/em><\/strong><\/p>\n\n\n\n\n\n<div style=\"height:100px\" aria-hidden=\"true\" class=\"wp-block-spacer\"><\/div>\n\n\n\n<div class=\"wp-block-buttons is-content-justification-center is-layout-flex wp-container-core-buttons-is-layout-a89b3969 wp-block-buttons-is-layout-flex\">\n<div class=\"wp-block-button has-custom-font-size is-style-fill has-small-font-size\"><a class=\"wp-block-button__link has-vivid-red-background-color has-background wp-element-button\" href=\"\/index.php\/2019\/11\/03\/violences\/\">&lt;&#8211;retour<\/a><\/div>\n<\/div>\n<\/div>\n\n\n\n<div class=\"wp-block-column is-layout-flow wp-block-column-is-layout-flow\" style=\"flex-basis:33.33%\">\n<figure class=\"wp-block-table\"><table class=\"has-background\" style=\"background-color:#f8f2f2\"><thead><tr><th><mark class=\"has-inline-color has-vivid-red-color\" style=\"background-color: rgba(0, 0, 0, 0);\"><strong>Auteur<\/strong><\/mark><\/th><\/tr><\/thead><tbody><tr><td><strong>Roberta Pedrinis<\/strong><\/td><\/tr><\/tbody><\/table><\/figure>\n\n\n\n<figure class=\"wp-block-table\"><table><thead><tr><th><mark class=\"has-inline-color has-vivid-red-color\" style=\"background-color: rgba(0, 0, 0, 0);\"><strong>R\u00e9f\u00e9rence<\/strong><\/mark><\/th><\/tr><\/thead><tbody><tr><td><strong>RA014-12<\/strong><br><strong>Violences<\/strong><br>Journ\u00e9es d\u2019Automne 2019<\/td><\/tr><\/tbody><\/table><\/figure>\n\n\n\n<figure class=\"wp-block-table\"><table><thead><tr><th><mark class=\"has-inline-color has-vivid-red-color\" style=\"background-color: rgba(0, 0, 0, 0);\"><strong>Cat\u00e9gories<\/strong><\/mark><\/th><\/tr><\/thead><tbody><tr><td>Art-th\u00e9rapie<br>Peinture<br>Dispositif de m\u00e9diation<\/td><\/tr><\/tbody><\/table><\/figure>\n<\/div>\n<\/div>\n","protected":false},"excerpt":{"rendered":"<p>Le diagnostic d&rsquo;une maladie comme celle du cancer et le long parcours, m\u00e9dical peuvent d\u00e9clencher chez le patient des \u00e9l\u00e9ments tr\u00e8s stressants et \u00eatre v\u00e9cus comme une agression traumatique, voire une violence, qui s&rsquo;ajoute \u00e0 celle de la maladie elle- m\u00eame. La maladie et les traitements entra\u00eenent souvent des perturbations&hellip;<\/p>\n","protected":false},"author":2,"featured_media":0,"comment_status":"closed","ping_status":"open","sticky":false,"template":"","format":"standard","meta":{"pmpro_default_level":"","ngg_post_thumbnail":0,"footnotes":""},"categories":[298],"tags":[492,505,484,297,38],"class_list":["post-1397","post","type-post","status-publish","format-standard","hentry","category-pedrinis-roberta","tag-art-therapie","tag-dispositif-de-mediation","tag-peinture","tag-ra014-12","tag-violences","pmpro-has-access"],"_links":{"self":[{"href":"https:\/\/bibliotheque-sfpe-at.com\/index.php\/wp-json\/wp\/v2\/posts\/1397","targetHints":{"allow":["GET"]}}],"collection":[{"href":"https:\/\/bibliotheque-sfpe-at.com\/index.php\/wp-json\/wp\/v2\/posts"}],"about":[{"href":"https:\/\/bibliotheque-sfpe-at.com\/index.php\/wp-json\/wp\/v2\/types\/post"}],"author":[{"embeddable":true,"href":"https:\/\/bibliotheque-sfpe-at.com\/index.php\/wp-json\/wp\/v2\/users\/2"}],"replies":[{"embeddable":true,"href":"https:\/\/bibliotheque-sfpe-at.com\/index.php\/wp-json\/wp\/v2\/comments?post=1397"}],"version-history":[{"count":3,"href":"https:\/\/bibliotheque-sfpe-at.com\/index.php\/wp-json\/wp\/v2\/posts\/1397\/revisions"}],"predecessor-version":[{"id":3981,"href":"https:\/\/bibliotheque-sfpe-at.com\/index.php\/wp-json\/wp\/v2\/posts\/1397\/revisions\/3981"}],"wp:attachment":[{"href":"https:\/\/bibliotheque-sfpe-at.com\/index.php\/wp-json\/wp\/v2\/media?parent=1397"}],"wp:term":[{"taxonomy":"category","embeddable":true,"href":"https:\/\/bibliotheque-sfpe-at.com\/index.php\/wp-json\/wp\/v2\/categories?post=1397"},{"taxonomy":"post_tag","embeddable":true,"href":"https:\/\/bibliotheque-sfpe-at.com\/index.php\/wp-json\/wp\/v2\/tags?post=1397"}],"curies":[{"name":"wp","href":"https:\/\/api.w.org\/{rel}","templated":true}]}}