{"id":1403,"date":"2024-05-30T19:38:05","date_gmt":"2024-05-30T17:38:05","guid":{"rendered":"https:\/\/sfpe-at.com\/?p=1403"},"modified":"2025-03-09T14:33:08","modified_gmt":"2025-03-09T13:33:08","slug":"chasseur-ou-cueilleur-la-violence-a-loeuvre-dans-le-geste-photographique","status":"publish","type":"post","link":"https:\/\/bibliotheque-sfpe-at.com\/index.php\/2024\/05\/30\/chasseur-ou-cueilleur-la-violence-a-loeuvre-dans-le-geste-photographique\/","title":{"rendered":"Chasseur ou cueilleur, la violence \u00e0 l\u2019\u0153uvre dans le geste photographique"},"content":{"rendered":"\n<div class=\"wp-block-columns is-layout-flex wp-container-core-columns-is-layout-28f84493 wp-block-columns-is-layout-flex\">\n<div class=\"wp-block-column is-layout-flow wp-block-column-is-layout-flow\" style=\"flex-basis:66.66%\"><\/div>\n\n\n\n<div class=\"wp-block-column is-layout-flow wp-block-column-is-layout-flow\" style=\"flex-basis:33.33%\"><\/div>\n<\/div>\n\n\n\n<div class=\"wp-block-columns is-layout-flex wp-container-core-columns-is-layout-28f84493 wp-block-columns-is-layout-flex\">\n<div class=\"wp-block-column is-layout-flow wp-block-column-is-layout-flow\" style=\"flex-basis:66.66%\">\n<p>La violence loge au c\u0153ur m\u00eame de la photographie, elle est son angle mort, son point aveugle. En tant que dispositif m\u00e9canique, la photographie ne peut \u00e9vacuer sa parent\u00e9 technologique avec l&rsquo;arme \u00e0 feu, qui l&rsquo;a inspir\u00e9e dans sa forme moderne et toujours actuelle. En tant qu&rsquo;elle s&rsquo;adresse \u00e0 la pulsion scopique, elle ne peut pas non plus ignorer sa nature voyeuriste, li\u00e9e \u00e0 l&rsquo;intention de l&rsquo;op\u00e9rateur de voir intens\u00e9ment tout en \u00e9tant cach\u00e9 derri\u00e8re l&rsquo;appareil. Elle peut encore moins faire abstraction de la notion d&rsquo;objectivation imm\u00e9diatement soulev\u00e9e par l&rsquo;acte de la prise de vue. Si la photographie est un outil pour <em>aller-vers (Ad-gressere <\/em>en latin) le monde et les autres ainsi que le soutiennent les photographes, elle n&rsquo;en active pas moins d&rsquo;intenses forces pulsionnelles face auxquelles elle les oblige \u00e0 se positionner. \u00ab Chasseurs \u00bb ou \u00ab Cueilleurs \u00bb d&rsquo;images, nous consid\u00e9rerons les caract\u00e9ristiques de ces deux styles d&rsquo;\u00eatre-photographe \u00e0 travers l&rsquo;histoire de la photographie contemporaine. Nous examinerons \u00e9galement comment, malgr\u00e9 une approche sensible et un d\u00e9sir d&rsquo;aller \u00e0 la <em>rencontre <\/em>du monde et des autres dans un rapport esth\u00e9tique, une violence r\u00e9siduelle persiste dans la photographie. Une part fauve, celle justement du \u00ab chasseur\u00bb, s&rsquo;obstine. Serait-ce parce que la photographie s&rsquo;offre comme un dispositif qui tout \u00e0 la fois la cadre et l&rsquo;impulse? Plus qu&rsquo;aucun autre, le m\u00e9dium photographique en tant que tel, et non pas simple ment le contenu des repr\u00e9sentations qu&rsquo;il produit, agite les questions \u00e9thiques et politiques qui structurent notre rapport \u00e0 l&rsquo;autre. Son ambigu\u00eft\u00e9 propre, intimement li\u00e9e \u00e0 son irr\u00e9m\u00e9diable assujettissement au r\u00e9el, nous appara\u00eet comme symptomatique de l&rsquo;insolubilit\u00e9 du <em>Malaise dans la civilisation <\/em>th\u00e9oris\u00e9 par Freud.<\/p>\n\n\n\n<p><strong><em>Pour lire le texte complet <a href=\"\/index.php\/options-dinscription\/\"><mark style=\"background-color:rgba(0, 0, 0, 0)\" class=\"has-inline-color has-vivid-cyan-blue-color\">s&rsquo;inscrire<\/mark><\/a> ou <a href=\"\/index.php\/my-account\/edit-account\/\"><mark style=\"background-color:rgba(0, 0, 0, 0)\" class=\"has-inline-color has-vivid-cyan-blue-color\">se connecter<\/mark><\/a><\/em><\/strong><\/p>\n\n\n\n\n\n<div style=\"height:100px\" aria-hidden=\"true\" class=\"wp-block-spacer\"><\/div>\n\n\n\n<div class=\"wp-block-buttons is-content-justification-center is-layout-flex wp-container-core-buttons-is-layout-a89b3969 wp-block-buttons-is-layout-flex\">\n<div class=\"wp-block-button has-custom-font-size is-style-fill has-small-font-size\"><a class=\"wp-block-button__link has-vivid-red-background-color has-background wp-element-button\" href=\"\/index.php\/2019\/11\/03\/violences\/\">&lt;&#8211;retour<\/a><\/div>\n<\/div>\n<\/div>\n\n\n\n<div class=\"wp-block-column is-layout-flow wp-block-column-is-layout-flow\" style=\"flex-basis:33.33%\">\n<figure class=\"wp-block-table\"><table class=\"has-background\" style=\"background-color:#f8f2f2\"><thead><tr><th><mark class=\"has-inline-color has-vivid-red-color\" style=\"background-color: rgba(0, 0, 0, 0);\"><strong>Auteur<\/strong><\/mark><\/th><\/tr><\/thead><tbody><tr><td><strong>Marion Lefebvre<\/strong><\/td><\/tr><\/tbody><\/table><\/figure>\n\n\n\n<figure class=\"wp-block-table\"><table><thead><tr><th><mark class=\"has-inline-color has-vivid-red-color\" style=\"background-color: rgba(0, 0, 0, 0);\"><strong>R\u00e9f\u00e9rence<\/strong><\/mark><\/th><\/tr><\/thead><tbody><tr><td><strong>RA014-16<\/strong><br><strong>Violences<\/strong><br>Journ\u00e9es d\u2019Automne 2019<\/td><\/tr><\/tbody><\/table><\/figure>\n\n\n\n<figure class=\"wp-block-table\"><table><thead><tr><th><mark class=\"has-inline-color has-vivid-red-color\" style=\"background-color: rgba(0, 0, 0, 0);\"><strong>Cat\u00e9gories<\/strong><\/mark><\/th><\/tr><\/thead><tbody><tr><td>Esth\u00e9tique<br>Photographie<\/td><\/tr><\/tbody><\/table><\/figure>\n<\/div>\n<\/div>\n","protected":false},"excerpt":{"rendered":"<p>La violence loge au c\u0153ur m\u00eame de la photographie, elle est son angle mort, son point aveugle. En tant que dispositif m\u00e9canique, la photographie ne peut \u00e9vacuer sa parent\u00e9 technologique avec l&rsquo;arme \u00e0 feu, qui l&rsquo;a inspir\u00e9e dans sa forme moderne et toujours actuelle. En tant qu&rsquo;elle s&rsquo;adresse \u00e0 la&hellip;<\/p>\n","protected":false},"author":2,"featured_media":0,"comment_status":"closed","ping_status":"open","sticky":false,"template":"","format":"standard","meta":{"pmpro_default_level":"","ngg_post_thumbnail":0,"footnotes":""},"categories":[302],"tags":[491,514,303,38],"class_list":["post-1403","post","type-post","status-publish","format-standard","hentry","category-lefebvre-marion","tag-esthetique","tag-photographie","tag-ra014-16","tag-violences","pmpro-has-access"],"_links":{"self":[{"href":"https:\/\/bibliotheque-sfpe-at.com\/index.php\/wp-json\/wp\/v2\/posts\/1403","targetHints":{"allow":["GET"]}}],"collection":[{"href":"https:\/\/bibliotheque-sfpe-at.com\/index.php\/wp-json\/wp\/v2\/posts"}],"about":[{"href":"https:\/\/bibliotheque-sfpe-at.com\/index.php\/wp-json\/wp\/v2\/types\/post"}],"author":[{"embeddable":true,"href":"https:\/\/bibliotheque-sfpe-at.com\/index.php\/wp-json\/wp\/v2\/users\/2"}],"replies":[{"embeddable":true,"href":"https:\/\/bibliotheque-sfpe-at.com\/index.php\/wp-json\/wp\/v2\/comments?post=1403"}],"version-history":[{"count":3,"href":"https:\/\/bibliotheque-sfpe-at.com\/index.php\/wp-json\/wp\/v2\/posts\/1403\/revisions"}],"predecessor-version":[{"id":3985,"href":"https:\/\/bibliotheque-sfpe-at.com\/index.php\/wp-json\/wp\/v2\/posts\/1403\/revisions\/3985"}],"wp:attachment":[{"href":"https:\/\/bibliotheque-sfpe-at.com\/index.php\/wp-json\/wp\/v2\/media?parent=1403"}],"wp:term":[{"taxonomy":"category","embeddable":true,"href":"https:\/\/bibliotheque-sfpe-at.com\/index.php\/wp-json\/wp\/v2\/categories?post=1403"},{"taxonomy":"post_tag","embeddable":true,"href":"https:\/\/bibliotheque-sfpe-at.com\/index.php\/wp-json\/wp\/v2\/tags?post=1403"}],"curies":[{"name":"wp","href":"https:\/\/api.w.org\/{rel}","templated":true}]}}