{"id":1405,"date":"2024-05-30T19:42:32","date_gmt":"2024-05-30T17:42:32","guid":{"rendered":"https:\/\/sfpe-at.com\/?p=1405"},"modified":"2025-03-09T14:33:36","modified_gmt":"2025-03-09T13:33:36","slug":"violence-erotique-violence-heretique","status":"publish","type":"post","link":"https:\/\/bibliotheque-sfpe-at.com\/index.php\/2024\/05\/30\/violence-erotique-violence-heretique\/","title":{"rendered":"Violence \u00e9rotique, violence h\u00e9r\u00e9tique"},"content":{"rendered":"\n<div class=\"wp-block-columns is-layout-flex wp-container-core-columns-is-layout-28f84493 wp-block-columns-is-layout-flex\">\n<div class=\"wp-block-column is-layout-flow wp-block-column-is-layout-flow\" style=\"flex-basis:66.66%\">\n<p>La psychose na\u00eet de la souffrance, du contact avec la violence du R\u00e9el, cet impossible \u00e0 dire, un monde int\u00e9rieur, visc\u00e9ral et fantomatique qu&rsquo;aucun mot ne peut traduire. Un monde o\u00f9<\/p>\n\n\n\n<p>s&rsquo;agitent les questions conflictuelles de la sexualit\u00e9 et du religieux.<\/p>\n\n\n\n<p>Certaines personnes r\u00e9ussissent \u00e0 vivre, \u00e0 survivre \u00e0 cette exp\u00e9rience accablante et \u00e0 transmettre leur exp\u00e9rience \u00e0 travers des textes ou des images. Des fruits qui portent en eux la violence de l&rsquo;exp\u00e9rience elle-m\u00eame et qui nous touchent parce qu&rsquo;ils disent des v\u00e9rit\u00e9s d\u2019une profondeur abyssale.<\/p>\n\n\n\n<p>Artaud, dans ses \u00e9crits, nous montre comment il projette sa lutte interne et l&rsquo;explosion de son \u00eatre dans l&rsquo;univers.<\/p>\n\n\n\n<p>\u00ab Je me branle sur la croix de Dieu \u00bb. Darcilio Lima transf\u00e8re aux images le confluent de la sexualit\u00e9 et de la religion. Des registres toujours connect\u00e9s malgr\u00e9 l&rsquo;\u00e9ternelle tentative de s\u00e9paration, d&rsquo;exclusion l&rsquo;un de l&rsquo;autre.<\/p>\n\n\n\n<p><strong><em>Pour lire le texte complet <a href=\"\/index.php\/options-dinscription\/\"><mark style=\"background-color:rgba(0, 0, 0, 0)\" class=\"has-inline-color has-vivid-cyan-blue-color\">s&rsquo;inscrire<\/mark><\/a> ou <a href=\"\/index.php\/my-account\/edit-account\/\"><mark style=\"background-color:rgba(0, 0, 0, 0)\" class=\"has-inline-color has-vivid-cyan-blue-color\">se connecter<\/mark><\/a><\/em><\/strong><\/p>\n\n\n\n\n\n<div style=\"height:100px\" aria-hidden=\"true\" class=\"wp-block-spacer\"><\/div>\n\n\n\n<div class=\"wp-block-buttons is-content-justification-center is-layout-flex wp-container-core-buttons-is-layout-a89b3969 wp-block-buttons-is-layout-flex\">\n<div class=\"wp-block-button has-custom-font-size is-style-fill has-small-font-size\"><a class=\"wp-block-button__link has-vivid-red-background-color has-background wp-element-button\" href=\"\/index.php\/2019\/11\/03\/violences\/\">&lt;&#8211;retour<\/a><\/div>\n<\/div>\n<\/div>\n\n\n\n<div class=\"wp-block-column is-layout-flow wp-block-column-is-layout-flow\" style=\"flex-basis:33.33%\">\n<figure class=\"wp-block-table\"><table class=\"has-background\" style=\"background-color:#f8f2f2\"><thead><tr><th><mark class=\"has-inline-color has-vivid-red-color\" style=\"background-color: rgba(0, 0, 0, 0);\"><strong>Auteur<\/strong><\/mark><\/th><\/tr><\/thead><tbody><tr><td><strong>Jean-Pierre Muller Hargreaves<\/strong><br><strong>Maddi Damiao<\/strong>&nbsp;<\/td><\/tr><\/tbody><\/table><\/figure>\n\n\n\n<figure class=\"wp-block-table\"><table><thead><tr><th><mark class=\"has-inline-color has-vivid-red-color\" style=\"background-color: rgba(0, 0, 0, 0);\"><strong>R\u00e9f\u00e9rence<\/strong><\/mark><\/th><\/tr><\/thead><tbody><tr><td><strong>RA014-17<\/strong><br><strong>Violences<\/strong><br>Journ\u00e9es d\u2019Automne 2019<\/td><\/tr><\/tbody><\/table><\/figure>\n\n\n\n<figure class=\"wp-block-table\"><table><thead><tr><th><mark class=\"has-inline-color has-vivid-red-color\" style=\"background-color: rgba(0, 0, 0, 0);\"><strong>Cat\u00e9gories<\/strong><\/mark><\/th><\/tr><\/thead><tbody><tr><td>Psychopathologie de l\u2019expression<br>Peinture<br>Cas clinique<\/td><\/tr><\/tbody><\/table><\/figure>\n<\/div>\n<\/div>\n","protected":false},"excerpt":{"rendered":"<p>La psychose na\u00eet de la souffrance, du contact avec la violence du R\u00e9el, cet impossible \u00e0 dire, un monde int\u00e9rieur, visc\u00e9ral et fantomatique qu&rsquo;aucun mot ne peut traduire. Un monde o\u00f9 s&rsquo;agitent les questions conflictuelles de la sexualit\u00e9 et du religieux. Certaines personnes r\u00e9ussissent \u00e0 vivre, \u00e0 survivre \u00e0 cette&hellip;<\/p>\n","protected":false},"author":2,"featured_media":0,"comment_status":"closed","ping_status":"open","sticky":false,"template":"","format":"standard","meta":{"pmpro_default_level":"","ngg_post_thumbnail":0,"footnotes":""},"categories":[304,266],"tags":[493,484,488,305,38],"class_list":["post-1405","post","type-post","status-publish","format-standard","hentry","category-damaio-maddi","category-muller-hargreaves-jean-pierre","tag-cas-clinique","tag-peinture","tag-psychopathologie-de-lexpression","tag-ra014-17","tag-violences","pmpro-has-access"],"_links":{"self":[{"href":"https:\/\/bibliotheque-sfpe-at.com\/index.php\/wp-json\/wp\/v2\/posts\/1405","targetHints":{"allow":["GET"]}}],"collection":[{"href":"https:\/\/bibliotheque-sfpe-at.com\/index.php\/wp-json\/wp\/v2\/posts"}],"about":[{"href":"https:\/\/bibliotheque-sfpe-at.com\/index.php\/wp-json\/wp\/v2\/types\/post"}],"author":[{"embeddable":true,"href":"https:\/\/bibliotheque-sfpe-at.com\/index.php\/wp-json\/wp\/v2\/users\/2"}],"replies":[{"embeddable":true,"href":"https:\/\/bibliotheque-sfpe-at.com\/index.php\/wp-json\/wp\/v2\/comments?post=1405"}],"version-history":[{"count":3,"href":"https:\/\/bibliotheque-sfpe-at.com\/index.php\/wp-json\/wp\/v2\/posts\/1405\/revisions"}],"predecessor-version":[{"id":3986,"href":"https:\/\/bibliotheque-sfpe-at.com\/index.php\/wp-json\/wp\/v2\/posts\/1405\/revisions\/3986"}],"wp:attachment":[{"href":"https:\/\/bibliotheque-sfpe-at.com\/index.php\/wp-json\/wp\/v2\/media?parent=1405"}],"wp:term":[{"taxonomy":"category","embeddable":true,"href":"https:\/\/bibliotheque-sfpe-at.com\/index.php\/wp-json\/wp\/v2\/categories?post=1405"},{"taxonomy":"post_tag","embeddable":true,"href":"https:\/\/bibliotheque-sfpe-at.com\/index.php\/wp-json\/wp\/v2\/tags?post=1405"}],"curies":[{"name":"wp","href":"https:\/\/api.w.org\/{rel}","templated":true}]}}