{"id":1411,"date":"2024-05-30T19:50:39","date_gmt":"2024-05-30T17:50:39","guid":{"rendered":"https:\/\/sfpe-at.com\/?p=1411"},"modified":"2025-01-19T16:34:55","modified_gmt":"2025-01-19T15:34:55","slug":"violences-de-la-musique-wozzeck-dalban-berg","status":"publish","type":"post","link":"https:\/\/bibliotheque-sfpe-at.com\/index.php\/2024\/05\/30\/violences-de-la-musique-wozzeck-dalban-berg\/","title":{"rendered":"Violences de la musique : Wozzeck, d\u2019Alban Berg"},"content":{"rendered":"\n<div class=\"wp-block-columns is-layout-flex wp-container-core-columns-is-layout-28f84493 wp-block-columns-is-layout-flex\">\n<div class=\"wp-block-column is-layout-flow wp-block-column-is-layout-flow\" style=\"flex-basis:66.66%\">\n<p>Wozzeck est un des plus violents op\u00e9ras : par le fait divers d&rsquo;origine &#8211; meurtre, ex\u00e9cution \u00e0 la hache du coupable &#8211; par la violence des angoisses primitives du personnage, de<\/p>\n\n\n\n<p>son d\u00e9lire cosmique, et la violence de l&rsquo;\u00e9criture musicale d&rsquo;avant garde. Nous \u00e9couterons la sc\u00e8ne du meurtre et de sa reprise par l&rsquo;orchestre,\u00ab l&rsquo;onde hurlante\u00bb.<\/p>\n\n\n\n<p>Nous \u00e9tudierons les niveaux d&rsquo;angoisses <em>(hilflosigkeit, <\/em>agonie winnicottienne, psychose passionnelle de jalousie&#8230;) et leur traduction musicale.<\/p>\n\n\n\n<p>Doit-on entendre cette violence comme avatar d&rsquo;un syndrome post-traumatique de guerre ? Alban Berg combattit en 1914-1918, con\u00e7ut son op\u00e9ra en 1914 : une gestation au son du canon et des cris des tranch\u00e9es ? Il nous donne plusieurs transpositions du traumatisme : comme les r\u00e9p\u00e9titions du r\u00eave traumatique ? Nous y distinguerons plusieurs niveaux d&rsquo;\u00e9laboration, dans la correspondance entre les \u00e9tats psychiques et les styles de l&rsquo;\u00e9criture, une correspondance caract\u00e9ristique du g\u00e9nie de ce compositeur, qu&rsquo;il ne devrait peut-\u00eatre pas directement au traumatisme, mais certainement \u00e0 la remise en cause des fondements de la civilisation de \u00ab Vienne au cr\u00e9puscule \u00bb.<\/p>\n\n\n\n<p><strong><em>Pour lire le texte complet <a href=\"\/index.php\/options-dinscription\/\"><mark style=\"background-color:rgba(0, 0, 0, 0)\" class=\"has-inline-color has-vivid-cyan-blue-color\">s&rsquo;inscrire<\/mark><\/a> ou <a href=\"\/index.php\/my-account\/edit-account\/\"><mark style=\"background-color:rgba(0, 0, 0, 0)\" class=\"has-inline-color has-vivid-cyan-blue-color\">se connecter<\/mark><\/a><\/em><\/strong><\/p>\n\n\n\n\n\n<div style=\"height:100px\" aria-hidden=\"true\" class=\"wp-block-spacer\"><\/div>\n\n\n\n<div class=\"wp-block-buttons is-content-justification-center is-layout-flex wp-container-core-buttons-is-layout-a89b3969 wp-block-buttons-is-layout-flex\">\n<div class=\"wp-block-button has-custom-font-size is-style-fill has-small-font-size\"><a class=\"wp-block-button__link has-vivid-red-background-color has-background wp-element-button\" href=\"\/index.php\/2019\/11\/03\/violences\/\">&lt;&#8211;retour<\/a><\/div>\n<\/div>\n<\/div>\n\n\n\n<div class=\"wp-block-column is-layout-flow wp-block-column-is-layout-flow\" style=\"flex-basis:33.33%\">\n<figure class=\"wp-block-table\"><table class=\"has-background\" style=\"background-color:#f8f2f2\"><thead><tr><th><mark class=\"has-inline-color has-vivid-red-color\" style=\"background-color: rgba(0, 0, 0, 0);\"><strong>Auteur<\/strong><\/mark><\/th><\/tr><\/thead><tbody><tr><td><strong>Andr\u00e9 Brousselle<\/strong><\/td><\/tr><\/tbody><\/table><\/figure>\n\n\n\n<figure class=\"wp-block-table\"><table><thead><tr><th><mark class=\"has-inline-color has-vivid-red-color\" style=\"background-color: rgba(0, 0, 0, 0);\"><strong>R\u00e9f\u00e9rence<\/strong><\/mark><\/th><\/tr><\/thead><tbody><tr><td><strong>RA014-20<\/strong><br><strong>Violences<\/strong><br>Journ\u00e9es d\u2019Automne 2019<\/td><\/tr><\/tbody><\/table><\/figure>\n\n\n\n<figure class=\"wp-block-table\"><table><thead><tr><th><mark class=\"has-inline-color has-vivid-red-color\" style=\"background-color: rgba(0, 0, 0, 0);\"><strong>Cat\u00e9gories<\/strong><\/mark><\/th><\/tr><\/thead><tbody><tr><td>Psychopathologie de l\u2019expression<br>Musique<br>Cas clinique<\/td><\/tr><\/tbody><\/table><\/figure>\n<\/div>\n<\/div>\n","protected":false},"excerpt":{"rendered":"<p>Wozzeck est un des plus violents op\u00e9ras : par le fait divers d&rsquo;origine &#8211; meurtre, ex\u00e9cution \u00e0 la hache du coupable &#8211; par la violence des angoisses primitives du personnage, de son d\u00e9lire cosmique, et la violence de l&rsquo;\u00e9criture musicale d&rsquo;avant garde. Nous \u00e9couterons la sc\u00e8ne du meurtre et de&hellip;<\/p>\n","protected":false},"author":2,"featured_media":0,"comment_status":"closed","ping_status":"open","sticky":false,"template":"","format":"standard","meta":{"pmpro_default_level":"","ngg_post_thumbnail":0,"footnotes":""},"categories":[115],"tags":[493,538,309,38],"class_list":["post-1411","post","type-post","status-publish","format-standard","hentry","category-bruselle-andre","tag-cas-clinique","tag-musique","tag-ra014-20","tag-violences","pmpro-has-access"],"_links":{"self":[{"href":"https:\/\/bibliotheque-sfpe-at.com\/index.php\/wp-json\/wp\/v2\/posts\/1411","targetHints":{"allow":["GET"]}}],"collection":[{"href":"https:\/\/bibliotheque-sfpe-at.com\/index.php\/wp-json\/wp\/v2\/posts"}],"about":[{"href":"https:\/\/bibliotheque-sfpe-at.com\/index.php\/wp-json\/wp\/v2\/types\/post"}],"author":[{"embeddable":true,"href":"https:\/\/bibliotheque-sfpe-at.com\/index.php\/wp-json\/wp\/v2\/users\/2"}],"replies":[{"embeddable":true,"href":"https:\/\/bibliotheque-sfpe-at.com\/index.php\/wp-json\/wp\/v2\/comments?post=1411"}],"version-history":[{"count":2,"href":"https:\/\/bibliotheque-sfpe-at.com\/index.php\/wp-json\/wp\/v2\/posts\/1411\/revisions"}],"predecessor-version":[{"id":3086,"href":"https:\/\/bibliotheque-sfpe-at.com\/index.php\/wp-json\/wp\/v2\/posts\/1411\/revisions\/3086"}],"wp:attachment":[{"href":"https:\/\/bibliotheque-sfpe-at.com\/index.php\/wp-json\/wp\/v2\/media?parent=1411"}],"wp:term":[{"taxonomy":"category","embeddable":true,"href":"https:\/\/bibliotheque-sfpe-at.com\/index.php\/wp-json\/wp\/v2\/categories?post=1411"},{"taxonomy":"post_tag","embeddable":true,"href":"https:\/\/bibliotheque-sfpe-at.com\/index.php\/wp-json\/wp\/v2\/tags?post=1411"}],"curies":[{"name":"wp","href":"https:\/\/api.w.org\/{rel}","templated":true}]}}