{"id":1413,"date":"2024-05-30T19:55:35","date_gmt":"2024-05-30T17:55:35","guid":{"rendered":"https:\/\/sfpe-at.com\/?p=1413"},"modified":"2025-01-19T16:36:22","modified_gmt":"2025-01-19T15:36:22","slug":"chantal-akerman-cineaste-une-erotique-de-la-destruction-saute-ma-ville-film-1968","status":"publish","type":"post","link":"https:\/\/bibliotheque-sfpe-at.com\/index.php\/2024\/05\/30\/chantal-akerman-cineaste-une-erotique-de-la-destruction-saute-ma-ville-film-1968\/","title":{"rendered":"Chantal Akerman, cin\u00e9aste : une \u00e9rotique de la destruction. Saute ma ville (film, 1968)"},"content":{"rendered":"\n<div class=\"wp-block-columns is-layout-flex wp-container-core-columns-is-layout-28f84493 wp-block-columns-is-layout-flex\">\n<div class=\"wp-block-column is-layout-flow wp-block-column-is-layout-flow\" style=\"flex-basis:66.66%\">\n<p>\u00ab Non, non, certainement pas&#8230; Je ne crois pas qu&rsquo;il faille chercher dans l&rsquo;autobiographie, \u00e7a enferme. \u00bb (Akerman, 2014).<br>Et pourtant, Akerman Chantal-Anna n\u00e9e en 1950 dans une famille juive traditionnelle bruxelloise d&rsquo;origine polonaise, est fille d&rsquo;une rescap\u00e9e, Natalia, d\u00e9port\u00e9e \u00e0 14 ans en 1942 avec ses parents \u00e0 Auschwitz et qui en est revenue seule, qui a \u00absurv\u00e9cu\u00bb (Stern, 2004) aux g\u00e9nocidaires, \u00e0 leur tentative d&rsquo;effacer les traces de l&rsquo;extermination. Akerman, premi\u00e8re g\u00e9n\u00e9ration apr\u00e8s la Shoah, s&rsquo;est empar\u00e9e d&rsquo;une cam\u00e9ra et nous a donn\u00e9 \u00e0 voir, rendu visible quelque <em>impensable <\/em>du nouage de ce trauma collectif et priv\u00e9, effets de transmission m\u00e8re\/fille, pour nous faire <em>penser. <\/em>De <em>Saute ma ville <\/em>produit dans la jubilation de 1968 \u00e0 <em>Jeanne Dielman, 28 quai du Commerce, 1080 Bruxelles <\/em>en 1976, dans la vague f\u00e9ministe, Akerman, transgressive, traque le corps et ses jouissances, le f\u00e9minin, le d\u00e9chet, le sexuel, le rituel, la destruction, la folie et la mort. Nous interrogerons ses modalit\u00e9s de r\u00e9appropriation subjectives, de l&rsquo;expression, son premier court-m\u00e9trage, \u00e0 la cr\u00e9ation, son chef-d&rsquo;\u0153uvre, <em>Jeanne Dielman. <\/em>Au-del\u00e0, se posent les enjeux th\u00e9oriques, cliniques, genr\u00e9s de la pratique th\u00e9rapeutique, lorsque l&rsquo;atroce r\u00e9el et son cort\u00e8ge de haine sont le noyau autour duquel se construit l&rsquo;espace psychique : pour une \u00ab \u00e9thique de la cruaut\u00e9 \u00bb (Rosset, 1988) o\u00f9 le beau est ajoint\u00e9 au terrible (Rilke, 1972).<\/p>\n\n\n\n<p><strong><em>Pour lire le texte complet <a href=\"\/index.php\/options-dinscription\/\"><mark style=\"background-color:rgba(0, 0, 0, 0)\" class=\"has-inline-color has-vivid-cyan-blue-color\">s&rsquo;inscrire<\/mark><\/a> ou <a href=\"\/index.php\/my-account\/edit-account\/\"><mark style=\"background-color:rgba(0, 0, 0, 0)\" class=\"has-inline-color has-vivid-cyan-blue-color\">se connecter<\/mark><\/a><\/em><\/strong><\/p>\n\n\n\n\n\n<div style=\"height:100px\" aria-hidden=\"true\" class=\"wp-block-spacer\"><\/div>\n\n\n\n<div class=\"wp-block-buttons is-content-justification-center is-layout-flex wp-container-core-buttons-is-layout-a89b3969 wp-block-buttons-is-layout-flex\">\n<div class=\"wp-block-button has-custom-font-size is-style-fill has-small-font-size\"><a class=\"wp-block-button__link has-vivid-red-background-color has-background wp-element-button\" href=\"\/index.php\/2019\/11\/03\/violences\/\">&lt;&#8211;retour<\/a><\/div>\n<\/div>\n<\/div>\n\n\n\n<div class=\"wp-block-column is-layout-flow wp-block-column-is-layout-flow\" style=\"flex-basis:33.33%\">\n<figure class=\"wp-block-table\"><table class=\"has-background\" style=\"background-color:#f8f2f2\"><thead><tr><th><mark class=\"has-inline-color has-vivid-red-color\" style=\"background-color: rgba(0, 0, 0, 0);\"><strong>Auteur<\/strong><\/mark><\/th><\/tr><\/thead><tbody><tr><td><b style=\"mso-bidi-font-weight:normal\"><span style=\"font-size:12.0pt;mso-bidi-font-size:\n11.0pt;font-family:&quot;Futura Md BT&quot;,sans-serif;color:#1D1D1B;letter-spacing:-.05pt;\nmso-font-width:95%;mso-ansi-language:FR\">Dani\u00e8le<\/span><span style=\"font-size:12.0pt;mso-bidi-font-size:11.0pt;font-family:\n&quot;Futura Md BT&quot;,sans-serif;color:#1D1D1B;letter-spacing:-.75pt;mso-font-width:\n95%;mso-ansi-language:FR\"> <\/span><span style=\"font-size:12.0pt;mso-bidi-font-size:11.0pt;font-family:&quot;Futura Md BT&quot;,sans-serif;\ncolor:#1D1D1B;letter-spacing:-.05pt;mso-font-width:95%;mso-ansi-language:FR\">Rosenfeld-Katz<\/span><\/b><\/td><\/tr><\/tbody><\/table><\/figure>\n\n\n\n<figure class=\"wp-block-table\"><table><thead><tr><th><mark class=\"has-inline-color has-vivid-red-color\" style=\"background-color: rgba(0, 0, 0, 0);\"><strong>R\u00e9f\u00e9rence<\/strong><\/mark><\/th><\/tr><\/thead><tbody><tr><td><strong>RA014-21<\/strong><br><strong>Violences<\/strong><br>Journ\u00e9es d\u2019Automne 2019<\/td><\/tr><\/tbody><\/table><\/figure>\n\n\n\n<figure class=\"wp-block-table\"><table><thead><tr><th><mark class=\"has-inline-color has-vivid-red-color\" style=\"background-color: rgba(0, 0, 0, 0);\"><strong>Cat\u00e9gories<\/strong><\/mark><\/th><\/tr><\/thead><tbody><tr><td>Psychanalyse<br>Cin\u00e9ma<br>Cas clinique<\/td><\/tr><\/tbody><\/table><\/figure>\n<\/div>\n<\/div>\n","protected":false},"excerpt":{"rendered":"<p>\u00ab Non, non, certainement pas&#8230; Je ne crois pas qu&rsquo;il faille chercher dans l&rsquo;autobiographie, \u00e7a enferme. \u00bb (Akerman, 2014).Et pourtant, Akerman Chantal-Anna n\u00e9e en 1950 dans une famille juive traditionnelle bruxelloise d&rsquo;origine polonaise, est fille d&rsquo;une rescap\u00e9e, Natalia, d\u00e9port\u00e9e \u00e0 14 ans en 1942 avec ses parents \u00e0 Auschwitz et&hellip;<\/p>\n","protected":false},"author":2,"featured_media":0,"comment_status":"closed","ping_status":"open","sticky":false,"template":"","format":"standard","meta":{"pmpro_default_level":"","ngg_post_thumbnail":0,"footnotes":""},"categories":[310],"tags":[510,493,494,311,38],"class_list":["post-1413","post","type-post","status-publish","format-standard","hentry","category-rosenfeld-katz-daniele","tag-cinema","tag-cas-clinique","tag-psychanalyse","tag-ra014-21","tag-violences","pmpro-has-access"],"_links":{"self":[{"href":"https:\/\/bibliotheque-sfpe-at.com\/index.php\/wp-json\/wp\/v2\/posts\/1413","targetHints":{"allow":["GET"]}}],"collection":[{"href":"https:\/\/bibliotheque-sfpe-at.com\/index.php\/wp-json\/wp\/v2\/posts"}],"about":[{"href":"https:\/\/bibliotheque-sfpe-at.com\/index.php\/wp-json\/wp\/v2\/types\/post"}],"author":[{"embeddable":true,"href":"https:\/\/bibliotheque-sfpe-at.com\/index.php\/wp-json\/wp\/v2\/users\/2"}],"replies":[{"embeddable":true,"href":"https:\/\/bibliotheque-sfpe-at.com\/index.php\/wp-json\/wp\/v2\/comments?post=1413"}],"version-history":[{"count":3,"href":"https:\/\/bibliotheque-sfpe-at.com\/index.php\/wp-json\/wp\/v2\/posts\/1413\/revisions"}],"predecessor-version":[{"id":3088,"href":"https:\/\/bibliotheque-sfpe-at.com\/index.php\/wp-json\/wp\/v2\/posts\/1413\/revisions\/3088"}],"wp:attachment":[{"href":"https:\/\/bibliotheque-sfpe-at.com\/index.php\/wp-json\/wp\/v2\/media?parent=1413"}],"wp:term":[{"taxonomy":"category","embeddable":true,"href":"https:\/\/bibliotheque-sfpe-at.com\/index.php\/wp-json\/wp\/v2\/categories?post=1413"},{"taxonomy":"post_tag","embeddable":true,"href":"https:\/\/bibliotheque-sfpe-at.com\/index.php\/wp-json\/wp\/v2\/tags?post=1413"}],"curies":[{"name":"wp","href":"https:\/\/api.w.org\/{rel}","templated":true}]}}