{"id":1417,"date":"2024-05-30T20:01:14","date_gmt":"2024-05-30T18:01:14","guid":{"rendered":"https:\/\/sfpe-at.com\/?p=1417"},"modified":"2025-01-19T16:38:40","modified_gmt":"2025-01-19T15:38:40","slug":"violences-au-college-le-conte-en-atelier-dexpression","status":"publish","type":"post","link":"https:\/\/bibliotheque-sfpe-at.com\/index.php\/2024\/05\/30\/violences-au-college-le-conte-en-atelier-dexpression\/","title":{"rendered":"Violences au coll\u00e8ge : le conte en atelier d\u2019expression"},"content":{"rendered":"\n<div class=\"wp-block-columns is-layout-flex wp-container-core-columns-is-layout-28f84493 wp-block-columns-is-layout-flex\">\n<div class=\"wp-block-column is-layout-flow wp-block-column-is-layout-flow\" style=\"flex-basis:66.66%\">\n<p>La classe dans laquelle a lieu cette exp\u00e9rience se trouve dans une zone dite sensible de la banlieue parisienne. Les \u00e9l\u00e8ves sont des jeunes de toutes communaut\u00e9s, issus de l&rsquo;immigration, souvent<\/p>\n\n\n\n<p>de couples mixtes. Partag\u00e9s entre deux cultures, ils se sentent doublement \u00e9trangers. Certains ma\u00eetrisent mal le fran\u00e7ais, ont des difficult\u00e9s \u00e0 se concentrer. Souvent des tensions surgissent entre eux. La violence, ils la connaissent bien, chez eux, dans les quartiers. Et les conflits se rejouent dans l&rsquo;enceinte du lyc\u00e9e. Face \u00e0 cet \u00e9tat de fait, le coll\u00e8ge d\u00e9ploie une strat\u00e9gie d&rsquo;\u00e9vitement. Le mot violence n&rsquo;a pas droit de cit\u00e9. Alors comment dire les violences et \u00e0 qui ? Celles qu&rsquo;on subit, celles qu&rsquo;on inflige parfois. Comment exprimer sa souffrance sans s&rsquo;exposer ? Comment surmonter la honte et la peur?<\/p>\n\n\n\n<p>Nous avons propos\u00e9 d&rsquo;\u00e9crire un conte. Le conte offre un espace de libert\u00e9, d\u00e9plie un \u00e9cran qui invite \u00e0 projeter en toute s\u00e9curit\u00e9 les peurs, les r\u00eaves, les conflits int\u00e9rieurs. Sous le masque du personnage, je peux \u00eatre roi ou prince, ogre ou f\u00e9e qui sauve. Et, <em>fast<\/em><em> <\/em><em>but not<\/em><em> <\/em><em>least,<\/em><em> <\/em>le conte assure le b\u00e9n\u00e9fice d&rsquo;une r\u00e9solution qui ouvre tous les possibles. Catharsis.<\/p>\n\n\n\n<p>Sur la trame du conte \u00e9crit par les \u00e9l\u00e8ves, un sc\u00e9nario est construit qui est en cours de tournage. Les \u00e9l\u00e8ves sont acteurs, techniciens et auteurs. Le h\u00e9ros principal est un personnage de jeu vid\u00e9o qui \u00e9volue dans u.n m.&nbsp;onde de violence et r\u00eave de traverser l&rsquo;\u00e9cran pour vivre une vraie vie.<\/p>\n\n\n\n<p><strong><em>Pour lire le texte complet <a href=\"\/index.php\/options-dinscription\/\"><mark style=\"background-color:rgba(0, 0, 0, 0)\" class=\"has-inline-color has-vivid-cyan-blue-color\">s&rsquo;inscrire<\/mark><\/a> ou <a href=\"\/index.php\/my-account\/edit-account\/\"><mark style=\"background-color:rgba(0, 0, 0, 0)\" class=\"has-inline-color has-vivid-cyan-blue-color\">se connecter<\/mark><\/a><\/em><\/strong><\/p>\n\n\n\n\n\n<div style=\"height:100px\" aria-hidden=\"true\" class=\"wp-block-spacer\"><\/div>\n\n\n\n<div class=\"wp-block-buttons is-content-justification-center is-layout-flex wp-container-core-buttons-is-layout-a89b3969 wp-block-buttons-is-layout-flex\">\n<div class=\"wp-block-button has-custom-font-size is-style-fill has-small-font-size\"><a class=\"wp-block-button__link has-vivid-red-background-color has-background wp-element-button\" href=\"\/index.php\/2019\/11\/03\/violences\/\">&lt;&#8211;retour<\/a><\/div>\n<\/div>\n<\/div>\n\n\n\n<div class=\"wp-block-column is-layout-flow wp-block-column-is-layout-flow\" style=\"flex-basis:33.33%\">\n<figure class=\"wp-block-table\"><table class=\"has-background\" style=\"background-color:#f8f2f2\"><thead><tr><th><mark class=\"has-inline-color has-vivid-red-color\" style=\"background-color: rgba(0, 0, 0, 0);\"><strong>Auteur<\/strong><\/mark><\/th><\/tr><\/thead><tbody><tr><td><strong>Marie Sicard<\/strong><br><strong>Nadia El Ghozi<\/strong><\/td><\/tr><\/tbody><\/table><\/figure>\n\n\n\n<figure class=\"wp-block-table\"><table><thead><tr><th><mark class=\"has-inline-color has-vivid-red-color\" style=\"background-color: rgba(0, 0, 0, 0);\"><strong>R\u00e9f\u00e9rence<\/strong><\/mark><\/th><\/tr><\/thead><tbody><tr><td><strong>RA014-23<\/strong><br><strong>Violences<\/strong><br>Journ\u00e9es d\u2019Automne 2019<\/td><\/tr><\/tbody><\/table><\/figure>\n\n\n\n<figure class=\"wp-block-table\"><table><thead><tr><th><mark class=\"has-inline-color has-vivid-red-color\" style=\"background-color: rgba(0, 0, 0, 0);\"><strong>Cat\u00e9gories<\/strong><\/mark><\/th><\/tr><\/thead><tbody><tr><td>Art-th\u00e9rapie<br>Conte<br>Vid\u00e9o<br>Dispositif de m\u00e9diation<\/td><\/tr><\/tbody><\/table><\/figure>\n<\/div>\n<\/div>\n","protected":false},"excerpt":{"rendered":"<p>La classe dans laquelle a lieu cette exp\u00e9rience se trouve dans une zone dite sensible de la banlieue parisienne. Les \u00e9l\u00e8ves sont des jeunes de toutes communaut\u00e9s, issus de l&rsquo;immigration, souvent de couples mixtes. Partag\u00e9s entre deux cultures, ils se sentent doublement \u00e9trangers. Certains ma\u00eetrisent mal le fran\u00e7ais, ont des&hellip;<\/p>\n","protected":false},"author":2,"featured_media":0,"comment_status":"closed","ping_status":"open","sticky":false,"template":"","format":"standard","meta":{"pmpro_default_level":"","ngg_post_thumbnail":0,"footnotes":""},"categories":[313,260],"tags":[492,596,505,314,499,38],"class_list":["post-1417","post","type-post","status-publish","format-standard","hentry","category-el-ghozi-nadia","category-sicard-marie","tag-art-therapie","tag-conte","tag-dispositif-de-mediation","tag-ra014-23","tag-video","tag-violences","pmpro-has-access"],"_links":{"self":[{"href":"https:\/\/bibliotheque-sfpe-at.com\/index.php\/wp-json\/wp\/v2\/posts\/1417","targetHints":{"allow":["GET"]}}],"collection":[{"href":"https:\/\/bibliotheque-sfpe-at.com\/index.php\/wp-json\/wp\/v2\/posts"}],"about":[{"href":"https:\/\/bibliotheque-sfpe-at.com\/index.php\/wp-json\/wp\/v2\/types\/post"}],"author":[{"embeddable":true,"href":"https:\/\/bibliotheque-sfpe-at.com\/index.php\/wp-json\/wp\/v2\/users\/2"}],"replies":[{"embeddable":true,"href":"https:\/\/bibliotheque-sfpe-at.com\/index.php\/wp-json\/wp\/v2\/comments?post=1417"}],"version-history":[{"count":2,"href":"https:\/\/bibliotheque-sfpe-at.com\/index.php\/wp-json\/wp\/v2\/posts\/1417\/revisions"}],"predecessor-version":[{"id":3090,"href":"https:\/\/bibliotheque-sfpe-at.com\/index.php\/wp-json\/wp\/v2\/posts\/1417\/revisions\/3090"}],"wp:attachment":[{"href":"https:\/\/bibliotheque-sfpe-at.com\/index.php\/wp-json\/wp\/v2\/media?parent=1417"}],"wp:term":[{"taxonomy":"category","embeddable":true,"href":"https:\/\/bibliotheque-sfpe-at.com\/index.php\/wp-json\/wp\/v2\/categories?post=1417"},{"taxonomy":"post_tag","embeddable":true,"href":"https:\/\/bibliotheque-sfpe-at.com\/index.php\/wp-json\/wp\/v2\/tags?post=1417"}],"curies":[{"name":"wp","href":"https:\/\/api.w.org\/{rel}","templated":true}]}}