{"id":1419,"date":"2024-05-30T20:03:23","date_gmt":"2024-05-30T18:03:23","guid":{"rendered":"https:\/\/sfpe-at.com\/?p=1419"},"modified":"2025-01-19T16:39:40","modified_gmt":"2025-01-19T15:39:40","slug":"lart-therapie-ou-lexpression-de-notre-nature-premiere","status":"publish","type":"post","link":"https:\/\/bibliotheque-sfpe-at.com\/index.php\/2024\/05\/30\/lart-therapie-ou-lexpression-de-notre-nature-premiere\/","title":{"rendered":"L\u2019art-th\u00e9rapie ou l\u2019expression de notre nature premi\u00e8re"},"content":{"rendered":"\n<div class=\"wp-block-columns is-layout-flex wp-container-core-columns-is-layout-28f84493 wp-block-columns-is-layout-flex\">\n<div class=\"wp-block-column is-layout-flow wp-block-column-is-layout-flow\" style=\"flex-basis:66.66%\">\n<p>Paul Val\u00e9ry disait <em>que le <\/em>peintre toute sa vie cherche la peinture, <em>le <\/em>po\u00e8te la po\u00e9sie, le sculpteur la sculpture. \u00c0 moins qu&rsquo;ils <em>ne <\/em>cherchent <em>le <\/em>peintre, <em>le <\/em>po\u00e8te ou <em>le <\/em>sculpteur. On ne peint,<\/p>\n\n\n\n<p>on n&rsquo;\u00e9crit, on ne sculpte <em>que <\/em>soi-m\u00eame sous de multiples formes.<\/p>\n\n\n\n<p><em>Ces <\/em>formes servent de miroir dans <em>lequel <\/em>l&rsquo;artiste et son public <em>se <\/em>contemplent et <em>se <\/em>reconnaissent. On <em>se <\/em>conna\u00eet par <em>ce <\/em>qu&rsquo;on d\u00e9sire exprimer et fr\u00e9quenter.<\/p>\n\n\n\n<p>L&rsquo;angoiss\u00e9 projette son angoisse sur un dessin ou une sculpture tortueuse, puis l&rsquo;observe comme <em>une <\/em>chose ext\u00e9rieure \u00e0 lui. La personne qui s&rsquo;exprime la met <em>en <\/em>forme dans chacune de <em>ses <\/em>cr\u00e9ations, dans un mouvement vital et parfois violent, puis la met \u00e0 distance.<\/p>\n\n\n\n<p>L&rsquo;expression importe <em>en <\/em>soi, ou plut\u00f4t <em>elle <\/em>exporte de soi ce qu&rsquo;il y a de plus intime, de plus vrai, de plus n\u00e9cessaire \u00e0 faire sortir, \u00e0 transmettre, \u00e0 offrir&#8230;<\/p>\n\n\n\n<p>Pour Arno Stern, l&rsquo;expression est formulation, par le langage plastique (ou graphique) d&rsquo;images ou de symboles dict\u00e9s par les vibrations de l&rsquo;organisme, de ce qui ne peut \u00eatre dit ou exprim\u00e9 par le langage verbal raisonnable. L&rsquo;expression de la violence pourrait donc avoir une origine primitive de nature animale qui n&rsquo;a bien s\u00fbr rien de raisonnable mais peut lib\u00e9rer l&rsquo;individu de la d\u00e9pendance de mod\u00e8les et lui permettre de d\u00e9velopper une autonomie positive. Il suffit de feuilleter un album de J. Bosch, pour y reconna\u00eetre l&rsquo;atlas de toutes les images agressives qui nous environnent <em>e<\/em><em>t <\/em>dont nous sommes porteurs (arracher, \u00e9ventrer, mordre, avaler, \u00e9visc\u00e9rer, etc). Une fantasmagorie <em>que <\/em>l&rsquo;on retrouve parfois dans nos r\u00eaves, <em>et <\/em>donc <em>une <\/em>agressivit\u00e9 <em>et <\/em>une violence originelles de nature fantasmatique qui peut affecter notre exp\u00e9rience corporelle et sa relation avec les autres corps si elle ne s&rsquo;exprime pas.<\/p>\n\n\n\n<p><strong><em>Pour lire le texte complet <a href=\"\/index.php\/options-dinscription\/\"><mark style=\"background-color:rgba(0, 0, 0, 0)\" class=\"has-inline-color has-vivid-cyan-blue-color\">s&rsquo;inscrire<\/mark><\/a> ou <a href=\"\/index.php\/my-account\/edit-account\/\"><mark style=\"background-color:rgba(0, 0, 0, 0)\" class=\"has-inline-color has-vivid-cyan-blue-color\">se connecter<\/mark><\/a><\/em><\/strong><\/p>\n\n\n\n\n\n<div style=\"height:100px\" aria-hidden=\"true\" class=\"wp-block-spacer\"><\/div>\n\n\n\n<div class=\"wp-block-buttons is-content-justification-center is-layout-flex wp-container-core-buttons-is-layout-a89b3969 wp-block-buttons-is-layout-flex\">\n<div class=\"wp-block-button has-custom-font-size is-style-fill has-small-font-size\"><a class=\"wp-block-button__link has-vivid-red-background-color has-background wp-element-button\" href=\"\/index.php\/2019\/11\/03\/violences\/\">&lt;&#8211;retour<\/a><\/div>\n<\/div>\n<\/div>\n\n\n\n<div class=\"wp-block-column is-layout-flow wp-block-column-is-layout-flow\" style=\"flex-basis:33.33%\">\n<figure class=\"wp-block-table\"><table class=\"has-background\" style=\"background-color:#f8f2f2\"><thead><tr><th><mark class=\"has-inline-color has-vivid-red-color\" style=\"background-color: rgba(0, 0, 0, 0);\"><strong>Auteur<\/strong><\/mark><\/th><\/tr><\/thead><tbody><tr><td><strong>Alain Vasseur<\/strong><\/td><\/tr><\/tbody><\/table><\/figure>\n\n\n\n<figure class=\"wp-block-table\"><table><thead><tr><th><mark class=\"has-inline-color has-vivid-red-color\" style=\"background-color: rgba(0, 0, 0, 0);\"><strong>R\u00e9f\u00e9rence<\/strong><\/mark><\/th><\/tr><\/thead><tbody><tr><td><strong>RA014-24<\/strong><br><strong>Violences<\/strong><br>Journ\u00e9es d\u2019Automne 2019<\/td><\/tr><\/tbody><\/table><\/figure>\n\n\n\n<figure class=\"wp-block-table\"><table><thead><tr><th><mark class=\"has-inline-color has-vivid-red-color\" style=\"background-color: rgba(0, 0, 0, 0);\"><strong>Cat\u00e9gories<\/strong><\/mark><\/th><\/tr><\/thead><tbody><tr><td>Art-th\u00e9rapie<\/td><\/tr><\/tbody><\/table><\/figure>\n<\/div>\n<\/div>\n","protected":false},"excerpt":{"rendered":"<p>Paul Val\u00e9ry disait que le peintre toute sa vie cherche la peinture, le po\u00e8te la po\u00e9sie, le sculpteur la sculpture. \u00c0 moins qu&rsquo;ils ne cherchent le peintre, le po\u00e8te ou le sculpteur. On ne peint, on n&rsquo;\u00e9crit, on ne sculpte que soi-m\u00eame sous de multiples formes. Ces formes servent de&hellip;<\/p>\n","protected":false},"author":2,"featured_media":0,"comment_status":"closed","ping_status":"open","sticky":false,"template":"","format":"standard","meta":{"pmpro_default_level":"","ngg_post_thumbnail":0,"footnotes":""},"categories":[124],"tags":[492,315,38],"class_list":["post-1419","post","type-post","status-publish","format-standard","hentry","category-vasseur-alain","tag-art-therapie","tag-ra014-24","tag-violences","pmpro-has-access"],"_links":{"self":[{"href":"https:\/\/bibliotheque-sfpe-at.com\/index.php\/wp-json\/wp\/v2\/posts\/1419","targetHints":{"allow":["GET"]}}],"collection":[{"href":"https:\/\/bibliotheque-sfpe-at.com\/index.php\/wp-json\/wp\/v2\/posts"}],"about":[{"href":"https:\/\/bibliotheque-sfpe-at.com\/index.php\/wp-json\/wp\/v2\/types\/post"}],"author":[{"embeddable":true,"href":"https:\/\/bibliotheque-sfpe-at.com\/index.php\/wp-json\/wp\/v2\/users\/2"}],"replies":[{"embeddable":true,"href":"https:\/\/bibliotheque-sfpe-at.com\/index.php\/wp-json\/wp\/v2\/comments?post=1419"}],"version-history":[{"count":2,"href":"https:\/\/bibliotheque-sfpe-at.com\/index.php\/wp-json\/wp\/v2\/posts\/1419\/revisions"}],"predecessor-version":[{"id":3091,"href":"https:\/\/bibliotheque-sfpe-at.com\/index.php\/wp-json\/wp\/v2\/posts\/1419\/revisions\/3091"}],"wp:attachment":[{"href":"https:\/\/bibliotheque-sfpe-at.com\/index.php\/wp-json\/wp\/v2\/media?parent=1419"}],"wp:term":[{"taxonomy":"category","embeddable":true,"href":"https:\/\/bibliotheque-sfpe-at.com\/index.php\/wp-json\/wp\/v2\/categories?post=1419"},{"taxonomy":"post_tag","embeddable":true,"href":"https:\/\/bibliotheque-sfpe-at.com\/index.php\/wp-json\/wp\/v2\/tags?post=1419"}],"curies":[{"name":"wp","href":"https:\/\/api.w.org\/{rel}","templated":true}]}}