{"id":1421,"date":"2024-05-30T20:05:38","date_gmt":"2024-05-30T18:05:38","guid":{"rendered":"https:\/\/sfpe-at.com\/?p=1421"},"modified":"2025-01-31T16:30:41","modified_gmt":"2025-01-31T15:30:41","slug":"un-reste-a-danser","status":"publish","type":"post","link":"https:\/\/bibliotheque-sfpe-at.com\/index.php\/2024\/05\/30\/un-reste-a-danser\/","title":{"rendered":"Un reste \u00e0 danser"},"content":{"rendered":"\n<div class=\"wp-block-columns is-layout-flex wp-container-core-columns-is-layout-28f84493 wp-block-columns-is-layout-flex\">\n<div class=\"wp-block-column is-layout-flow wp-block-column-is-layout-flow\" style=\"flex-basis:66.66%\">\n<p>D&rsquo;o\u00f9 vient cette \u00e9trange r\u00e9sistance \u00e0 parler de ce qui se passe quand Je danse ? Dans ce lieu, Je parle dans le silence et signe avec mon corps en mouvement. En d\u00e9signant ma danse de \u00ab sauvage \u00bb, je la d\u00e9sirais instinctive, transgressive et indomptable. Ce caract\u00e8re \u00ab emport\u00e9 \u00bb et \u00ab farouche \u00bb renvoie \u00e9galement \u00e0 l&rsquo;\u00e9tymologie latine <em>violentia<\/em><em>. <\/em>La danse et la violence auraient-elles quelque chose \u00e0 voir ensemble ?<\/p>\n\n\n\n<p>Au carrefour entre fait de nature et fait de culture, dans cette zone obscure o\u00f9 le langage se soustrait, que reste t-il au sujet ? Dans la danse ou la violence, le sujet ne manifeste+il pas d&rsquo;un impossible \u00e0 penser et\/ou \u00e0 supporter? En retour de la r\u00e9pression des pulsions, le refoul\u00e9 peut jaillir avec force et trahir ce \u00e0 quoi l&rsquo;homme a d\u00fb renoncer pour \u00ab s&rsquo;humaniser. \u00bb<\/p>\n\n\n\n<p>\u00ab Dansez, dansez, sinon nous sommes perdus ! \u00bb formule Pina Bausch. Face \u00e0 un \u00e9tat d&rsquo;urgence, la danse pourrait-elle offrir une issue au sujet pour sortir de l&rsquo;impasse de la violence ?<\/p>\n\n\n\n<p><strong><em>Pour lire le texte complet <a href=\"\/index.php\/options-dinscription\/\"><mark style=\"background-color:rgba(0, 0, 0, 0)\" class=\"has-inline-color has-vivid-cyan-blue-color\">s&rsquo;inscrire<\/mark><\/a> ou <a href=\"\/index.php\/my-account\/edit-account\/\"><mark style=\"background-color:rgba(0, 0, 0, 0)\" class=\"has-inline-color has-vivid-cyan-blue-color\">se connecter<\/mark><\/a><\/em><\/strong><\/p>\n\n\n\n\n\n<div style=\"height:100px\" aria-hidden=\"true\" class=\"wp-block-spacer\"><\/div>\n\n\n\n<div class=\"wp-block-buttons is-content-justification-center is-layout-flex wp-container-core-buttons-is-layout-a89b3969 wp-block-buttons-is-layout-flex\">\n<div class=\"wp-block-button has-custom-font-size is-style-fill has-small-font-size\"><a class=\"wp-block-button__link has-vivid-red-background-color has-background wp-element-button\" href=\"\/index.php\/2019\/11\/03\/violences\/\">&lt;&#8211;retour<\/a><\/div>\n<\/div>\n<\/div>\n\n\n\n<div class=\"wp-block-column is-layout-flow wp-block-column-is-layout-flow\" style=\"flex-basis:33.33%\">\n<figure class=\"wp-block-table\"><table class=\"has-background\" style=\"background-color:#f8f2f2\"><thead><tr><th><mark class=\"has-inline-color has-vivid-red-color\" style=\"background-color: rgba(0, 0, 0, 0);\"><strong>Auteur<\/strong><\/mark><\/th><\/tr><\/thead><tbody><tr><td><strong>Alice Moulis<\/strong><\/td><\/tr><\/tbody><\/table><\/figure>\n\n\n\n<figure class=\"wp-block-table\"><table><thead><tr><th><mark class=\"has-inline-color has-vivid-red-color\" style=\"background-color: rgba(0, 0, 0, 0);\"><strong>R\u00e9f\u00e9rence<\/strong><\/mark><\/th><\/tr><\/thead><tbody><tr><td><strong>RA014-25<\/strong><br><strong>Violences<\/strong><br>Journ\u00e9es d\u2019Automne 2019<\/td><\/tr><\/tbody><\/table><\/figure>\n\n\n\n<figure class=\"wp-block-table\"><table><thead><tr><th><mark class=\"has-inline-color has-vivid-red-color\" style=\"background-color: rgba(0, 0, 0, 0);\"><strong>Cat\u00e9gories<\/strong><\/mark><\/th><\/tr><\/thead><tbody><tr><td>Art<br>Psychanalyse<br>Psychologie<br>Sociologie<br>Danse<\/td><\/tr><\/tbody><\/table><\/figure>\n<\/div>\n<\/div>\n","protected":false},"excerpt":{"rendered":"<p>D&rsquo;o\u00f9 vient cette \u00e9trange r\u00e9sistance \u00e0 parler de ce qui se passe quand Je danse ? Dans ce lieu, Je parle dans le silence et signe avec mon corps en mouvement. En d\u00e9signant ma danse de \u00ab sauvage \u00bb, je la d\u00e9sirais instinctive, transgressive et indomptable. Ce caract\u00e8re \u00ab emport\u00e9&hellip;<\/p>\n","protected":false},"author":2,"featured_media":0,"comment_status":"closed","ping_status":"open","sticky":false,"template":"","format":"standard","meta":{"pmpro_default_level":"","ngg_post_thumbnail":0,"footnotes":""},"categories":[316],"tags":[483,1294,494,498,317,558,38],"class_list":["post-1421","post","type-post","status-publish","format-standard","hentry","category-moulis-alice","tag-art","tag-danse-mouvement","tag-psychanalyse","tag-psychologie","tag-ra014-25","tag-sociologie","tag-violences","pmpro-has-access"],"_links":{"self":[{"href":"https:\/\/bibliotheque-sfpe-at.com\/index.php\/wp-json\/wp\/v2\/posts\/1421","targetHints":{"allow":["GET"]}}],"collection":[{"href":"https:\/\/bibliotheque-sfpe-at.com\/index.php\/wp-json\/wp\/v2\/posts"}],"about":[{"href":"https:\/\/bibliotheque-sfpe-at.com\/index.php\/wp-json\/wp\/v2\/types\/post"}],"author":[{"embeddable":true,"href":"https:\/\/bibliotheque-sfpe-at.com\/index.php\/wp-json\/wp\/v2\/users\/2"}],"replies":[{"embeddable":true,"href":"https:\/\/bibliotheque-sfpe-at.com\/index.php\/wp-json\/wp\/v2\/comments?post=1421"}],"version-history":[{"count":3,"href":"https:\/\/bibliotheque-sfpe-at.com\/index.php\/wp-json\/wp\/v2\/posts\/1421\/revisions"}],"predecessor-version":[{"id":3771,"href":"https:\/\/bibliotheque-sfpe-at.com\/index.php\/wp-json\/wp\/v2\/posts\/1421\/revisions\/3771"}],"wp:attachment":[{"href":"https:\/\/bibliotheque-sfpe-at.com\/index.php\/wp-json\/wp\/v2\/media?parent=1421"}],"wp:term":[{"taxonomy":"category","embeddable":true,"href":"https:\/\/bibliotheque-sfpe-at.com\/index.php\/wp-json\/wp\/v2\/categories?post=1421"},{"taxonomy":"post_tag","embeddable":true,"href":"https:\/\/bibliotheque-sfpe-at.com\/index.php\/wp-json\/wp\/v2\/tags?post=1421"}],"curies":[{"name":"wp","href":"https:\/\/api.w.org\/{rel}","templated":true}]}}