{"id":1423,"date":"2024-05-30T20:08:10","date_gmt":"2024-05-30T18:08:10","guid":{"rendered":"https:\/\/sfpe-at.com\/?p=1423"},"modified":"2025-01-19T16:41:50","modified_gmt":"2025-01-19T15:41:50","slug":"les-multiples-nuances-de-la-perversion-imagee-et-du-theatre-du-reel","status":"publish","type":"post","link":"https:\/\/bibliotheque-sfpe-at.com\/index.php\/2024\/05\/30\/les-multiples-nuances-de-la-perversion-imagee-et-du-theatre-du-reel\/","title":{"rendered":"Les multiples nuances, de la perversion imag\u00e9e et du th\u00e9\u00e2tre du r\u00e9el"},"content":{"rendered":"\n<div class=\"wp-block-columns is-layout-flex wp-container-core-columns-is-layout-28f84493 wp-block-columns-is-layout-flex\">\n<div class=\"wp-block-column is-layout-flow wp-block-column-is-layout-flow\" style=\"flex-basis:66.66%\">\n<p>Depuis la nuit des temps, la violence fait partie de l&rsquo;art. Au th\u00e9\u00e2tre classique, soit elle pr\u00e9c\u00e8de la trag\u00e9die \u00e0 venir, soit elle permet la catharsis. Sa nature change selon les \u00e9poques, comme ses th\u00e9matiques et son expression esth\u00e9tique. L&rsquo;audiovisuel actuel est devenu le porteur <em>sine qua non <\/em>de notre \u00e9poque o\u00f9 les images brutes de la violence, de la sexualit\u00e9 brutale, de la d\u00e9naturation des corps, vont de pair avec la d\u00e9shumanisation, la rigidification des r\u00e8gles sociales, l&rsquo;attirance par des extr\u00eames et par le morbide. Autant de\u00ab choses\u00bb de notre soci\u00e9t\u00e9(\u00ab <em>happy slapping <\/em>\u00bb, photo graphies prim\u00e9es de Paul Hansen, op\u00e9rations performances d&rsquo;Orlan, le th\u00e9\u00e2tre-r\u00e9alit\u00e9, le spectateur en Rhinoc\u00e9ros d&rsquo;Ionesco) mues par le d\u00e9sir cannibalique de faire dispara\u00eetre l&rsquo;Autre par tout moyen, aussi cruel que possible et o\u00f9 le passage \u00e0 l&rsquo;acte emp\u00eache toute catharsis.<\/p>\n\n\n\n<p>De son c\u00f4t\u00e9, la repr\u00e9sentation th\u00e9\u00e2trale contemporaine qui est partie du \u00ab th\u00e9\u00e2tre de la cruaut\u00e9 \u00bb d&rsquo;Antonin. Artaud, en passant par la \u00ab Classe morte \u00bb de Kantor, m\u00e8ne au \u00ab th\u00e9\u00e2tre des choses \u00bb, avec ces individus qui ne sont plus que corps meurtris, supplici\u00e9s, souffrants, ext\u00e9nu\u00e9s, voire morcel\u00e9s&#8230;<\/p>\n\n\n\n<p>L&rsquo;audiovisuel reproduit l&rsquo;image du r\u00e9el, tandis que le th\u00e9\u00e2tre sa repr\u00e9sentation. Avec des exemples contemporains, nous essayerons de r\u00e9fl\u00e9chir de quelle mani\u00e8re l&rsquo;un ou l&rsquo;autre expriment une crise de la soci\u00e9t\u00e9 et de quelle nature est l&rsquo;impact que chacun a sur le v\u00e9cu du spectateur.<\/p>\n\n\n\n<p><strong><em>Pour lire le texte complet <a href=\"\/index.php\/options-dinscription\/\"><mark style=\"background-color:rgba(0, 0, 0, 0)\" class=\"has-inline-color has-vivid-cyan-blue-color\">s&rsquo;inscrire<\/mark><\/a> ou <a href=\"\/index.php\/my-account\/edit-account\/\"><mark style=\"background-color:rgba(0, 0, 0, 0)\" class=\"has-inline-color has-vivid-cyan-blue-color\">se connecter<\/mark><\/a><\/em><\/strong><\/p>\n\n\n\n\n\n<div style=\"height:100px\" aria-hidden=\"true\" class=\"wp-block-spacer\"><\/div>\n\n\n\n<div class=\"wp-block-buttons is-content-justification-center is-layout-flex wp-container-core-buttons-is-layout-a89b3969 wp-block-buttons-is-layout-flex\">\n<div class=\"wp-block-button has-custom-font-size is-style-fill has-small-font-size\"><a class=\"wp-block-button__link has-vivid-red-background-color has-background wp-element-button\" href=\"\/index.php\/2019\/11\/03\/violences\/\">&lt;&#8211;retour<\/a><\/div>\n<\/div>\n<\/div>\n\n\n\n<div class=\"wp-block-column is-layout-flow wp-block-column-is-layout-flow\" style=\"flex-basis:33.33%\">\n<figure class=\"wp-block-table\"><table class=\"has-background\" style=\"background-color:#f8f2f2\"><thead><tr><th><mark class=\"has-inline-color has-vivid-red-color\" style=\"background-color: rgba(0, 0, 0, 0);\"><strong>Auteur<\/strong><\/mark><\/th><\/tr><\/thead><tbody><tr><td><strong>Senja Stirn<\/strong><\/td><\/tr><\/tbody><\/table><\/figure>\n\n\n\n<figure class=\"wp-block-table\"><table><thead><tr><th><mark class=\"has-inline-color has-vivid-red-color\" style=\"background-color: rgba(0, 0, 0, 0);\"><strong>R\u00e9f\u00e9rence<\/strong><\/mark><\/th><\/tr><\/thead><tbody><tr><td><strong>RA014-26<\/strong><br><strong>Violences<\/strong><br>Journ\u00e9es d\u2019Automne 2019<\/td><\/tr><\/tbody><\/table><\/figure>\n\n\n\n<figure class=\"wp-block-table\"><table><thead><tr><th><mark class=\"has-inline-color has-vivid-red-color\" style=\"background-color: rgba(0, 0, 0, 0);\"><strong>Cat\u00e9gories<\/strong><\/mark><\/th><\/tr><\/thead><tbody><tr><td>Psychopathologie de l\u2019expression<br>Th\u00e9\u00e2tre<\/td><\/tr><\/tbody><\/table><\/figure>\n<\/div>\n<\/div>\n","protected":false},"excerpt":{"rendered":"<p>Depuis la nuit des temps, la violence fait partie de l&rsquo;art. Au th\u00e9\u00e2tre classique, soit elle pr\u00e9c\u00e8de la trag\u00e9die \u00e0 venir, soit elle permet la catharsis. Sa nature change selon les \u00e9poques, comme ses th\u00e9matiques et son expression esth\u00e9tique. L&rsquo;audiovisuel actuel est devenu le porteur sine qua non de notre&hellip;<\/p>\n","protected":false},"author":2,"featured_media":0,"comment_status":"closed","ping_status":"open","sticky":false,"template":"","format":"standard","meta":{"pmpro_default_level":"","ngg_post_thumbnail":0,"footnotes":""},"categories":[220],"tags":[641,504,38],"class_list":["post-1423","post","type-post","status-publish","format-standard","hentry","category-stirn-senja","tag-ra014-26","tag-theatre","tag-violences","pmpro-has-access"],"_links":{"self":[{"href":"https:\/\/bibliotheque-sfpe-at.com\/index.php\/wp-json\/wp\/v2\/posts\/1423","targetHints":{"allow":["GET"]}}],"collection":[{"href":"https:\/\/bibliotheque-sfpe-at.com\/index.php\/wp-json\/wp\/v2\/posts"}],"about":[{"href":"https:\/\/bibliotheque-sfpe-at.com\/index.php\/wp-json\/wp\/v2\/types\/post"}],"author":[{"embeddable":true,"href":"https:\/\/bibliotheque-sfpe-at.com\/index.php\/wp-json\/wp\/v2\/users\/2"}],"replies":[{"embeddable":true,"href":"https:\/\/bibliotheque-sfpe-at.com\/index.php\/wp-json\/wp\/v2\/comments?post=1423"}],"version-history":[{"count":2,"href":"https:\/\/bibliotheque-sfpe-at.com\/index.php\/wp-json\/wp\/v2\/posts\/1423\/revisions"}],"predecessor-version":[{"id":3093,"href":"https:\/\/bibliotheque-sfpe-at.com\/index.php\/wp-json\/wp\/v2\/posts\/1423\/revisions\/3093"}],"wp:attachment":[{"href":"https:\/\/bibliotheque-sfpe-at.com\/index.php\/wp-json\/wp\/v2\/media?parent=1423"}],"wp:term":[{"taxonomy":"category","embeddable":true,"href":"https:\/\/bibliotheque-sfpe-at.com\/index.php\/wp-json\/wp\/v2\/categories?post=1423"},{"taxonomy":"post_tag","embeddable":true,"href":"https:\/\/bibliotheque-sfpe-at.com\/index.php\/wp-json\/wp\/v2\/tags?post=1423"}],"curies":[{"name":"wp","href":"https:\/\/api.w.org\/{rel}","templated":true}]}}