{"id":1425,"date":"2020-11-20T13:01:40","date_gmt":"2020-11-20T12:01:40","guid":{"rendered":"https:\/\/sfpe-at.com\/?p=1425"},"modified":"2024-06-12T17:47:32","modified_gmt":"2024-06-12T15:47:32","slug":"silence","status":"publish","type":"post","link":"https:\/\/bibliotheque-sfpe-at.com\/index.php\/2020\/11\/20\/silence\/","title":{"rendered":"Silence"},"content":{"rendered":"<div class=\"wp-block-image\">\n<figure class=\"alignright size-large is-resized\"><a href=\"https:\/\/bibliotheque-sfpe-at.com\/wp-content\/uploads\/2024\/05\/RA015-Silence.jpg\"><img loading=\"lazy\" decoding=\"async\" width=\"724\" height=\"1024\" src=\"https:\/\/bibliotheque-sfpe-at.com\/wp-content\/uploads\/2024\/05\/RA015-Silence-724x1024.jpg\" alt=\"\" class=\"wp-image-1426\" style=\"width:350px\" srcset=\"https:\/\/bibliotheque-sfpe-at.com\/wp-content\/uploads\/2024\/05\/RA015-Silence-724x1024.jpg 724w, https:\/\/bibliotheque-sfpe-at.com\/wp-content\/uploads\/2024\/05\/RA015-Silence-600x848.jpg 600w, https:\/\/bibliotheque-sfpe-at.com\/wp-content\/uploads\/2024\/05\/RA015-Silence-212x300.jpg 212w, https:\/\/bibliotheque-sfpe-at.com\/wp-content\/uploads\/2024\/05\/RA015-Silence-768x1086.jpg 768w, https:\/\/bibliotheque-sfpe-at.com\/wp-content\/uploads\/2024\/05\/RA015-Silence-241x340.jpg 241w, https:\/\/bibliotheque-sfpe-at.com\/wp-content\/uploads\/2024\/05\/RA015-Silence-425x600.jpg 425w, https:\/\/bibliotheque-sfpe-at.com\/wp-content\/uploads\/2024\/05\/RA015-Silence.jpg 849w\" sizes=\"auto, (max-width: 724px) 100vw, 724px\" \/><\/a><\/figure>\n<\/div>\n\n\n<p>\u00ab&nbsp;<em>Ce dont on ne peut parler, il faut le taire.&nbsp;<\/em>\u00bb<br>Wittgenstein<\/p>\n\n\n\n<p>Comment le geste artistique et nos pratiques cliniques peuvent-ils \u00eatre <em>concern\u00e9s par le <\/em>silence&nbsp;? Dans la symptomatologie psychopathologique, le silence a partie li\u00e9e avec le mutisme. Entre acquiescement tacite, r\u00e9ticence, impossibilit\u00e9 de r\u00e9ponse et silence de mort, le silence, les silences rev\u00eatent des significations diff\u00e9rentes et souvent contradictoires.<\/p>\n\n\n\n<p>Contrairement au vide, le silence n\u2019est ni absence ni vide repr\u00e9sentationnel. Il ne s\u2019oppose pas \u00e0 la parole mais, porteur de sens, il en constitue la toile de fond. Des artistes contemporains comme John Cage dans <em>4<\/em><em>\u2019<\/em><em>33<\/em> ont pu saisir le silence dans leurs compositions, des cin\u00e9astes le montrer dans les S<em>ilent movies, <\/em>des peintres tel Zao Wou-Ki dire dans leurs toiles que<em> \u00ab&nbsp;<\/em><em>l<\/em><em>\u2019<\/em><em>espace est silence&nbsp;\u00bb. <\/em>Si Shakespeare a pu terminer son <em>Hamlet<\/em> sur \u00ab&nbsp;<em>le reste est silence&nbsp;<\/em>\u00bb, de quel reste le silence se fait-il la parole&nbsp;? Entre l\u2019indicible du sublime et celui de l\u2019horreur, le silence semble une figure de l\u2019exc\u00e8s, un r\u00e9el assourdissant en de\u00e7\u00e0 ou au-del\u00e0 des mots.<\/p>\n\n\n\n<p>La pr\u00e9sence de la m\u00e8re, cette \u00ab<em> musicienne du silence<\/em>&nbsp;\u00bb, fait acc\u00e9der l\u2019enfant \u00e0 la capacit\u00e9 d\u2019\u00eatre seul sans se sentir abandonn\u00e9. Qu\u2019en est-il de la pr\u00e9sence, souvent silencieuse, de l\u2019analyste, de l\u2019art-th\u00e9rapeute&nbsp;? Comment la pratique artistique engage-t-elle le silence dans son geste, son contenu, dans sa r\u00e9ception m\u00eame&nbsp;? Ainsi, le saisissement esth\u00e9tique que produit l\u2019\u0153uvre d\u2019art nous met aux prises avec le silence&nbsp; \u2014 nous pouvons rester interdits, bouche b\u00e9e devant l\u2019art. C\u2019est \u00e0 ces diff\u00e9rentes questions \u2014 cliniques, artistiques, th\u00e9rapeutiques \u2014 que nous tentons de r\u00e9pondre en mettant au travail les interventions et interm\u00e8des artistiques face aux figures du silence et aux sens multiples auquel il nous convie.<\/p>\n\n\n<div class='pt-cv-wrapper'> <div class=\"pt-cv-view pt-cv-blockgrid iscvblock iscvreal grid1 layout2 cveffect-zoomin\" id=\"pt-cv-view-3i0h7lt2\"><div data-id=\"pt-cv-page-1\" class=\"pt-cv-page\" data-cvc=\"4\"><div class=\" pt-cv-content-item pt-cv-1-col\" ><div class=\"pt-cv-taxoterm above_title\"><a href='https:\/\/bibliotheque-sfpe-at.com\/index.php\/category\/auteurs\/lambert-jean-francois\/' title='Lambert Jean-Fran\u00e7ois' class='pt-cv-tax-lambert-jean-francois'>Lambert Jean-Fran\u00e7ois<\/a><\/div>\n<h4 class=\"pt-cv-title\"><a href=\"https:\/\/bibliotheque-sfpe-at.com\/index.php\/2024\/05\/31\/de-quoi-le-silence-est-il-le-nom\/\" class=\"_self\" target=\"_self\" >De quoi le silence est-il le nom ?<\/a><\/h4>\n<div class=\"pt-cv-content\">Selon une formule maintes fois reprise du chirurgien fran\u00e7ais Ren\u00e9 Leriche, \u00ab La sant\u00e9 c\u2019est la vie dans le silence des organes \u00bb. Quant \u00e0 la musique, elle serait \u00ab entre \u00bb les notes et le sens de la phrase dans les \u00ab blancs \u00bb &#8230;<\/div>\n<div class=\"pt-cv-rmwrap\"><a href=\"https:\/\/bibliotheque-sfpe-at.com\/index.php\/2024\/05\/31\/de-quoi-le-silence-est-il-le-nom\/\" class=\"_self pt-cv-readmore btn btn-success\" target=\"_self\" >Lire La Suite\u2026<\/a><\/div><\/div>\n<div class=\" pt-cv-content-item pt-cv-1-col\" ><div class=\"pt-cv-taxoterm above_title\"><a href='https:\/\/bibliotheque-sfpe-at.com\/index.php\/category\/auteurs\/barthelemy-jean-marie\/' title='Barth\u00e9l\u00e9my Jean-Marie' class='pt-cv-tax-barthelemy-jean-marie'>Barth\u00e9l\u00e9my Jean-Marie<\/a><\/div>\n<h4 class=\"pt-cv-title\"><a href=\"https:\/\/bibliotheque-sfpe-at.com\/index.php\/2024\/05\/31\/contrepoints-et-modulations-phenomenologiques-du-silence\/\" class=\"_self\" target=\"_self\" >Contrepoints et modulations ph\u00e9nom\u00e9nologiques du silence<\/a><\/h4>\n<div class=\"pt-cv-content\">Aussi \u00e9trange qu\u2019il puisse para\u00eetre, le silence s\u2019impose, \u00e0 l\u2019approche ph\u00e9nom\u00e9nologique, comme une donn\u00e9e fort relative. Au moins en intensit\u00e9, dur\u00e9e, pesanteur et extension. Souvent parlant, parfois loquace ou expressif, il lui arrive m\u00eame de verser dans l\u2019\u00e9loquence, c\u2019est tout dire&#8230; \u00c0 ce titre, \u00e9voquer &#8230;<\/div>\n<div class=\"pt-cv-rmwrap\"><a href=\"https:\/\/bibliotheque-sfpe-at.com\/index.php\/2024\/05\/31\/contrepoints-et-modulations-phenomenologiques-du-silence\/\" class=\"_self pt-cv-readmore btn btn-success\" target=\"_self\" >Lire La Suite\u2026<\/a><\/div><\/div>\n<div class=\" pt-cv-content-item pt-cv-1-col\" ><div class=\"pt-cv-taxoterm above_title\"><a href='https:\/\/bibliotheque-sfpe-at.com\/index.php\/category\/auteurs\/bloess-georges\/' title='Bloess Georges' class='pt-cv-tax-bloess-georges'>Bloess Georges<\/a><\/div>\n<h4 class=\"pt-cv-title\"><a href=\"https:\/\/bibliotheque-sfpe-at.com\/index.php\/2024\/05\/31\/composer-le-silence-ou-etre-la-parole-de-linexprimable\/\" class=\"_self\" target=\"_self\" >\u00ab\u00a0Composer le silence\u00a0\u00bb ou \u00eatre \u00ab\u00a0la parole de l\u2019inexprimable\u00a0\u00bb\u00a0?<\/a><\/h4>\n<div class=\"pt-cv-content\">\u00abSilences \u00bb ? Ce pluriel d\u2019usage plut\u00f4t rare oblige \u00e0 constater qu\u2019il est des silences divers dans leur qualit\u00e9 comme dans leur nature. On s\u2019int\u00e9ressera ici aux multiples modulations du silence dans le v\u00e9cu des artistes et des po\u00e8tes : lourds et charg\u00e9s de pr\u00e9sages &#8230;<\/div>\n<div class=\"pt-cv-rmwrap\"><a href=\"https:\/\/bibliotheque-sfpe-at.com\/index.php\/2024\/05\/31\/composer-le-silence-ou-etre-la-parole-de-linexprimable\/\" class=\"_self pt-cv-readmore btn btn-success\" target=\"_self\" >Lire La Suite\u2026<\/a><\/div><\/div>\n<div class=\" pt-cv-content-item pt-cv-1-col\" ><div class=\"pt-cv-taxoterm above_title\"><a href='https:\/\/bibliotheque-sfpe-at.com\/index.php\/category\/auteurs\/cassayre-sylvie\/' title='Cassayre Sylvie' class='pt-cv-tax-cassayre-sylvie'>Cassayre Sylvie<\/a><\/div>\n<h4 class=\"pt-cv-title\"><a href=\"https:\/\/bibliotheque-sfpe-at.com\/index.php\/2024\/05\/31\/pascal-quignard-la-quete-silencieuse-des-matins-sans-retour\/\" class=\"_self\" target=\"_self\" >Pascal Quignard\u00a0: la qu\u00eate silencieuse des matins sans retour<\/a><\/h4>\n<div class=\"pt-cv-content\">Au nombre des oeuvres qui depuis 1950 s\u2019inscrivent sous le signe du silence, par leurs th\u00e9matiques, leur \u00e9criture \u00ab taiseuse \u00bb, ou leur contestation du langage, celle de Pascal Quignard, qui \u00e9chappe aux classifications g\u00e9n\u00e9riques ordinaires, s\u2019\u00e9crit dans la suspension des mots, au seuil de &#8230;<\/div>\n<div class=\"pt-cv-rmwrap\"><a href=\"https:\/\/bibliotheque-sfpe-at.com\/index.php\/2024\/05\/31\/pascal-quignard-la-quete-silencieuse-des-matins-sans-retour\/\" class=\"_self pt-cv-readmore btn btn-success\" target=\"_self\" >Lire La Suite\u2026<\/a><\/div><\/div>\n<div class=\" pt-cv-content-item pt-cv-1-col\" ><div class=\"pt-cv-taxoterm above_title\"><a href='https:\/\/bibliotheque-sfpe-at.com\/index.php\/category\/auteurs\/deschamps-valerie\/' title='Deschamps Val\u00e9rie' class='pt-cv-tax-deschamps-valerie'>Deschamps Val\u00e9rie<\/a><\/div>\n<h4 class=\"pt-cv-title\"><a href=\"https:\/\/bibliotheque-sfpe-at.com\/index.php\/2024\/05\/31\/silences-dame-parole-et-gloire\/\" class=\"_self\" target=\"_self\" >Silences d\u2019\u00e2me, parole et gloire<\/a><\/h4>\n<div class=\"pt-cv-content\">Dans son roman autobiographique, Le premier homme, Albert Camus \u00e9voque de nombreux silences qui font partie de sa propre histoire : silences de sa m\u00e8re malentendante, silences d\u2019une histoire familiale marqu\u00e9e par la migration et la pauvret\u00e9, silence sur le p\u00e8re, qui meurt dans sa &#8230;<\/div>\n<div class=\"pt-cv-rmwrap\"><a href=\"https:\/\/bibliotheque-sfpe-at.com\/index.php\/2024\/05\/31\/silences-dame-parole-et-gloire\/\" class=\"_self pt-cv-readmore btn btn-success\" target=\"_self\" >Lire La Suite\u2026<\/a><\/div><\/div>\n<div class=\" pt-cv-content-item pt-cv-1-col\" ><div class=\"pt-cv-taxoterm above_title\"><a href='https:\/\/bibliotheque-sfpe-at.com\/index.php\/category\/auteurs\/mourtada-youssef\/' title='Mourtada Youssef' class='pt-cv-tax-mourtada-youssef'>Mourtada Youssef<\/a><\/div>\n<h4 class=\"pt-cv-title\"><a href=\"https:\/\/bibliotheque-sfpe-at.com\/index.php\/2024\/05\/31\/silence-je-suis\/\" class=\"_self\" target=\"_self\" >Silence je suis<\/a><\/h4>\n<div class=\"pt-cv-content\">Le silence est l\u2019\u00eatre du bruit et le bruit c\u2019est la vie. La vie commence par un cri, un souffle, cette \u00e2me qui anime la mati\u00e8re et autorise son mouvement, bruit d\u2019un coeur et d\u2019un moteur. Avec la r\u00e9p\u00e9tition, le bruit s\u2019autorise une image mais &#8230;<\/div>\n<div class=\"pt-cv-rmwrap\"><a href=\"https:\/\/bibliotheque-sfpe-at.com\/index.php\/2024\/05\/31\/silence-je-suis\/\" class=\"_self pt-cv-readmore btn btn-success\" target=\"_self\" >Lire La Suite\u2026<\/a><\/div><\/div>\n<div class=\" pt-cv-content-item pt-cv-1-col\" ><div class=\"pt-cv-taxoterm above_title\"><a href='https:\/\/bibliotheque-sfpe-at.com\/index.php\/category\/auteurs\/boissiere-anne\/' title='Boissi\u00e8re Anne' class='pt-cv-tax-boissiere-anne'>Boissi\u00e8re Anne<\/a><\/div>\n<h4 class=\"pt-cv-title\"><a href=\"https:\/\/bibliotheque-sfpe-at.com\/index.php\/2024\/05\/31\/die-stille-le-cas-de-la-junon-ludovisi\/\" class=\"_self\" target=\"_self\" >Die Stille : le cas de la Junon Ludovisi<\/a><\/h4>\n<div class=\"pt-cv-content\">Comme le dit \u00c9lisabeth Decultot dans le Vocabulaire europ\u00e9en de la philosophie, \u00ab Still \u00bb est un intraduisible, qui renvoie \u00e0 la fois au silence et \u00e0 l\u2019immobilit\u00e9. L\u2019adjectif allemand a une histoire esth\u00e9tique complexe, qui part d\u2019un sens mystique \u00e0 l\u2019\u00e9poque m\u00e9di\u00e9vale jusqu\u2019\u00e0 engager &#8230;<\/div>\n<div class=\"pt-cv-rmwrap\"><a href=\"https:\/\/bibliotheque-sfpe-at.com\/index.php\/2024\/05\/31\/die-stille-le-cas-de-la-junon-ludovisi\/\" class=\"_self pt-cv-readmore btn btn-success\" target=\"_self\" >Lire La Suite\u2026<\/a><\/div><\/div>\n<div class=\" pt-cv-content-item pt-cv-1-col\" ><div class=\"pt-cv-taxoterm above_title\"><a href='https:\/\/bibliotheque-sfpe-at.com\/index.php\/category\/auteurs\/schiltz-lony\/' title='Schiltz Lony' class='pt-cv-tax-schiltz-lony'>Schiltz Lony<\/a><\/div>\n<h4 class=\"pt-cv-title\"><a href=\"https:\/\/bibliotheque-sfpe-at.com\/index.php\/2024\/05\/31\/musique-silence-imaginaire\/\" class=\"_self\" target=\"_self\" >Musique, Silence, Imaginaire<\/a><\/h4>\n<div class=\"pt-cv-content\">En nous basant sur la psychologie de la musique et sur des r\u00e9sultats de recherche personnels, nous allons pr\u00e9senter quelques r\u00e9flexions concernant les liens entre la musique et le silence et leur effet sur l\u2019imaginaire. La psychologie de la musique a \u00e9tudi\u00e9 l\u2019impact du silence &#8230;<\/div>\n<div class=\"pt-cv-rmwrap\"><a href=\"https:\/\/bibliotheque-sfpe-at.com\/index.php\/2024\/05\/31\/musique-silence-imaginaire\/\" class=\"_self pt-cv-readmore btn btn-success\" target=\"_self\" >Lire La Suite\u2026<\/a><\/div><\/div>\n<div class=\" pt-cv-content-item pt-cv-1-col\" ><div class=\"pt-cv-taxoterm above_title\"><a href='https:\/\/bibliotheque-sfpe-at.com\/index.php\/category\/auteurs\/schauder-silke\/' title='Schauder Silke' class='pt-cv-tax-schauder-silke'>Schauder Silke<\/a><\/div>\n<h4 class=\"pt-cv-title\"><a href=\"https:\/\/bibliotheque-sfpe-at.com\/index.php\/2024\/05\/31\/les-silent-movies-de-charlie-chaplin-charlot-et-la-beaute-du-cinema-muet\/\" class=\"_self\" target=\"_self\" >Les Silent movies de Charlie Chaplin\u00a0: Charlot et la beaut\u00e9 du cin\u00e9ma muet<\/a><\/h4>\n<div class=\"pt-cv-content\">The Kid, Les Temps modernes, City Lights, La ru\u00e9e vers l\u2019or, Le Dictateur\u2026 Les films de Charlie Chaplin sont d\u2019imp\u00e9rissables classiques du cin\u00e9ma mondial, la silhouette de Charlot fait partie des ic\u00f4nes de la modernit\u00e9. Comment comprendre les ressorts de son mythe en partant des &#8230;<\/div>\n<div class=\"pt-cv-rmwrap\"><a href=\"https:\/\/bibliotheque-sfpe-at.com\/index.php\/2024\/05\/31\/les-silent-movies-de-charlie-chaplin-charlot-et-la-beaute-du-cinema-muet\/\" class=\"_self pt-cv-readmore btn btn-success\" target=\"_self\" >Lire La Suite\u2026<\/a><\/div><\/div>\n<div class=\" pt-cv-content-item pt-cv-1-col\" ><div class=\"pt-cv-taxoterm above_title\"><a href='https:\/\/bibliotheque-sfpe-at.com\/index.php\/category\/auteurs\/ferrieres-pestureau-suzanne\/' title='Ferri\u00e8res-Pestureau Suzanne' class='pt-cv-tax-ferrieres-pestureau-suzanne'>Ferri\u00e8res-Pestureau Suzanne<\/a><\/div>\n<h4 class=\"pt-cv-title\"><a href=\"https:\/\/bibliotheque-sfpe-at.com\/index.php\/2024\/05\/31\/linquietante-etrangete-du-silence-dans-la-peinture-dhammershoi\/\" class=\"_self\" target=\"_self\" >L\u2019inqui\u00e9tante \u00e9tranget\u00e9 du silence dans la peinture d\u2019Hammersh\u00d8i<\/a><\/h4>\n<div class=\"pt-cv-content\">Le silence qui \u00e9mane des toiles d\u2019Hammersh\u00f8i plonge le spectateur dans un sentiment de trouble qui le renvoie \u00e0 une part inconnue de lui-m\u00eame \u00e0 laquelle il n\u2019a pas acc\u00e8s. Silence d\u2019avant la parole ou silence en qu\u00eate de parole, on ne peut trancher tant &#8230;<\/div>\n<div class=\"pt-cv-rmwrap\"><a href=\"https:\/\/bibliotheque-sfpe-at.com\/index.php\/2024\/05\/31\/linquietante-etrangete-du-silence-dans-la-peinture-dhammershoi\/\" class=\"_self pt-cv-readmore btn btn-success\" target=\"_self\" >Lire La Suite\u2026<\/a><\/div><\/div>\n<div class=\" pt-cv-content-item pt-cv-1-col\" ><div class=\"pt-cv-taxoterm above_title\"><a href='https:\/\/bibliotheque-sfpe-at.com\/index.php\/category\/auteurs\/villeneuve-jeanne\/' title='Villeneuve Jeanne' class='pt-cv-tax-villeneuve-jeanne'>Villeneuve Jeanne<\/a><\/div>\n<h4 class=\"pt-cv-title\"><a href=\"https:\/\/bibliotheque-sfpe-at.com\/index.php\/2024\/05\/31\/deambulation-au-sein-du-silence-dans-loeuvre-de-lee-ufan-zao-wou-ki-pierre-soulages-fabienne-verdier\/\" class=\"_self\" target=\"_self\" >D\u00e9ambulation au sein du silence dans l\u2019\u0153uvre de Lee Ufan, Zao Wou-Ki, Pierre Soulages, Fabienne Verdier<\/a><\/h4>\n<div class=\"pt-cv-content\">Nous essaierons de comprendre comment un artiste majeur de la peinture contemporaine, Lee Ufan, tente de r\u00e9soudre la probl\u00e9matique de la repr\u00e9sentation du silence. Nous \u00e9tirerons notre propos avec Pierre Soulages, Zao Wou-ki, Fabienne Verdier. Nous d\u00e9ambulerons dans un premier temps dans le Couvent de &#8230;<\/div>\n<div class=\"pt-cv-rmwrap\"><a href=\"https:\/\/bibliotheque-sfpe-at.com\/index.php\/2024\/05\/31\/deambulation-au-sein-du-silence-dans-loeuvre-de-lee-ufan-zao-wou-ki-pierre-soulages-fabienne-verdier\/\" class=\"_self pt-cv-readmore btn btn-success\" target=\"_self\" >Lire La Suite\u2026<\/a><\/div><\/div>\n<div class=\" pt-cv-content-item pt-cv-1-col\" ><div class=\"pt-cv-taxoterm above_title\"><a href='https:\/\/bibliotheque-sfpe-at.com\/index.php\/category\/auteurs\/vasseur-alain\/' title='Vasseur Alain' class='pt-cv-tax-vasseur-alain'>Vasseur Alain<\/a><\/div>\n<h4 class=\"pt-cv-title\"><a href=\"https:\/\/bibliotheque-sfpe-at.com\/index.php\/2024\/05\/31\/latelier-dart-therapie-une-parenthese-de-silences\/\" class=\"_self\" target=\"_self\" >L\u2019atelier d\u2019art-th\u00e9rapie, une parenth\u00e8se de silences<\/a><\/h4>\n<div class=\"pt-cv-content\">Les \u00e9v\u00e9nements de nos vies s\u2019envolent. Reste souvent l\u2019essentiel, inscrit dans le corps, silencieux, qui ressurgit dans la force \u00e9tonnamment vive et parfois incompr\u00e9hensible d\u2019une \u00e9motion traduite dans la dynamique d\u2019un processus d\u2019expression. Le souvenir n\u2019est plus, mais la m\u00e9moire sensuelle du corps parle toujours &#8230;<\/div>\n<div class=\"pt-cv-rmwrap\"><a href=\"https:\/\/bibliotheque-sfpe-at.com\/index.php\/2024\/05\/31\/latelier-dart-therapie-une-parenthese-de-silences\/\" class=\"_self pt-cv-readmore btn btn-success\" target=\"_self\" >Lire La Suite\u2026<\/a><\/div><\/div>\n<div class=\" pt-cv-content-item pt-cv-1-col\" ><div class=\"pt-cv-taxoterm above_title\"><a href='https:\/\/bibliotheque-sfpe-at.com\/index.php\/category\/auteurs\/vaast-marion\/' title='Vaast Marion' class='pt-cv-tax-vaast-marion'>Vaast Marion<\/a><\/div>\n<h4 class=\"pt-cv-title\"><a href=\"https:\/\/bibliotheque-sfpe-at.com\/index.php\/2024\/05\/31\/le-silence-createur-de-lintime-en-art-therapie-entre-sensorialite-et-intersubjectivite\/\" class=\"_self\" target=\"_self\" >Le silence cr\u00e9ateur de l\u2019intime en art-th\u00e9rapie, entre sensorialit\u00e9 et intersubjectivit\u00e9<\/a><\/h4>\n<div class=\"pt-cv-content\">Silence ne signifie pas vide. Dans un suivi art-th\u00e9rapeutique, le silence peut \u00eatre cr\u00e9ateur. \u00c0 diff\u00e9rents niveaux. Il est cr\u00e9ateur, car il contribue \u00e0 poser un cadre et en d\u00e9limite les contours. Ainsi il devient support de cr\u00e9ation pour la personne accompagn\u00e9e. C\u2019est en effet &#8230;<\/div>\n<div class=\"pt-cv-rmwrap\"><a href=\"https:\/\/bibliotheque-sfpe-at.com\/index.php\/2024\/05\/31\/le-silence-createur-de-lintime-en-art-therapie-entre-sensorialite-et-intersubjectivite\/\" class=\"_self pt-cv-readmore btn btn-success\" target=\"_self\" >Lire La Suite\u2026<\/a><\/div><\/div>\n<div class=\" pt-cv-content-item pt-cv-1-col\" ><div class=\"pt-cv-taxoterm above_title\"><a href='https:\/\/bibliotheque-sfpe-at.com\/index.php\/category\/auteurs\/royol-jean-pierre\/' title='Royol Jean-Pierre' class='pt-cv-tax-royol-jean-pierre'>Royol Jean-Pierre<\/a><\/div>\n<h4 class=\"pt-cv-title\"><a href=\"https:\/\/bibliotheque-sfpe-at.com\/index.php\/2024\/05\/31\/silence-pour-que-la-mer-sarrete-et-les-pierres-montent\/\" class=\"_self\" target=\"_self\" >Silence \u00ab\u2009Pour que la mer s\u2019arr\u00eate et les pierres montent\u2009\u00bb<\/a><\/h4>\n<div class=\"pt-cv-content\">Le silence n\u2019est pas ant\u00e9rieur \u00e0 l\u2019expression du sujet. Dire et faire l\u2019instaurent au contraire. L\u2019angoisse de la page blanche n\u2019est pas li\u00e9e au silence qu\u2019elle semble incarner, mais bien au tintamarre int\u00e9rieur originel qu\u2019elle r\u00e9active tant qu\u2019elle n\u2019est pas r\u00e9duite au silence sous l\u2019effet &#8230;<\/div>\n<div class=\"pt-cv-rmwrap\"><a href=\"https:\/\/bibliotheque-sfpe-at.com\/index.php\/2024\/05\/31\/silence-pour-que-la-mer-sarrete-et-les-pierres-montent\/\" class=\"_self pt-cv-readmore btn btn-success\" target=\"_self\" >Lire La Suite\u2026<\/a><\/div><\/div>\n<div class=\" pt-cv-content-item pt-cv-1-col\" ><div class=\"pt-cv-taxoterm above_title\"><a href='https:\/\/bibliotheque-sfpe-at.com\/index.php\/category\/auteurs\/muller-hargreaves-jean-pierre\/' title='Muller Hargreaves Jean-Pierre' class='pt-cv-tax-muller-hargreaves-jean-pierre'>Muller Hargreaves Jean-Pierre<\/a><\/div>\n<h4 class=\"pt-cv-title\"><a href=\"https:\/\/bibliotheque-sfpe-at.com\/index.php\/2024\/05\/31\/le-silence-est-plus-rapide-que-le-son-jose-basto\/\" class=\"_self\" target=\"_self\" >\u00ab\u00a0Le silence est plus rapide que le son\u00a0\u00bb (Jos\u00e9 Basto)<\/a><\/h4>\n<div class=\"pt-cv-content\">Derri\u00e8re la Casa Das Palmeiras, il y avait une petite menuiserie. Jos\u00e9 Bastos a \u00e9t\u00e9 le premier client de la maison. Dans cet espace calme, il a produit des coeurs en bois avec des inscriptions que nous pouvons dire philosophiques. Passer quelques instants avec Jos\u00e9, &#8230;<\/div>\n<div class=\"pt-cv-rmwrap\"><a href=\"https:\/\/bibliotheque-sfpe-at.com\/index.php\/2024\/05\/31\/le-silence-est-plus-rapide-que-le-son-jose-basto\/\" class=\"_self pt-cv-readmore btn btn-success\" target=\"_self\" >Lire La Suite\u2026<\/a><\/div><\/div>\n<div class=\" pt-cv-content-item pt-cv-1-col\" ><div class=\"pt-cv-taxoterm above_title\"><a href='https:\/\/bibliotheque-sfpe-at.com\/index.php\/category\/auteurs\/stirn-senja\/' title='Stirn Senja' class='pt-cv-tax-stirn-senja'>Stirn Senja<\/a><\/div>\n<h4 class=\"pt-cv-title\"><a href=\"https:\/\/bibliotheque-sfpe-at.com\/index.php\/2024\/05\/31\/le-silence-crie\/\" class=\"_self\" target=\"_self\" >Le silence crie\u00a0!<\/a><\/h4>\n<div class=\"pt-cv-content\">Ce n\u2019est que dans le silence que le cri se d\u00e9ploie. La perversion est l\u2019un des concepts mille fois remani\u00e9s et la psychoth\u00e9rapie analytique reste difficile, voire impossible avec les sujets qui pr\u00e9sentent une telle structure. \u00c0 travers un cas clinique de psychoth\u00e9rapie versus art-th\u00e9rapie, &#8230;<\/div>\n<div class=\"pt-cv-rmwrap\"><a href=\"https:\/\/bibliotheque-sfpe-at.com\/index.php\/2024\/05\/31\/le-silence-crie\/\" class=\"_self pt-cv-readmore btn btn-success\" target=\"_self\" >Lire La Suite\u2026<\/a><\/div><\/div>\n<div class=\" pt-cv-content-item pt-cv-1-col\" ><div class=\"pt-cv-taxoterm above_title\"><a href='https:\/\/bibliotheque-sfpe-at.com\/index.php\/category\/auteurs\/granier-francois\/' title='Granier Fran\u00e7ois' class='pt-cv-tax-granier-francois'>Granier Fran\u00e7ois<\/a><\/div>\n<h4 class=\"pt-cv-title\"><a href=\"https:\/\/bibliotheque-sfpe-at.com\/index.php\/2024\/05\/31\/les-silences-parlants-du-dernier-instant\/\" class=\"_self\" target=\"_self\" >Les silences parlants du dernier instant<\/a><\/h4>\n<div class=\"pt-cv-content\">Nous rapportons plusieurs cas de suicides de patients de l\u2019AT, artistes ou non. Ils se caract\u00e9risent par la mise en sc\u00e8ne du geste, la volont\u00e9 de r\u00e9duire au silence toute une vie de souffrance tout en laissant une image marquante. Ce d\u00e9part sans destination a &#8230;<\/div>\n<div class=\"pt-cv-rmwrap\"><a href=\"https:\/\/bibliotheque-sfpe-at.com\/index.php\/2024\/05\/31\/les-silences-parlants-du-dernier-instant\/\" class=\"_self pt-cv-readmore btn btn-success\" target=\"_self\" >Lire La Suite\u2026<\/a><\/div><\/div>\n<div class=\" pt-cv-content-item pt-cv-1-col\" ><div class=\"pt-cv-taxoterm above_title\"><a href='https:\/\/bibliotheque-sfpe-at.com\/index.php\/category\/auteurs\/massardier-luc\/' title='Massardier Luc' class='pt-cv-tax-massardier-luc'>Massardier Luc<\/a><\/div>\n<h4 class=\"pt-cv-title\"><a href=\"https:\/\/bibliotheque-sfpe-at.com\/index.php\/2024\/05\/31\/silences-choisis-silences-imposes\/\" class=\"_self\" target=\"_self\" >Silences choisis, silences impos\u00e9s<\/a><\/h4>\n<div class=\"pt-cv-content\">Quel soulagement quand un bruit insupportable s\u2019arr\u00eate. Le silence qui suit lib\u00e8re un grand ouf de satisfaction. Il est d\u00e9licieux ce silence quand il suffit d\u2019appuyer sur un bouton pour faire taire les nuisances. Mais le monde et le bruit ne se r\u00e9duisent pas \u00e0 &#8230;<\/div>\n<div class=\"pt-cv-rmwrap\"><a href=\"https:\/\/bibliotheque-sfpe-at.com\/index.php\/2024\/05\/31\/silences-choisis-silences-imposes\/\" class=\"_self pt-cv-readmore btn btn-success\" target=\"_self\" >Lire La Suite\u2026<\/a><\/div><\/div>\n<div class=\" pt-cv-content-item pt-cv-1-col\" ><div class=\"pt-cv-taxoterm above_title\"><a href='https:\/\/bibliotheque-sfpe-at.com\/index.php\/category\/auteurs\/reillanne-ghislaine\/' title='Reillanne Ghislaine' class='pt-cv-tax-reillanne-ghislaine'>Reillanne Ghislaine<\/a><\/div>\n<h4 class=\"pt-cv-title\"><a href=\"https:\/\/bibliotheque-sfpe-at.com\/index.php\/2024\/05\/31\/silence-on-mime\/\" class=\"_self\" target=\"_self\" >Silence, on mime !<\/a><\/h4>\n<div class=\"pt-cv-content\">Le mime, art tr\u00e8s ancien, s\u2019est m\u00e9tamorphos\u00e9 au fil des si\u00e8cles et des cultures pour devenir de nos jours un art d\u2019autant plus riche en sens qu\u2019il est \u00e9pur\u00e9. Marcel Marceau, plus connu sous le nom du Mime Marceau, est bien le ma\u00eetre moderne de &#8230;<\/div>\n<div class=\"pt-cv-rmwrap\"><a href=\"https:\/\/bibliotheque-sfpe-at.com\/index.php\/2024\/05\/31\/silence-on-mime\/\" class=\"_self pt-cv-readmore btn btn-success\" target=\"_self\" >Lire La Suite\u2026<\/a><\/div><\/div>\n<div class=\" pt-cv-content-item pt-cv-1-col\" ><div class=\"pt-cv-taxoterm above_title\"><a href='https:\/\/bibliotheque-sfpe-at.com\/index.php\/category\/auteurs\/walder-fabio\/' title='Walder Fabio' class='pt-cv-tax-walder-fabio'>Walder Fabio<\/a><\/div>\n<h4 class=\"pt-cv-title\"><a href=\"https:\/\/bibliotheque-sfpe-at.com\/index.php\/2024\/05\/31\/le-silence-des-sorcieres-un-code-megalithique-meconnu\/\" class=\"_self\" target=\"_self\" >Le silence des sorci\u00e8res, un code m\u00e9galithique m\u00e9connu<\/a><\/h4>\n<div class=\"pt-cv-content\">L\u2019objet que je vais pr\u00e9senter se nomme \u00ab\u00a0Pierre des Sorci\u00e8res\u00a0\u00bb. Ce nom, donn\u00e9 \u00e0 beaucoup d\u2019autres objets similaires, tire son origine du Moyen-\u00c2ge. Pour ma part, je voudrais \u00e9largir le substantif \u00ab\u00a0sorci\u00e8res\u00a0\u00bb et le faire remonter \u00e0 des \u00e9poques encore plus \u00e9loign\u00e9es. Mais les sorci\u00e8res &#8230;<\/div>\n<div class=\"pt-cv-rmwrap\"><a href=\"https:\/\/bibliotheque-sfpe-at.com\/index.php\/2024\/05\/31\/le-silence-des-sorcieres-un-code-megalithique-meconnu\/\" class=\"_self pt-cv-readmore btn btn-success\" target=\"_self\" >Lire La Suite\u2026<\/a><\/div><\/div>\n<div class=\" pt-cv-content-item pt-cv-1-col\" ><div class=\"pt-cv-taxoterm above_title\"><a href='https:\/\/bibliotheque-sfpe-at.com\/index.php\/category\/auteurs\/martineau-jean-pierre\/' title='Martineau Jean-Pierre' class='pt-cv-tax-martineau-jean-pierre'>Martineau Jean-Pierre<\/a><\/div>\n<h4 class=\"pt-cv-title\"><a href=\"https:\/\/bibliotheque-sfpe-at.com\/index.php\/2024\/05\/31\/le-gris-du-silence\/\" class=\"_self\" target=\"_self\" >Le gris du silence<\/a><\/h4>\n<div class=\"pt-cv-content\">Le gris sera mon bouclier de Pers\u00e9e pour approcher le silence intemporel sans \u00eatre m\u00e9dus\u00e9 par les cris de l\u2019angoisse blanche de la n\u00e9antisation ou de l\u2019angoisse noire de la mort. Un grigri pour ne pas sombrer dans la m\u00e9lancolie engendr\u00e9e par le silence de &#8230;<\/div>\n<div class=\"pt-cv-rmwrap\"><a href=\"https:\/\/bibliotheque-sfpe-at.com\/index.php\/2024\/05\/31\/le-gris-du-silence\/\" class=\"_self pt-cv-readmore btn btn-success\" target=\"_self\" >Lire La Suite\u2026<\/a><\/div><\/div>\n<div class=\" pt-cv-content-item pt-cv-1-col\" ><div class=\"pt-cv-taxoterm above_title\"><a href='https:\/\/bibliotheque-sfpe-at.com\/index.php\/category\/auteurs\/lamblin-berlende\/' title='Lamblin Berlende' class='pt-cv-tax-lamblin-berlende'>Lamblin Berlende<\/a><\/div>\n<h4 class=\"pt-cv-title\"><a href=\"https:\/\/bibliotheque-sfpe-at.com\/index.php\/2024\/05\/31\/mark-rothko-ou-le-silence-blanc-du-desir\/\" class=\"_self\" target=\"_self\" >Mark Rothko ou \u00ab\u00a0Le silence blanc du d\u00e9sir \u00bb<\/a><\/h4>\n<div class=\"pt-cv-content\">Mark Rothko raccourcit son nom, le witz de Rothkowitz tombe. Witz, le mot d\u2019esprit dont toute la dimension appara\u00eet dans le symbolique. La vie artistique de Rothko commence avec une chute, une disparition. Sa vie marqu\u00e9e du signe de la perte, sera tourn\u00e9e vers la &#8230;<\/div>\n<div class=\"pt-cv-rmwrap\"><a href=\"https:\/\/bibliotheque-sfpe-at.com\/index.php\/2024\/05\/31\/mark-rothko-ou-le-silence-blanc-du-desir\/\" class=\"_self pt-cv-readmore btn btn-success\" target=\"_self\" >Lire La Suite\u2026<\/a><\/div><\/div>\n<div class=\" pt-cv-content-item pt-cv-1-col\" ><div class=\"pt-cv-taxoterm above_title\"><a href='https:\/\/bibliotheque-sfpe-at.com\/index.php\/category\/auteurs\/boute-gerard\/' title='Bout\u00e9 G\u00e9rard' class='pt-cv-tax-boute-gerard'>Bout\u00e9 G\u00e9rard<\/a><\/div>\n<h4 class=\"pt-cv-title\"><a href=\"https:\/\/bibliotheque-sfpe-at.com\/index.php\/2024\/05\/31\/vermeer-le-silence-a-loeuvre\/\" class=\"_self\" target=\"_self\" >Vermeer\u00a0: le silence \u00e0 l\u2019\u0153uvre<\/a><\/h4>\n<div class=\"pt-cv-content\">C\u2019est la nature morte qui est attach\u00e9e traditionnellement \u00e0 l\u2019\u00e9vocation du silence. Objets divers, fruits, l\u00e9gumes et autres victuailles en constituent le sujet : choses inanim\u00e9es, objets \u00ab morts \u00bb donc. D\u2019o\u00f9 la d\u00e9signation du genre : nature \u00ab morte \u00bb \u2014 la bien mal &#8230;<\/div>\n<div class=\"pt-cv-rmwrap\"><a href=\"https:\/\/bibliotheque-sfpe-at.com\/index.php\/2024\/05\/31\/vermeer-le-silence-a-loeuvre\/\" class=\"_self pt-cv-readmore btn btn-success\" target=\"_self\" >Lire La Suite\u2026<\/a><\/div><\/div><\/div><\/div> <\/div> <style>\n\n#pt-cv-view-3i0h7lt2 .pt-cv-meta-fields {  }#pt-cv-view-3i0h7lt2 .pt-cv-meta-fields * { font-size: 13px; }#pt-cv-view-3i0h7lt2 .pt-cv-thumb-wrapper:not(.miniwrap) {  }#pt-cv-view-3i0h7lt2 .pt-cv-thumbnail:not(.pt-cv-thumbnailsm) { height: 250px; }#pt-cv-view-3i0h7lt2 .pt-cv-title a { display: block;color: #a83838; }#pt-cv-view-3i0h7lt2 .pt-cv-title:not(.pt-cv-titlesm) a { font-weight: 600;text-decoration: none;font-size: 20px; }#pt-cv-view-3i0h7lt2 .pt-cv-titlesm a { font-weight: 600;font-size: 18px; }#pt-cv-view-3i0h7lt2 .pt-cv-content { font-size: 12px; }#pt-cv-view-3i0h7lt2 .pt-cv-rmwrap {  }#pt-cv-view-3i0h7lt2 .pt-cv-readmore { color: #951a1a;background-color: #ffffff00;font-style: italic;font-size: 12px; }#pt-cv-view-3i0h7lt2 .pt-cv-taxoterm {  }#pt-cv-view-3i0h7lt2 .pt-cv-taxoterm * { color: #9badb7;background-color: #f5f0f057;border-style: solid;font-size: 14px;border-width: 1.5px 1.5px 1.5px 1.5px;border-radius: 8px 8px 8px 8px; }#pt-cv-view-3i0h7lt2 + .pt-cv-pagination-wrapper {  }#pt-cv-view-3i0h7lt2 + .pt-cv-pagination-wrapper a { font-size: 14px; }#pt-cv-view-3i0h7lt2 > .pt-cv-page {grid-template-columns: repeat(4, 1fr);grid-gap: 13px;}\n@media all and (max-width: 1024px) { \n#pt-cv-view-3i0h7lt2 > .pt-cv-page {}\n} \n@media all and (max-width: 767px) { \n#pt-cv-view-3i0h7lt2 > .pt-cv-page {grid-template-columns: repeat(1, 1fr);}\n} <\/style>","protected":false},"excerpt":{"rendered":"<p>\u00ab&nbsp;Ce dont on ne peut parler, il faut le taire.&nbsp;\u00bbWittgenstein Comment le geste artistique et nos pratiques cliniques peuvent-ils \u00eatre concern\u00e9s par le silence&nbsp;? Dans la symptomatologie psychopathologique, le silence a partie li\u00e9e avec le mutisme. Entre acquiescement tacite, r\u00e9ticence, impossibilit\u00e9 de r\u00e9ponse et silence de mort, le silence, les&hellip;<\/p>\n","protected":false},"author":2,"featured_media":1426,"comment_status":"closed","ping_status":"open","sticky":false,"template":"","format":"standard","meta":{"pmpro_default_level":"","ngg_post_thumbnail":0,"footnotes":""},"categories":[2],"tags":[27],"class_list":["post-1425","post","type-post","status-publish","format-standard","has-post-thumbnail","hentry","category-journees-dautomne","tag-apres-2010","pmpro-has-access"],"_links":{"self":[{"href":"https:\/\/bibliotheque-sfpe-at.com\/index.php\/wp-json\/wp\/v2\/posts\/1425","targetHints":{"allow":["GET"]}}],"collection":[{"href":"https:\/\/bibliotheque-sfpe-at.com\/index.php\/wp-json\/wp\/v2\/posts"}],"about":[{"href":"https:\/\/bibliotheque-sfpe-at.com\/index.php\/wp-json\/wp\/v2\/types\/post"}],"author":[{"embeddable":true,"href":"https:\/\/bibliotheque-sfpe-at.com\/index.php\/wp-json\/wp\/v2\/users\/2"}],"replies":[{"embeddable":true,"href":"https:\/\/bibliotheque-sfpe-at.com\/index.php\/wp-json\/wp\/v2\/comments?post=1425"}],"version-history":[{"count":6,"href":"https:\/\/bibliotheque-sfpe-at.com\/index.php\/wp-json\/wp\/v2\/posts\/1425\/revisions"}],"predecessor-version":[{"id":1605,"href":"https:\/\/bibliotheque-sfpe-at.com\/index.php\/wp-json\/wp\/v2\/posts\/1425\/revisions\/1605"}],"wp:featuredmedia":[{"embeddable":true,"href":"https:\/\/bibliotheque-sfpe-at.com\/index.php\/wp-json\/wp\/v2\/media\/1426"}],"wp:attachment":[{"href":"https:\/\/bibliotheque-sfpe-at.com\/index.php\/wp-json\/wp\/v2\/media?parent=1425"}],"wp:term":[{"taxonomy":"category","embeddable":true,"href":"https:\/\/bibliotheque-sfpe-at.com\/index.php\/wp-json\/wp\/v2\/categories?post=1425"},{"taxonomy":"post_tag","embeddable":true,"href":"https:\/\/bibliotheque-sfpe-at.com\/index.php\/wp-json\/wp\/v2\/tags?post=1425"}],"curies":[{"name":"wp","href":"https:\/\/api.w.org\/{rel}","templated":true}]}}