{"id":1428,"date":"2024-05-31T13:07:04","date_gmt":"2024-05-31T11:07:04","guid":{"rendered":"https:\/\/sfpe-at.com\/?p=1428"},"modified":"2025-01-23T21:05:57","modified_gmt":"2025-01-23T20:05:57","slug":"de-quoi-le-silence-est-il-le-nom","status":"publish","type":"post","link":"https:\/\/bibliotheque-sfpe-at.com\/index.php\/2024\/05\/31\/de-quoi-le-silence-est-il-le-nom\/","title":{"rendered":"De quoi le silence est-il le nom ?"},"content":{"rendered":"\n<div class=\"wp-block-columns is-layout-flex wp-container-core-columns-is-layout-28f84493 wp-block-columns-is-layout-flex\">\n<div class=\"wp-block-column is-layout-flow wp-block-column-is-layout-flow\" style=\"flex-basis:66.66%\">\n<p>Selon une formule maintes fois reprise du chirurgien fran\u00e7ais Ren\u00e9 Leriche, \u00ab La sant\u00e9 c\u2019est la vie dans le silence des organes \u00bb. Quant \u00e0 la musique, elle serait \u00ab entre \u00bb les notes et le sens de la phrase dans les \u00ab blancs \u00bb de l\u2019\u00e9criture. Le silence recouvre des significations diff\u00e9rentes et parfois contradictoires. Il existe des silences : silence acoustique, silence du corps, de l\u2019attention, de soi, de la parole, du regard. Si le silence est souvent associ\u00e9 au calme et au repos, il ne s\u2019y r\u00e9duit pas. Ainsi, selon qu\u2019il est choisi ou subi, il n\u2019est pas \u00e9galement \u00ab reposant \u00bb. L\u2019isolement sensoriel est une redoutable torture. Inversement, le bruit <em>in utero<\/em> marque le foetus de son \u00ab empreinte \u00bb (notamment celle du rythme cardiaque de la m\u00e8re). Pour la th\u00e9orie de l\u2019information, le contraire du bruit n\u2019est pas le silence, mais le signal (l\u2019information est proportionnelle au rapport signal \/ bruit). Or, le silence lui-m\u00eame \u00ab fait signe \u00bb. Mais de quoi ? De son autre qui se manifeste \u00ab sans bruit \u00bb ou \u00e0 \u00ab bas bruit \u00bb, alors que le bruit lui-m\u00eame peut \u00eatre \u00ab blanc \u00bb. De m\u00eame, la communication ne se r\u00e9duit pas \u00e0 la parole ; un silence peut \u00eatre \u00ab lourd de sens \u00bb comme dans le cas du boudeur ou de l\u2019\u00e9tonn\u00e9. En outre, le silence peut pr\u00e9parer, anticiper (attente, retenir son souffle) ou prolonger (d\u00e9tente, relaxation). Certains indicateurs neurophysiologiques corr\u00e8lent ces deux aspects qui caract\u00e9risent de nombreuses situations courantes. Peut-on alors d\u00e9gager des caract\u00e9ristiques et des effets psychophysiologiques communs aux diff\u00e9rentes formes de silence (et de bruit) ? Quel est leur impact sur nos conduites ? Quelles cons\u00e9quences cliniques et soci\u00e9tales peut-on en tirer ? Nous chercherons \u00e0 d\u00e9gager quelques \u00e9l\u00e9ments de r\u00e9ponse \u00e0 ces questions.<\/p>\n\n\n\n<p><strong><em>Pour lire le texte complet <a href=\"\/index.php\/options-dinscription\/\"><mark style=\"background-color:rgba(0, 0, 0, 0)\" class=\"has-inline-color has-vivid-cyan-blue-color\">s&rsquo;inscrire<\/mark><\/a> ou <a href=\"\/index.php\/my-account\/edit-account\/\"><mark style=\"background-color:rgba(0, 0, 0, 0)\" class=\"has-inline-color has-vivid-cyan-blue-color\">se connecter<\/mark><\/a><\/em><\/strong><\/p>\n\n\n\n\n\n<div style=\"height:100px\" aria-hidden=\"true\" class=\"wp-block-spacer\"><\/div>\n\n\n\n<div class=\"wp-block-buttons is-content-justification-center is-layout-flex wp-container-core-buttons-is-layout-a89b3969 wp-block-buttons-is-layout-flex\">\n<div class=\"wp-block-button has-custom-font-size is-style-fill has-small-font-size\"><a class=\"wp-block-button__link has-vivid-red-background-color has-background wp-element-button\" href=\"\/index.php\/2024\/05\/31\/silence\/\">&lt;&#8211;retour<\/a><\/div>\n<\/div>\n<\/div>\n\n\n\n<div class=\"wp-block-column is-layout-flow wp-block-column-is-layout-flow\" style=\"flex-basis:33.33%\">\n<figure class=\"wp-block-table\"><table class=\"has-background\" style=\"background-color:#f8f2f2\"><thead><tr><th><mark class=\"has-inline-color has-vivid-red-color\" style=\"background-color: rgba(0, 0, 0, 0);\"><strong>Auteur<\/strong><\/mark><\/th><\/tr><\/thead><tbody><tr><td><strong>Jean-Fran\u00e7ois Lambert<\/strong><\/td><\/tr><\/tbody><\/table><\/figure>\n\n\n\n<figure class=\"wp-block-table\"><table><thead><tr><th><mark class=\"has-inline-color has-vivid-red-color\" style=\"background-color: rgba(0, 0, 0, 0);\"><strong>R\u00e9f\u00e9rence<\/strong><\/mark><\/th><\/tr><\/thead><tbody><tr><td><strong>RA015-01<\/strong><br>Silence<br>Journ\u00e9es d\u2019Automne 2020<\/td><\/tr><\/tbody><\/table><\/figure>\n\n\n\n<figure class=\"wp-block-table\"><table><thead><tr><th><mark class=\"has-inline-color has-vivid-red-color\" style=\"background-color: rgba(0, 0, 0, 0);\"><strong>Cat\u00e9gories<\/strong><\/mark><\/th><\/tr><\/thead><tbody><tr><td>Neuropsychologie<br>Philosophie<\/td><\/tr><\/tbody><\/table><\/figure>\n<\/div>\n<\/div>\n","protected":false},"excerpt":{"rendered":"<p>Selon une formule maintes fois reprise du chirurgien fran\u00e7ais Ren\u00e9 Leriche, \u00ab La sant\u00e9 c\u2019est la vie dans le silence des organes \u00bb. Quant \u00e0 la musique, elle serait \u00ab entre \u00bb les notes et le sens de la phrase dans les \u00ab blancs \u00bb de l\u2019\u00e9criture. Le silence recouvre&hellip;<\/p>\n","protected":false},"author":2,"featured_media":0,"comment_status":"closed","ping_status":"open","sticky":false,"template":"","format":"standard","meta":{"pmpro_default_level":"","ngg_post_thumbnail":0,"footnotes":""},"categories":[40],"tags":[640,487,318,319],"class_list":["post-1428","post","type-post","status-publish","format-standard","hentry","category-lambert-jean-francois","tag-neuropsychologie","tag-philosophie","tag-ra015-01","tag-silence","pmpro-has-access"],"_links":{"self":[{"href":"https:\/\/bibliotheque-sfpe-at.com\/index.php\/wp-json\/wp\/v2\/posts\/1428","targetHints":{"allow":["GET"]}}],"collection":[{"href":"https:\/\/bibliotheque-sfpe-at.com\/index.php\/wp-json\/wp\/v2\/posts"}],"about":[{"href":"https:\/\/bibliotheque-sfpe-at.com\/index.php\/wp-json\/wp\/v2\/types\/post"}],"author":[{"embeddable":true,"href":"https:\/\/bibliotheque-sfpe-at.com\/index.php\/wp-json\/wp\/v2\/users\/2"}],"replies":[{"embeddable":true,"href":"https:\/\/bibliotheque-sfpe-at.com\/index.php\/wp-json\/wp\/v2\/comments?post=1428"}],"version-history":[{"count":3,"href":"https:\/\/bibliotheque-sfpe-at.com\/index.php\/wp-json\/wp\/v2\/posts\/1428\/revisions"}],"predecessor-version":[{"id":3657,"href":"https:\/\/bibliotheque-sfpe-at.com\/index.php\/wp-json\/wp\/v2\/posts\/1428\/revisions\/3657"}],"wp:attachment":[{"href":"https:\/\/bibliotheque-sfpe-at.com\/index.php\/wp-json\/wp\/v2\/media?parent=1428"}],"wp:term":[{"taxonomy":"category","embeddable":true,"href":"https:\/\/bibliotheque-sfpe-at.com\/index.php\/wp-json\/wp\/v2\/categories?post=1428"},{"taxonomy":"post_tag","embeddable":true,"href":"https:\/\/bibliotheque-sfpe-at.com\/index.php\/wp-json\/wp\/v2\/tags?post=1428"}],"curies":[{"name":"wp","href":"https:\/\/api.w.org\/{rel}","templated":true}]}}