{"id":1432,"date":"2024-05-31T13:26:34","date_gmt":"2024-05-31T11:26:34","guid":{"rendered":"https:\/\/sfpe-at.com\/?p=1432"},"modified":"2025-01-23T21:06:26","modified_gmt":"2025-01-23T20:06:26","slug":"contrepoints-et-modulations-phenomenologiques-du-silence","status":"publish","type":"post","link":"https:\/\/bibliotheque-sfpe-at.com\/index.php\/2024\/05\/31\/contrepoints-et-modulations-phenomenologiques-du-silence\/","title":{"rendered":"Contrepoints et modulations ph\u00e9nom\u00e9nologiques du silence"},"content":{"rendered":"\n<div class=\"wp-block-columns is-layout-flex wp-container-core-columns-is-layout-28f84493 wp-block-columns-is-layout-flex\">\n<div class=\"wp-block-column is-layout-flow wp-block-column-is-layout-flow\" style=\"flex-basis:66.66%\">\n<p>Aussi \u00e9trange qu\u2019il puisse para\u00eetre, le silence s\u2019impose, \u00e0 l\u2019approche ph\u00e9nom\u00e9nologique, comme une donn\u00e9e fort relative. Au moins en intensit\u00e9, dur\u00e9e, pesanteur et extension. Souvent parlant, parfois loquace ou expressif, il lui arrive m\u00eame de verser dans l\u2019\u00e9loquence, c\u2019est tout dire&#8230; \u00c0 ce titre, \u00e9voquer la musicalit\u00e9 de ses contrepoints ou modulations ne peut se r\u00e9duire \u00e0 plaisanterie, paradoxe, stupidit\u00e9 ou simple provocation. Ils r\u00e9alisent certaines de ses figures d\u00e9pli\u00e9es, d\u00e9ploy\u00e9es, pourvu que l\u2019on se refuse \u00e0 le restreindre, circonscrire ou pire figer. D\u2019ailleurs, naturellement r\u00e9tif, il ne s\u2019y pr\u00eate gu\u00e8re ni ne se laisse faire aussi facilement que l\u2019on pourrait entendre ou croire. Respectueux de son monde, nous veillerons cependant \u00e0 faire le si\u00e8ge patient de quelques-uns de ses retranchements et formes att\u00e9nu\u00e9es, \u00e0 scruter ses failles, fuites, f\u00ealures et fissures dans des minutes, messes basses et requiems priv\u00e9s, comme autant d\u2019indices et belles prises pour tenter de nous hisser jusqu\u2019\u00e0 son essence existentielle.&nbsp;<\/p>\n\n\n\n<p><strong><em>Pour lire le texte complet <a href=\"\/index.php\/options-dinscription\/\"><mark style=\"background-color:rgba(0, 0, 0, 0)\" class=\"has-inline-color has-vivid-cyan-blue-color\">s&rsquo;inscrire<\/mark><\/a> ou <a href=\"\/index.php\/my-account\/edit-account\/\"><mark style=\"background-color:rgba(0, 0, 0, 0)\" class=\"has-inline-color has-vivid-cyan-blue-color\">se connecter<\/mark><\/a><\/em><\/strong><\/p>\n\n\n\n\n\n<div style=\"height:100px\" aria-hidden=\"true\" class=\"wp-block-spacer\"><\/div>\n\n\n\n<div class=\"wp-block-buttons is-content-justification-center is-layout-flex wp-container-core-buttons-is-layout-a89b3969 wp-block-buttons-is-layout-flex\">\n<div class=\"wp-block-button has-custom-font-size is-style-fill has-small-font-size\"><a class=\"wp-block-button__link has-vivid-red-background-color has-background wp-element-button\" href=\"\/index.php\/2024\/05\/31\/silence\/\">&lt;&#8211;retour<\/a><\/div>\n<\/div>\n<\/div>\n\n\n\n<div class=\"wp-block-column is-layout-flow wp-block-column-is-layout-flow\" style=\"flex-basis:33.33%\">\n<figure class=\"wp-block-table\"><table class=\"has-background\" style=\"background-color:#f8f2f2\"><thead><tr><th><mark class=\"has-inline-color has-vivid-red-color\" style=\"background-color: rgba(0, 0, 0, 0);\"><strong>Auteur<\/strong><\/mark><\/th><\/tr><\/thead><tbody><tr><td><strong>Jean-Marie BARTH\u00c9L\u00c9MY<\/strong><\/td><\/tr><\/tbody><\/table><\/figure>\n\n\n\n<figure class=\"wp-block-table\"><table><thead><tr><th><mark class=\"has-inline-color has-vivid-red-color\" style=\"background-color: rgba(0, 0, 0, 0);\"><strong>R\u00e9f\u00e9rence<\/strong><\/mark><\/th><\/tr><\/thead><tbody><tr><td><strong>RA015-02<\/strong><br>Silence<br>Journ\u00e9es d\u2019Automne 2020<\/td><\/tr><\/tbody><\/table><\/figure>\n\n\n\n<figure class=\"wp-block-table\"><table><thead><tr><th><mark class=\"has-inline-color has-vivid-red-color\" style=\"background-color: rgba(0, 0, 0, 0);\"><strong>Cat\u00e9gories<\/strong><\/mark><\/th><\/tr><\/thead><tbody><tr><td>Psychiatrie<br>Ph\u00e9nom\u00e9nologie<\/td><\/tr><\/tbody><\/table><\/figure>\n<\/div>\n<\/div>\n","protected":false},"excerpt":{"rendered":"<p>Aussi \u00e9trange qu\u2019il puisse para\u00eetre, le silence s\u2019impose, \u00e0 l\u2019approche ph\u00e9nom\u00e9nologique, comme une donn\u00e9e fort relative. Au moins en intensit\u00e9, dur\u00e9e, pesanteur et extension. Souvent parlant, parfois loquace ou expressif, il lui arrive m\u00eame de verser dans l\u2019\u00e9loquence, c\u2019est tout dire&#8230; \u00c0 ce titre, \u00e9voquer la musicalit\u00e9 de ses contrepoints&hellip;<\/p>\n","protected":false},"author":2,"featured_media":0,"comment_status":"closed","ping_status":"open","sticky":false,"template":"","format":"standard","meta":{"pmpro_default_level":"","ngg_post_thumbnail":0,"footnotes":""},"categories":[31],"tags":[486,574,320,319],"class_list":["post-1432","post","type-post","status-publish","format-standard","hentry","category-barthelemy-jean-marie","tag-phenomenologie","tag-psychiatrie","tag-ra015-02","tag-silence","pmpro-has-access"],"_links":{"self":[{"href":"https:\/\/bibliotheque-sfpe-at.com\/index.php\/wp-json\/wp\/v2\/posts\/1432","targetHints":{"allow":["GET"]}}],"collection":[{"href":"https:\/\/bibliotheque-sfpe-at.com\/index.php\/wp-json\/wp\/v2\/posts"}],"about":[{"href":"https:\/\/bibliotheque-sfpe-at.com\/index.php\/wp-json\/wp\/v2\/types\/post"}],"author":[{"embeddable":true,"href":"https:\/\/bibliotheque-sfpe-at.com\/index.php\/wp-json\/wp\/v2\/users\/2"}],"replies":[{"embeddable":true,"href":"https:\/\/bibliotheque-sfpe-at.com\/index.php\/wp-json\/wp\/v2\/comments?post=1432"}],"version-history":[{"count":3,"href":"https:\/\/bibliotheque-sfpe-at.com\/index.php\/wp-json\/wp\/v2\/posts\/1432\/revisions"}],"predecessor-version":[{"id":3658,"href":"https:\/\/bibliotheque-sfpe-at.com\/index.php\/wp-json\/wp\/v2\/posts\/1432\/revisions\/3658"}],"wp:attachment":[{"href":"https:\/\/bibliotheque-sfpe-at.com\/index.php\/wp-json\/wp\/v2\/media?parent=1432"}],"wp:term":[{"taxonomy":"category","embeddable":true,"href":"https:\/\/bibliotheque-sfpe-at.com\/index.php\/wp-json\/wp\/v2\/categories?post=1432"},{"taxonomy":"post_tag","embeddable":true,"href":"https:\/\/bibliotheque-sfpe-at.com\/index.php\/wp-json\/wp\/v2\/tags?post=1432"}],"curies":[{"name":"wp","href":"https:\/\/api.w.org\/{rel}","templated":true}]}}