{"id":1437,"date":"2024-05-31T13:32:11","date_gmt":"2024-05-31T11:32:11","guid":{"rendered":"https:\/\/sfpe-at.com\/?p=1437"},"modified":"2025-01-23T21:07:53","modified_gmt":"2025-01-23T20:07:53","slug":"pascal-quignard-la-quete-silencieuse-des-matins-sans-retour","status":"publish","type":"post","link":"https:\/\/bibliotheque-sfpe-at.com\/index.php\/2024\/05\/31\/pascal-quignard-la-quete-silencieuse-des-matins-sans-retour\/","title":{"rendered":"Pascal Quignard\u00a0: la qu\u00eate silencieuse des matins sans retour"},"content":{"rendered":"\n<div class=\"wp-block-columns is-layout-flex wp-container-core-columns-is-layout-28f84493 wp-block-columns-is-layout-flex\">\n<div class=\"wp-block-column is-layout-flow wp-block-column-is-layout-flow\" style=\"flex-basis:66.66%\">\n<p>Au nombre des oeuvres qui depuis 1950 s\u2019inscrivent sous le signe du silence, par leurs th\u00e9matiques, leur \u00e9criture \u00ab taiseuse \u00bb, ou leur contestation du langage, celle de Pascal Quignard, qui \u00e9chappe aux classifications g\u00e9n\u00e9riques ordinaires, s\u2019\u00e9crit dans la suspension des mots, au seuil de la parole. Son oeuvre se cr\u00e9e tout enti\u00e8re sous le signe paradoxal du silence et du d\u00e9sir de se taire, comme l\u2019indiquent certains essais (Le nom sur le bout de la langue), ou chapitres des Petits trait\u00e9s (\u00ab Taciturio \u00bb, \u00ab La gorge \u00e9gorg\u00e9e \u00bb). Dans ses romans (Villa Amalia, Tous les matins du monde), dans les dix volumes de Dernier Royaume, \u00e9crits dans sa retraite des bords de l\u2019Yonne, il n\u2019a de cesse de r\u00e9p\u00e9ter son \u00ab voeu de silence \u00bb. Comment une oeuvre aussi abondante peut-elle se construire dans l\u2019exploration des limites du langage ? Le point de d\u00e9part, le lieu inatteignable, le \u00ab perdu \u00bb qui hante l\u2019\u00e9criture de Quignard est le premier royaume, celui de l\u2019infans, de l\u2019\u00eatre ant\u00e9rieur \u00e0 l\u2019ordre du discours, le premier matin du monde, le \u00ab primum tempus \u00bb. Comment retrouver cet en de\u00e7\u00e0 du langage et comment le dire, si ce n\u2019est par les vides et les silences creus\u00e9s dans la page ? L\u2019\u00e9criture exigeante de Quignard s\u2019appuie sur une esth\u00e9tique du fragment qui convoque entre ses lignes les ombres errantes, les bruissements de l\u2019avant, les royaumes oubli\u00e9s. Par l\u00e0-m\u00eame, l\u2019\u00e9crivain red\u00e9finit une posture de lecture, faisant du livre un morceau de silence entre les mains d\u2019un lecteur qui entre dans La barque silencieuse o\u00f9 il peut r\u00eaver le temps qui coule, l\u2019eau qui fuit et peut-\u00eatre m\u00eame le lieu de l\u2019origine.<\/p>\n\n\n\n<p><strong><em>Pour lire le texte complet <a href=\"\/index.php\/options-dinscription\/\"><mark style=\"background-color:rgba(0, 0, 0, 0)\" class=\"has-inline-color has-vivid-cyan-blue-color\">s&rsquo;inscrire<\/mark><\/a> ou <a href=\"\/index.php\/my-account\/edit-account\/\"><mark style=\"background-color:rgba(0, 0, 0, 0)\" class=\"has-inline-color has-vivid-cyan-blue-color\">se connecter<\/mark><\/a><\/em><\/strong><\/p>\n\n\n\n\n\n<div style=\"height:100px\" aria-hidden=\"true\" class=\"wp-block-spacer\"><\/div>\n\n\n\n<div class=\"wp-block-buttons is-content-justification-center is-layout-flex wp-container-core-buttons-is-layout-a89b3969 wp-block-buttons-is-layout-flex\">\n<div class=\"wp-block-button has-custom-font-size is-style-fill has-small-font-size\"><a class=\"wp-block-button__link has-vivid-red-background-color has-background wp-element-button\" href=\"\/index.php\/2024\/05\/31\/silence\/\">&lt;&#8211;retour<\/a><\/div>\n<\/div>\n<\/div>\n\n\n\n<div class=\"wp-block-column is-layout-flow wp-block-column-is-layout-flow\" style=\"flex-basis:33.33%\">\n<figure class=\"wp-block-table\"><table class=\"has-background\" style=\"background-color:#f8f2f2\"><thead><tr><th><mark class=\"has-inline-color has-vivid-red-color\" style=\"background-color: rgba(0, 0, 0, 0);\"><strong>Auteur<\/strong><\/mark><\/th><\/tr><\/thead><tbody><tr><td><strong>Sylvie Cassayre<\/strong><\/td><\/tr><\/tbody><\/table><\/figure>\n\n\n\n<figure class=\"wp-block-table\"><table><thead><tr><th><mark class=\"has-inline-color has-vivid-red-color\" style=\"background-color: rgba(0, 0, 0, 0);\"><strong>R\u00e9f\u00e9rence<\/strong><\/mark><\/th><\/tr><\/thead><tbody><tr><td><strong>RA015-04<\/strong><br>Silence<br>Journ\u00e9es d\u2019Automne 2020<\/td><\/tr><\/tbody><\/table><\/figure>\n\n\n\n<figure class=\"wp-block-table\"><table><thead><tr><th><mark class=\"has-inline-color has-vivid-red-color\" style=\"background-color: rgba(0, 0, 0, 0);\"><strong>Cat\u00e9gories<\/strong><\/mark><\/th><\/tr><\/thead><tbody><tr><td>Litt\u00e9rature<\/td><\/tr><\/tbody><\/table><\/figure>\n<\/div>\n<\/div>\n","protected":false},"excerpt":{"rendered":"<p>Au nombre des oeuvres qui depuis 1950 s\u2019inscrivent sous le signe du silence, par leurs th\u00e9matiques, leur \u00e9criture \u00ab taiseuse \u00bb, ou leur contestation du langage, celle de Pascal Quignard, qui \u00e9chappe aux classifications g\u00e9n\u00e9riques ordinaires, s\u2019\u00e9crit dans la suspension des mots, au seuil de la parole. Son oeuvre se&hellip;<\/p>\n","protected":false},"author":2,"featured_media":0,"comment_status":"closed","ping_status":"open","sticky":false,"template":"","format":"standard","meta":{"pmpro_default_level":"","ngg_post_thumbnail":0,"footnotes":""},"categories":[204],"tags":[509,322,319],"class_list":["post-1437","post","type-post","status-publish","format-standard","hentry","category-cassayre-sylvie","tag-litterature","tag-ra015-04","tag-silence","pmpro-has-access"],"_links":{"self":[{"href":"https:\/\/bibliotheque-sfpe-at.com\/index.php\/wp-json\/wp\/v2\/posts\/1437","targetHints":{"allow":["GET"]}}],"collection":[{"href":"https:\/\/bibliotheque-sfpe-at.com\/index.php\/wp-json\/wp\/v2\/posts"}],"about":[{"href":"https:\/\/bibliotheque-sfpe-at.com\/index.php\/wp-json\/wp\/v2\/types\/post"}],"author":[{"embeddable":true,"href":"https:\/\/bibliotheque-sfpe-at.com\/index.php\/wp-json\/wp\/v2\/users\/2"}],"replies":[{"embeddable":true,"href":"https:\/\/bibliotheque-sfpe-at.com\/index.php\/wp-json\/wp\/v2\/comments?post=1437"}],"version-history":[{"count":3,"href":"https:\/\/bibliotheque-sfpe-at.com\/index.php\/wp-json\/wp\/v2\/posts\/1437\/revisions"}],"predecessor-version":[{"id":3660,"href":"https:\/\/bibliotheque-sfpe-at.com\/index.php\/wp-json\/wp\/v2\/posts\/1437\/revisions\/3660"}],"wp:attachment":[{"href":"https:\/\/bibliotheque-sfpe-at.com\/index.php\/wp-json\/wp\/v2\/media?parent=1437"}],"wp:term":[{"taxonomy":"category","embeddable":true,"href":"https:\/\/bibliotheque-sfpe-at.com\/index.php\/wp-json\/wp\/v2\/categories?post=1437"},{"taxonomy":"post_tag","embeddable":true,"href":"https:\/\/bibliotheque-sfpe-at.com\/index.php\/wp-json\/wp\/v2\/tags?post=1437"}],"curies":[{"name":"wp","href":"https:\/\/api.w.org\/{rel}","templated":true}]}}