{"id":1439,"date":"2024-05-31T13:34:16","date_gmt":"2024-05-31T11:34:16","guid":{"rendered":"https:\/\/sfpe-at.com\/?p=1439"},"modified":"2025-01-19T18:58:31","modified_gmt":"2025-01-19T17:58:31","slug":"silences-dame-parole-et-gloire","status":"publish","type":"post","link":"https:\/\/bibliotheque-sfpe-at.com\/index.php\/2024\/05\/31\/silences-dame-parole-et-gloire\/","title":{"rendered":"Silences d\u2019\u00e2me, parole et gloire"},"content":{"rendered":"\n<div class=\"wp-block-columns is-layout-flex wp-container-core-columns-is-layout-28f84493 wp-block-columns-is-layout-flex\">\n<div class=\"wp-block-column is-layout-flow wp-block-column-is-layout-flow\" style=\"flex-basis:66.66%\">\n<p>Dans son roman autobiographique, Le premier homme, Albert Camus \u00e9voque de nombreux silences qui font partie de sa propre histoire : silences de sa m\u00e8re malentendante, silences d\u2019une histoire familiale marqu\u00e9e par la migration et la pauvret\u00e9, silence sur le p\u00e8re, qui meurt dans sa premi\u00e8re ann\u00e9e, le laissant orphelin de guerre. De ces silences na\u00eetra cependant une vocation litt\u00e9raire ; de son propre aveu, Albert, alias Jacques, ne peut se r\u00e9soudre \u00e0 l\u2019anonymat, \u00e0 une patience aveugle, sans phrases. La parole doit \u00e9clater pour enfin laisser des traces. D\u2019une autre nature semble le silence de Travis Henderson, dans le film Paris, Texas, de Wim Wenders, silence mutique au sortir d\u2019une errance, qui lui aussi s\u2019ouvrira sur une parole, parole du souvenir qui tente d\u2019ouvrir un avenir. Obs\u00e9d\u00e9 par l\u2019id\u00e9e de retourner \u00e0 Paris, Texas, Travis partage avec Jacques une qu\u00eate des origines, un retour sur l\u2019histoire parentale. Apr\u00e8s avoir revisit\u00e9 l\u2019histoire de son propre couple, Travis quitte l\u2019\u00e9cran pour retourner au silence de la route ; nous perdons sa trace. \u00c0 la m\u00e9lancolie de Travis s\u2019oppose l\u2019ardeur affam\u00e9e de vivre du jeune Jacques-Albert, qui explose dans Noces \u00e0 Tipasa. La gloire qu\u2019on y croise est celle des noces avec le monde : t\u00e9moigner et l\u2019oeuvre d\u2019art viendra ensuite.<\/p>\n\n\n\n<p><strong><em>Pour lire le texte complet <a href=\"\/index.php\/options-dinscription\/\"><mark style=\"background-color:rgba(0, 0, 0, 0)\" class=\"has-inline-color has-vivid-cyan-blue-color\">s&rsquo;inscrire<\/mark><\/a> ou <a href=\"\/index.php\/my-account\/edit-account\/\"><mark style=\"background-color:rgba(0, 0, 0, 0)\" class=\"has-inline-color has-vivid-cyan-blue-color\">se connecter<\/mark><\/a><\/em><\/strong><\/p>\n\n\n\n\n\n<div style=\"height:100px\" aria-hidden=\"true\" class=\"wp-block-spacer\"><\/div>\n\n\n\n<div class=\"wp-block-buttons is-content-justification-center is-layout-flex wp-container-core-buttons-is-layout-a89b3969 wp-block-buttons-is-layout-flex\">\n<div class=\"wp-block-button has-custom-font-size is-style-fill has-small-font-size\"><a class=\"wp-block-button__link has-vivid-red-background-color has-background wp-element-button\" href=\"\/index.php\/2024\/05\/31\/silence\/\">&lt;&#8211;retour<\/a><\/div>\n<\/div>\n<\/div>\n\n\n\n<div class=\"wp-block-column is-layout-flow wp-block-column-is-layout-flow\" style=\"flex-basis:33.33%\">\n<figure class=\"wp-block-table\"><table class=\"has-background\" style=\"background-color:#f8f2f2\"><thead><tr><th><mark class=\"has-inline-color has-vivid-red-color\" style=\"background-color: rgba(0, 0, 0, 0);\"><strong>Auteur<\/strong><\/mark><\/th><\/tr><\/thead><tbody><tr><td><strong>Val\u00e9rie Deschamps<\/strong><\/td><\/tr><\/tbody><\/table><\/figure>\n\n\n\n<figure class=\"wp-block-table\"><table><thead><tr><th><mark class=\"has-inline-color has-vivid-red-color\" style=\"background-color: rgba(0, 0, 0, 0);\"><strong>R\u00e9f\u00e9rence<\/strong><\/mark><\/th><\/tr><\/thead><tbody><tr><td><strong>RA015-05<\/strong><br>Silence<br>Journ\u00e9es d\u2019Automne 2020<\/td><\/tr><\/tbody><\/table><\/figure>\n\n\n\n<figure class=\"wp-block-table\"><table><thead><tr><th><mark class=\"has-inline-color has-vivid-red-color\" style=\"background-color: rgba(0, 0, 0, 0);\"><strong>Cat\u00e9gories<\/strong><\/mark><\/th><\/tr><\/thead><tbody><tr><td>Psychanalyse<br>Litt\u00e9rature<br>Cin\u00e9ma<\/td><\/tr><\/tbody><\/table><\/figure>\n<\/div>\n<\/div>\n","protected":false},"excerpt":{"rendered":"<p>Dans son roman autobiographique, Le premier homme, Albert Camus \u00e9voque de nombreux silences qui font partie de sa propre histoire : silences de sa m\u00e8re malentendante, silences d\u2019une histoire familiale marqu\u00e9e par la migration et la pauvret\u00e9, silence sur le p\u00e8re, qui meurt dans sa premi\u00e8re ann\u00e9e, le laissant orphelin&hellip;<\/p>\n","protected":false},"author":2,"featured_media":0,"comment_status":"closed","ping_status":"open","sticky":false,"template":"","format":"standard","meta":{"pmpro_default_level":"","ngg_post_thumbnail":0,"footnotes":""},"categories":[93],"tags":[510,509,494,323,319],"class_list":["post-1439","post","type-post","status-publish","format-standard","hentry","category-deschamps-valerie","tag-cinema","tag-litterature","tag-psychanalyse","tag-ra015-05","tag-silence","pmpro-has-access"],"_links":{"self":[{"href":"https:\/\/bibliotheque-sfpe-at.com\/index.php\/wp-json\/wp\/v2\/posts\/1439","targetHints":{"allow":["GET"]}}],"collection":[{"href":"https:\/\/bibliotheque-sfpe-at.com\/index.php\/wp-json\/wp\/v2\/posts"}],"about":[{"href":"https:\/\/bibliotheque-sfpe-at.com\/index.php\/wp-json\/wp\/v2\/types\/post"}],"author":[{"embeddable":true,"href":"https:\/\/bibliotheque-sfpe-at.com\/index.php\/wp-json\/wp\/v2\/users\/2"}],"replies":[{"embeddable":true,"href":"https:\/\/bibliotheque-sfpe-at.com\/index.php\/wp-json\/wp\/v2\/comments?post=1439"}],"version-history":[{"count":3,"href":"https:\/\/bibliotheque-sfpe-at.com\/index.php\/wp-json\/wp\/v2\/posts\/1439\/revisions"}],"predecessor-version":[{"id":3127,"href":"https:\/\/bibliotheque-sfpe-at.com\/index.php\/wp-json\/wp\/v2\/posts\/1439\/revisions\/3127"}],"wp:attachment":[{"href":"https:\/\/bibliotheque-sfpe-at.com\/index.php\/wp-json\/wp\/v2\/media?parent=1439"}],"wp:term":[{"taxonomy":"category","embeddable":true,"href":"https:\/\/bibliotheque-sfpe-at.com\/index.php\/wp-json\/wp\/v2\/categories?post=1439"},{"taxonomy":"post_tag","embeddable":true,"href":"https:\/\/bibliotheque-sfpe-at.com\/index.php\/wp-json\/wp\/v2\/tags?post=1439"}],"curies":[{"name":"wp","href":"https:\/\/api.w.org\/{rel}","templated":true}]}}