{"id":1451,"date":"2024-05-31T13:47:53","date_gmt":"2024-05-31T11:47:53","guid":{"rendered":"https:\/\/sfpe-at.com\/?p=1451"},"modified":"2025-01-19T19:07:24","modified_gmt":"2025-01-19T18:07:24","slug":"deambulation-au-sein-du-silence-dans-loeuvre-de-lee-ufan-zao-wou-ki-pierre-soulages-fabienne-verdier","status":"publish","type":"post","link":"https:\/\/bibliotheque-sfpe-at.com\/index.php\/2024\/05\/31\/deambulation-au-sein-du-silence-dans-loeuvre-de-lee-ufan-zao-wou-ki-pierre-soulages-fabienne-verdier\/","title":{"rendered":"D\u00e9ambulation au sein du silence dans l\u2019\u0153uvre de Lee Ufan, Zao Wou-Ki, Pierre Soulages, Fabienne Verdier"},"content":{"rendered":"\n<div class=\"wp-block-columns is-layout-flex wp-container-core-columns-is-layout-28f84493 wp-block-columns-is-layout-flex\">\n<div class=\"wp-block-column is-layout-flow wp-block-column-is-layout-flow\" style=\"flex-basis:66.66%\">\n<p>Nous essaierons de comprendre comment un artiste majeur de la peinture contemporaine, Lee Ufan, tente de r\u00e9soudre la probl\u00e9matique de la repr\u00e9sentation du silence. Nous \u00e9tirerons notre propos avec Pierre Soulages, Zao Wou-ki, Fabienne Verdier. Nous d\u00e9ambulerons dans un premier temps dans le Couvent de La Tourette, r\u00e9alis\u00e9 pr\u00e8s de Lyon par Le Corbusier (fin 1950) et tenu par des Dominicains qui invitent des artistes \u00e0 dialoguer avec l\u2019architecture, dont l\u2019artiste cor\u00e9en Lee Ufan (n\u00e9 en 1936). \u00c0 travers ses peintures et ses installations, il explore \u00ab les chambres de silence \u00bb qui jouent avec l\u2019espace calme et vide. Un vide abyssal qui donne alors sens en l\u2019absence de paroles. \u00ab Les chambres de silence \u00bb sont des espaces traditionnels au Japon. Ce sont en r\u00e9alit\u00e9 des chambres \u00e0 th\u00e9 de dimensions extr\u00eamement r\u00e9duites et contigu\u0308es aux maisons, des pi\u00e8ces intimes, silencieuses et sans d\u00e9coration. Lee Ufan a choisi d\u2019en construire plusieurs, r\u00e9parties dans diff\u00e9rentes salles du couvent, comme une sorte de mise en bo\u00eete d\u2019une cellule dans une autre. La chambre d\u2019ardoise, les chambres de papier, la chambre de m\u00e9tal communiquent parfaitement dans les autres espaces de silence et avec l\u2019architecture. Parfois aussi les installations, les peintures dialoguent avec une bande son de R. Sakamoto, compositeur qui enregistre des sons d\u2019objets. Les trois autres artistes attirent aussi notre attention sur cette notion de silence invisible, en faisant sortir les touches de la mati\u00e8re sur des fonds de toiles vierges.<\/p>\n\n\n\n<p><strong><em>Pour lire le texte complet <a href=\"\/index.php\/options-dinscription\/\"><mark style=\"background-color:rgba(0, 0, 0, 0)\" class=\"has-inline-color has-vivid-cyan-blue-color\">s&rsquo;inscrire<\/mark><\/a> ou <a href=\"\/index.php\/my-account\/edit-account\/\"><mark style=\"background-color:rgba(0, 0, 0, 0)\" class=\"has-inline-color has-vivid-cyan-blue-color\">se connecter<\/mark><\/a><\/em><\/strong><\/p>\n\n\n\n\n\n<div style=\"height:100px\" aria-hidden=\"true\" class=\"wp-block-spacer\"><\/div>\n\n\n\n<div class=\"wp-block-buttons is-content-justification-center is-layout-flex wp-container-core-buttons-is-layout-a89b3969 wp-block-buttons-is-layout-flex\">\n<div class=\"wp-block-button has-custom-font-size is-style-fill has-small-font-size\"><a class=\"wp-block-button__link has-vivid-red-background-color has-background wp-element-button\" href=\"\/index.php\/2024\/05\/31\/silence\/\">&lt;&#8211;retour<\/a><\/div>\n<\/div>\n<\/div>\n\n\n\n<div class=\"wp-block-column is-layout-flow wp-block-column-is-layout-flow\" style=\"flex-basis:33.33%\">\n<figure class=\"wp-block-table\"><table class=\"has-background\" style=\"background-color:#f8f2f2\"><thead><tr><th><mark class=\"has-inline-color has-vivid-red-color\" style=\"background-color: rgba(0, 0, 0, 0);\"><strong>Auteur<\/strong><\/mark><\/th><\/tr><\/thead><tbody><tr><td><strong>Jeanne Villeneuve<\/strong><\/td><\/tr><\/tbody><\/table><\/figure>\n\n\n\n<figure class=\"wp-block-table\"><table><thead><tr><th><mark class=\"has-inline-color has-vivid-red-color\" style=\"background-color: rgba(0, 0, 0, 0);\"><strong>R\u00e9f\u00e9rence<\/strong><\/mark><\/th><\/tr><\/thead><tbody><tr><td><strong>RA015-11<\/strong><br>Silence<br>Journ\u00e9es d\u2019Automne 2020<\/td><\/tr><\/tbody><\/table><\/figure>\n\n\n\n<figure class=\"wp-block-table\"><table><thead><tr><th><mark class=\"has-inline-color has-vivid-red-color\" style=\"background-color: rgba(0, 0, 0, 0);\"><strong>Cat\u00e9gories<\/strong><\/mark><\/th><\/tr><\/thead><tbody><tr><td>Peinture<br>Mus\u00e9e\/exposition<\/td><\/tr><\/tbody><\/table><\/figure>\n<\/div>\n<\/div>\n","protected":false},"excerpt":{"rendered":"<p>Nous essaierons de comprendre comment un artiste majeur de la peinture contemporaine, Lee Ufan, tente de r\u00e9soudre la probl\u00e9matique de la repr\u00e9sentation du silence. Nous \u00e9tirerons notre propos avec Pierre Soulages, Zao Wou-ki, Fabienne Verdier. Nous d\u00e9ambulerons dans un premier temps dans le Couvent de La Tourette, r\u00e9alis\u00e9 pr\u00e8s de&hellip;<\/p>\n","protected":false},"author":2,"featured_media":0,"comment_status":"closed","ping_status":"open","sticky":false,"template":"","format":"standard","meta":{"pmpro_default_level":"","ngg_post_thumbnail":0,"footnotes":""},"categories":[330],"tags":[571,484,329,319],"class_list":["post-1451","post","type-post","status-publish","format-standard","hentry","category-villeneuve-jeanne","tag-musees-expositions-spectacles","tag-peinture","tag-ra015-11","tag-silence","pmpro-has-access"],"_links":{"self":[{"href":"https:\/\/bibliotheque-sfpe-at.com\/index.php\/wp-json\/wp\/v2\/posts\/1451","targetHints":{"allow":["GET"]}}],"collection":[{"href":"https:\/\/bibliotheque-sfpe-at.com\/index.php\/wp-json\/wp\/v2\/posts"}],"about":[{"href":"https:\/\/bibliotheque-sfpe-at.com\/index.php\/wp-json\/wp\/v2\/types\/post"}],"author":[{"embeddable":true,"href":"https:\/\/bibliotheque-sfpe-at.com\/index.php\/wp-json\/wp\/v2\/users\/2"}],"replies":[{"embeddable":true,"href":"https:\/\/bibliotheque-sfpe-at.com\/index.php\/wp-json\/wp\/v2\/comments?post=1451"}],"version-history":[{"count":3,"href":"https:\/\/bibliotheque-sfpe-at.com\/index.php\/wp-json\/wp\/v2\/posts\/1451\/revisions"}],"predecessor-version":[{"id":3138,"href":"https:\/\/bibliotheque-sfpe-at.com\/index.php\/wp-json\/wp\/v2\/posts\/1451\/revisions\/3138"}],"wp:attachment":[{"href":"https:\/\/bibliotheque-sfpe-at.com\/index.php\/wp-json\/wp\/v2\/media?parent=1451"}],"wp:term":[{"taxonomy":"category","embeddable":true,"href":"https:\/\/bibliotheque-sfpe-at.com\/index.php\/wp-json\/wp\/v2\/categories?post=1451"},{"taxonomy":"post_tag","embeddable":true,"href":"https:\/\/bibliotheque-sfpe-at.com\/index.php\/wp-json\/wp\/v2\/tags?post=1451"}],"curies":[{"name":"wp","href":"https:\/\/api.w.org\/{rel}","templated":true}]}}