{"id":1453,"date":"2024-05-31T13:50:28","date_gmt":"2024-05-31T11:50:28","guid":{"rendered":"https:\/\/sfpe-at.com\/?p=1453"},"modified":"2025-01-19T19:08:26","modified_gmt":"2025-01-19T18:08:26","slug":"latelier-dart-therapie-une-parenthese-de-silences","status":"publish","type":"post","link":"https:\/\/bibliotheque-sfpe-at.com\/index.php\/2024\/05\/31\/latelier-dart-therapie-une-parenthese-de-silences\/","title":{"rendered":"L\u2019atelier d\u2019art-th\u00e9rapie, une parenth\u00e8se de silences"},"content":{"rendered":"\n<div class=\"wp-block-columns is-layout-flex wp-container-core-columns-is-layout-28f84493 wp-block-columns-is-layout-flex\">\n<div class=\"wp-block-column is-layout-flow wp-block-column-is-layout-flow\" style=\"flex-basis:66.66%\">\n<p>Les \u00e9v\u00e9nements de nos vies s\u2019envolent. Reste souvent l\u2019essentiel, inscrit dans le corps, silencieux, qui ressurgit dans la force \u00e9tonnamment vive et parfois incompr\u00e9hensible d\u2019une \u00e9motion traduite dans la dynamique d\u2019un processus d\u2019expression. Le souvenir n\u2019est plus, mais la m\u00e9moire sensuelle du corps parle toujours. Proust n\u2019est pas loin. Cependant ce n\u2019est peut-\u00eatre pas seulement le go\u00fbt de la madeleine qui fait ressusciter le souvenir, mais le trouble sensoriel ressenti qui appelle ce m\u00eame \u00e9moi sensuel de l\u2019enfance. Le monde existe \u00e0 travers nos sens avant d\u2019exister de fa\u00e7on ordonn\u00e9e dans notre pens\u00e9e. Le silence nous ram\u00e8ne souvent, au fil de l\u2019existence, \u00e0 voir \u00e9couter, observer, entendre, toucher, caresser, sentir, humer, go\u00fbter, retrouver go\u00fbt pour la vie, pour les autres, d\u00e9velopper cette facult\u00e9 cr\u00e9atrice de sens. L\u2019art-th\u00e9rapie se nourrit de cette dynamo vitale pour faire na\u00eetre ou rena\u00eetre ces souvenirs n\u00e9cessaires au tra\u00e7age de l\u2019imperceptible force qui nous meut. Faire silence en soi, retrouver cette empathie avec le vivant qui \u00ab bruit \u00bb en nous, passe par notre capacit\u00e9 \u00e0 faire corps avec le r\u00e9el. Dans ce terreau d\u2019affects qui nous forge et continue sans cesse de nous forger, comment le silence bienveillant d\u2019un atelier d\u2019art-th\u00e9rapie peut-il nous inviter \u00e0 renouer avec notre capacit\u00e9 de sentir et ressentir, d\u2019\u00eatre m\u00fb, \u00e9mu, touch\u00e9 et de communiquer tout cela \u00e0 d\u2019autres qui vivent et partagent ce langage commun ?<\/p>\n\n\n\n<p><strong><em>Pour lire le texte complet <a href=\"\/index.php\/options-dinscription\/\"><mark style=\"background-color:rgba(0, 0, 0, 0)\" class=\"has-inline-color has-vivid-cyan-blue-color\">s&rsquo;inscrire<\/mark><\/a> ou <a href=\"\/index.php\/my-account\/edit-account\/\"><mark style=\"background-color:rgba(0, 0, 0, 0)\" class=\"has-inline-color has-vivid-cyan-blue-color\">se connecter<\/mark><\/a><\/em><\/strong><\/p>\n\n\n\n\n\n<div style=\"height:100px\" aria-hidden=\"true\" class=\"wp-block-spacer\"><\/div>\n\n\n\n<div class=\"wp-block-buttons is-content-justification-center is-layout-flex wp-container-core-buttons-is-layout-a89b3969 wp-block-buttons-is-layout-flex\">\n<div class=\"wp-block-button has-custom-font-size is-style-fill has-small-font-size\"><a class=\"wp-block-button__link has-vivid-red-background-color has-background wp-element-button\" href=\"\/index.php\/2024\/05\/31\/silence\/\">&lt;&#8211;retour<\/a><\/div>\n<\/div>\n<\/div>\n\n\n\n<div class=\"wp-block-column is-layout-flow wp-block-column-is-layout-flow\" style=\"flex-basis:33.33%\">\n<figure class=\"wp-block-table\"><table class=\"has-background\" style=\"background-color:#f8f2f2\"><thead><tr><th><mark class=\"has-inline-color has-vivid-red-color\" style=\"background-color: rgba(0, 0, 0, 0);\"><strong>Auteur<\/strong><\/mark><\/th><\/tr><\/thead><tbody><tr><td><strong>Alain Vasseur<\/strong><\/td><\/tr><\/tbody><\/table><\/figure>\n\n\n\n<figure class=\"wp-block-table\"><table><thead><tr><th><mark class=\"has-inline-color has-vivid-red-color\" style=\"background-color: rgba(0, 0, 0, 0);\"><strong>R\u00e9f\u00e9rence<\/strong><\/mark><\/th><\/tr><\/thead><tbody><tr><td><strong>RA015-12<\/strong><br>Silence<br>Journ\u00e9es d\u2019Automne 2020<\/td><\/tr><\/tbody><\/table><\/figure>\n\n\n\n<figure class=\"wp-block-table\"><table><thead><tr><th><mark class=\"has-inline-color has-vivid-red-color\" style=\"background-color: rgba(0, 0, 0, 0);\"><strong>Cat\u00e9gories<\/strong><\/mark><\/th><\/tr><\/thead><tbody><tr><td>Art-th\u00e9rapie<\/td><\/tr><\/tbody><\/table><\/figure>\n<\/div>\n<\/div>\n","protected":false},"excerpt":{"rendered":"<p>Les \u00e9v\u00e9nements de nos vies s\u2019envolent. Reste souvent l\u2019essentiel, inscrit dans le corps, silencieux, qui ressurgit dans la force \u00e9tonnamment vive et parfois incompr\u00e9hensible d\u2019une \u00e9motion traduite dans la dynamique d\u2019un processus d\u2019expression. Le souvenir n\u2019est plus, mais la m\u00e9moire sensuelle du corps parle toujours. Proust n\u2019est pas loin. Cependant&hellip;<\/p>\n","protected":false},"author":2,"featured_media":0,"comment_status":"closed","ping_status":"open","sticky":false,"template":"","format":"standard","meta":{"pmpro_default_level":"","ngg_post_thumbnail":0,"footnotes":""},"categories":[124],"tags":[492,331,319],"class_list":["post-1453","post","type-post","status-publish","format-standard","hentry","category-vasseur-alain","tag-art-therapie","tag-ra015-12","tag-silence","pmpro-has-access"],"_links":{"self":[{"href":"https:\/\/bibliotheque-sfpe-at.com\/index.php\/wp-json\/wp\/v2\/posts\/1453","targetHints":{"allow":["GET"]}}],"collection":[{"href":"https:\/\/bibliotheque-sfpe-at.com\/index.php\/wp-json\/wp\/v2\/posts"}],"about":[{"href":"https:\/\/bibliotheque-sfpe-at.com\/index.php\/wp-json\/wp\/v2\/types\/post"}],"author":[{"embeddable":true,"href":"https:\/\/bibliotheque-sfpe-at.com\/index.php\/wp-json\/wp\/v2\/users\/2"}],"replies":[{"embeddable":true,"href":"https:\/\/bibliotheque-sfpe-at.com\/index.php\/wp-json\/wp\/v2\/comments?post=1453"}],"version-history":[{"count":2,"href":"https:\/\/bibliotheque-sfpe-at.com\/index.php\/wp-json\/wp\/v2\/posts\/1453\/revisions"}],"predecessor-version":[{"id":3139,"href":"https:\/\/bibliotheque-sfpe-at.com\/index.php\/wp-json\/wp\/v2\/posts\/1453\/revisions\/3139"}],"wp:attachment":[{"href":"https:\/\/bibliotheque-sfpe-at.com\/index.php\/wp-json\/wp\/v2\/media?parent=1453"}],"wp:term":[{"taxonomy":"category","embeddable":true,"href":"https:\/\/bibliotheque-sfpe-at.com\/index.php\/wp-json\/wp\/v2\/categories?post=1453"},{"taxonomy":"post_tag","embeddable":true,"href":"https:\/\/bibliotheque-sfpe-at.com\/index.php\/wp-json\/wp\/v2\/tags?post=1453"}],"curies":[{"name":"wp","href":"https:\/\/api.w.org\/{rel}","templated":true}]}}