{"id":1455,"date":"2024-05-31T13:53:49","date_gmt":"2024-05-31T11:53:49","guid":{"rendered":"https:\/\/sfpe-at.com\/?p=1455"},"modified":"2025-01-19T19:09:32","modified_gmt":"2025-01-19T18:09:32","slug":"le-silence-createur-de-lintime-en-art-therapie-entre-sensorialite-et-intersubjectivite","status":"publish","type":"post","link":"https:\/\/bibliotheque-sfpe-at.com\/index.php\/2024\/05\/31\/le-silence-createur-de-lintime-en-art-therapie-entre-sensorialite-et-intersubjectivite\/","title":{"rendered":"Le silence cr\u00e9ateur de l\u2019intime en art-th\u00e9rapie, entre sensorialit\u00e9 et intersubjectivit\u00e9"},"content":{"rendered":"\n<div class=\"wp-block-columns is-layout-flex wp-container-core-columns-is-layout-28f84493 wp-block-columns-is-layout-flex\">\n<div class=\"wp-block-column is-layout-flow wp-block-column-is-layout-flow\" style=\"flex-basis:66.66%\">\n<p>Silence ne signifie pas vide. Dans un suivi art-th\u00e9rapeutique, le silence peut \u00eatre cr\u00e9ateur. \u00c0 diff\u00e9rents niveaux. Il est cr\u00e9ateur, car il contribue \u00e0 poser un cadre et en d\u00e9limite les contours. Ainsi il devient support de cr\u00e9ation pour la personne accompagn\u00e9e. C\u2019est en effet dans ce cadre silencieux et propice \u00e0 l\u2019int\u00e9riorisation qu\u2019elle peut laisser \u00e9merger une production venant d\u2019elle. D\u2019abord par une int\u00e9riorisation du sensible et du perceptible qui sont offerts aux sens dans ce silence et qui permettent ainsi un investissement corporel et intime. Pourront en surgir (Henri Maldiney) le geste artistique puis la forme (picturale, dans\u00e9e, sculpt\u00e9e\u2026). L\u2019int\u00e9riorisation de cette forme cr\u00e9\u00e9e est constitutive du processus qui permet \u00e0 l\u2019individu accompagn\u00e9 de redevenir sujet de lui-m\u00eame. Par la projection de soi dans la cr\u00e9ation qui nourrira la mise en forme, puis, au terme de cette mise en forme, par l\u2019int\u00e9riorisation qui permet la r\u00e9ception de l\u2019oeuvre. Cr\u00e9ateur, le silence l\u2019est \u00e9galement dans la relation entre l\u2019accompagnant et l\u2019accompagn\u00e9. Le silence devient un espace de jeu propice \u00e0 une \u00e9coute de tous les sens de la part du th\u00e9rapeute. Cette qualit\u00e9 de pr\u00e9sence permet au th\u00e9rapeute d\u2019ajuster sa posture, l\u2019\u00e9nonciation de ses consignes, voire son dispositif, au plus juste possible. Le silence en s\u00e9ance d\u2019art-th\u00e9rapie peut donc favoriser ces diff\u00e9rentes modalit\u00e9s d\u2019intersubjectivit\u00e9 : du patient avec lui-m\u00eame, du patient avec la mati\u00e8re, du patient avec le th\u00e9rapeute. Nous nous proposons de les aborder dans cette communication, \u00e9tay\u00e9es par des vignettes cliniques et des recherches d\u2019auteur.<\/p>\n\n\n\n<p><strong><em>Pour lire le texte complet <a href=\"\/index.php\/options-dinscription\/\"><mark style=\"background-color:rgba(0, 0, 0, 0)\" class=\"has-inline-color has-vivid-cyan-blue-color\">s&rsquo;inscrire<\/mark><\/a> ou <a href=\"\/index.php\/my-account\/edit-account\/\"><mark style=\"background-color:rgba(0, 0, 0, 0)\" class=\"has-inline-color has-vivid-cyan-blue-color\">se connecter<\/mark><\/a><\/em><\/strong><\/p>\n\n\n\n\n\n<div style=\"height:100px\" aria-hidden=\"true\" class=\"wp-block-spacer\"><\/div>\n\n\n\n<div class=\"wp-block-buttons is-content-justification-center is-layout-flex wp-container-core-buttons-is-layout-a89b3969 wp-block-buttons-is-layout-flex\">\n<div class=\"wp-block-button has-custom-font-size is-style-fill has-small-font-size\"><a class=\"wp-block-button__link has-vivid-red-background-color has-background wp-element-button\" href=\"\/index.php\/2024\/05\/31\/silence\/\">&lt;&#8211;retour<\/a><\/div>\n<\/div>\n<\/div>\n\n\n\n<div class=\"wp-block-column is-layout-flow wp-block-column-is-layout-flow\" style=\"flex-basis:33.33%\">\n<figure class=\"wp-block-table\"><table class=\"has-background\" style=\"background-color:#f8f2f2\"><thead><tr><th><mark class=\"has-inline-color has-vivid-red-color\" style=\"background-color: rgba(0, 0, 0, 0);\"><strong>Auteur<\/strong><\/mark><\/th><\/tr><\/thead><tbody><tr><td><strong>Marion Vaast<\/strong><\/td><\/tr><\/tbody><\/table><\/figure>\n\n\n\n<figure class=\"wp-block-table\"><table><thead><tr><th><mark class=\"has-inline-color has-vivid-red-color\" style=\"background-color: rgba(0, 0, 0, 0);\"><strong>R\u00e9f\u00e9rence<\/strong><\/mark><\/th><\/tr><\/thead><tbody><tr><td><strong>RA015-13<\/strong><br>Silence<br>Journ\u00e9es d\u2019Automne 2020<\/td><\/tr><\/tbody><\/table><\/figure>\n\n\n\n<figure class=\"wp-block-table\"><table><thead><tr><th><mark class=\"has-inline-color has-vivid-red-color\" style=\"background-color: rgba(0, 0, 0, 0);\"><strong>Cat\u00e9gories<\/strong><\/mark><\/th><\/tr><\/thead><tbody><tr><td>Art-th\u00e9rapie<br>Cas clinique<\/td><\/tr><\/tbody><\/table><\/figure>\n<\/div>\n<\/div>\n","protected":false},"excerpt":{"rendered":"<p>Silence ne signifie pas vide. Dans un suivi art-th\u00e9rapeutique, le silence peut \u00eatre cr\u00e9ateur. \u00c0 diff\u00e9rents niveaux. Il est cr\u00e9ateur, car il contribue \u00e0 poser un cadre et en d\u00e9limite les contours. Ainsi il devient support de cr\u00e9ation pour la personne accompagn\u00e9e. C\u2019est en effet dans ce cadre silencieux et&hellip;<\/p>\n","protected":false},"author":2,"featured_media":0,"comment_status":"closed","ping_status":"open","sticky":false,"template":"","format":"standard","meta":{"pmpro_default_level":"","ngg_post_thumbnail":0,"footnotes":""},"categories":[306],"tags":[492,493,332,319],"class_list":["post-1455","post","type-post","status-publish","format-standard","hentry","category-vaast-marion","tag-art-therapie","tag-cas-clinique","tag-ra015-13","tag-silence","pmpro-has-access"],"_links":{"self":[{"href":"https:\/\/bibliotheque-sfpe-at.com\/index.php\/wp-json\/wp\/v2\/posts\/1455","targetHints":{"allow":["GET"]}}],"collection":[{"href":"https:\/\/bibliotheque-sfpe-at.com\/index.php\/wp-json\/wp\/v2\/posts"}],"about":[{"href":"https:\/\/bibliotheque-sfpe-at.com\/index.php\/wp-json\/wp\/v2\/types\/post"}],"author":[{"embeddable":true,"href":"https:\/\/bibliotheque-sfpe-at.com\/index.php\/wp-json\/wp\/v2\/users\/2"}],"replies":[{"embeddable":true,"href":"https:\/\/bibliotheque-sfpe-at.com\/index.php\/wp-json\/wp\/v2\/comments?post=1455"}],"version-history":[{"count":2,"href":"https:\/\/bibliotheque-sfpe-at.com\/index.php\/wp-json\/wp\/v2\/posts\/1455\/revisions"}],"predecessor-version":[{"id":3140,"href":"https:\/\/bibliotheque-sfpe-at.com\/index.php\/wp-json\/wp\/v2\/posts\/1455\/revisions\/3140"}],"wp:attachment":[{"href":"https:\/\/bibliotheque-sfpe-at.com\/index.php\/wp-json\/wp\/v2\/media?parent=1455"}],"wp:term":[{"taxonomy":"category","embeddable":true,"href":"https:\/\/bibliotheque-sfpe-at.com\/index.php\/wp-json\/wp\/v2\/categories?post=1455"},{"taxonomy":"post_tag","embeddable":true,"href":"https:\/\/bibliotheque-sfpe-at.com\/index.php\/wp-json\/wp\/v2\/tags?post=1455"}],"curies":[{"name":"wp","href":"https:\/\/api.w.org\/{rel}","templated":true}]}}