{"id":1461,"date":"2024-05-31T16:53:33","date_gmt":"2024-05-31T14:53:33","guid":{"rendered":"https:\/\/sfpe-at.com\/?p=1461"},"modified":"2025-01-19T19:13:21","modified_gmt":"2025-01-19T18:13:21","slug":"le-silence-crie","status":"publish","type":"post","link":"https:\/\/bibliotheque-sfpe-at.com\/index.php\/2024\/05\/31\/le-silence-crie\/","title":{"rendered":"Le silence crie\u00a0!"},"content":{"rendered":"\n<div class=\"wp-block-columns is-layout-flex wp-container-core-columns-is-layout-28f84493 wp-block-columns-is-layout-flex\">\n<div class=\"wp-block-column is-layout-flow wp-block-column-is-layout-flow\" style=\"flex-basis:66.66%\">\n<p>Ce n\u2019est que dans le silence que le cri se d\u00e9ploie. La perversion est l\u2019un des concepts mille fois remani\u00e9s et la psychoth\u00e9rapie analytique reste difficile, voire impossible avec les sujets qui pr\u00e9sentent une telle structure. \u00c0 travers un cas clinique de psychoth\u00e9rapie versus art-th\u00e9rapie, en utilisant le dessin, nous montrerons le processus qui a permis \u00e0 un sujet de pousser le cri de son vrai self, apr\u00e8s tant de s\u00e9ances analytiques qui n\u2019\u00e9taient que des silences, remplis par les paroles d\u2019un faux-self. Et nous montrerons comment ce cas nous a permis de reconsid\u00e9rer le fonctionnement pervers, entre un faux self \u00e9rig\u00e9 en mode pervers, constitu\u00e9 dans sa prime enfance au sein d\u2019un entourage qui n\u2019\u00e9tait que violence et perversion, et un vrai self-enfant rest\u00e9 muet pendant soixante ans. Le silence parfois n\u2019est que Cri ! Il peut \u00eatre aussi cette zone transitionnelle qui, \u00e0 travers l\u2019expression artistique et le toucher sensoriel de la peinture au doigt, pr\u00e9sente un cadre suffisamment rassurant afin qu\u2019\u00e9merge le Soi, seul, en pr\u00e9sence de quelqu\u2019un. Le geste lui-m\u00eame, une danse d\u00e9j\u00e0, engendre un jeu pulsionnel, de l\u2019inanim\u00e9 \u00e0 l\u2019anima, qui surprend le sujet et le d\u00e9livre des crimes commis contre soi-m\u00eame et contre les autres. Comment se faire pardonner les attouchements o\u00f9 le self s\u2019est tu ? Comment s\u2019\u00e9crier afin de devenir Soi ?<\/p>\n\n\n\n<p><strong><em>Pour lire le texte complet <a href=\"\/index.php\/options-dinscription\/\"><mark style=\"background-color:rgba(0, 0, 0, 0)\" class=\"has-inline-color has-vivid-cyan-blue-color\">s&rsquo;inscrire<\/mark><\/a> ou <a href=\"\/index.php\/my-account\/edit-account\/\"><mark style=\"background-color:rgba(0, 0, 0, 0)\" class=\"has-inline-color has-vivid-cyan-blue-color\">se connecter<\/mark><\/a><\/em><\/strong><\/p>\n\n\n\n\n\n<div style=\"height:100px\" aria-hidden=\"true\" class=\"wp-block-spacer\"><\/div>\n\n\n\n<div class=\"wp-block-buttons is-content-justification-center is-layout-flex wp-container-core-buttons-is-layout-a89b3969 wp-block-buttons-is-layout-flex\">\n<div class=\"wp-block-button has-custom-font-size is-style-fill has-small-font-size\"><a class=\"wp-block-button__link has-vivid-red-background-color has-background wp-element-button\" href=\"\/index.php\/2024\/05\/31\/silence\/\">&lt;&#8211;retour<\/a><\/div>\n<\/div>\n<\/div>\n\n\n\n<div class=\"wp-block-column is-layout-flow wp-block-column-is-layout-flow\" style=\"flex-basis:33.33%\">\n<figure class=\"wp-block-table\"><table class=\"has-background\" style=\"background-color:#f8f2f2\"><thead><tr><th><mark class=\"has-inline-color has-vivid-red-color\" style=\"background-color: rgba(0, 0, 0, 0);\"><strong>Auteur<\/strong><\/mark><\/th><\/tr><\/thead><tbody><tr><td><strong>Senja Stirn<\/strong><\/td><\/tr><\/tbody><\/table><\/figure>\n\n\n\n<figure class=\"wp-block-table\"><table><thead><tr><th><mark class=\"has-inline-color has-vivid-red-color\" style=\"background-color: rgba(0, 0, 0, 0);\"><strong>R\u00e9f\u00e9rence<\/strong><\/mark><\/th><\/tr><\/thead><tbody><tr><td><strong>RA015-16<\/strong><br>Silence<br>Journ\u00e9es d\u2019Automne 2020<\/td><\/tr><\/tbody><\/table><\/figure>\n\n\n\n<figure class=\"wp-block-table\"><table><thead><tr><th><mark class=\"has-inline-color has-vivid-red-color\" style=\"background-color: rgba(0, 0, 0, 0);\"><strong>Cat\u00e9gories<\/strong><\/mark><\/th><\/tr><\/thead><tbody><tr><td>Art-th\u00e9rapie<br>Dessin<br>Cas clinique<\/td><\/tr><\/tbody><\/table><\/figure>\n<\/div>\n<\/div>\n","protected":false},"excerpt":{"rendered":"<p>Ce n\u2019est que dans le silence que le cri se d\u00e9ploie. La perversion est l\u2019un des concepts mille fois remani\u00e9s et la psychoth\u00e9rapie analytique reste difficile, voire impossible avec les sujets qui pr\u00e9sentent une telle structure. \u00c0 travers un cas clinique de psychoth\u00e9rapie versus art-th\u00e9rapie, en utilisant le dessin, nous&hellip;<\/p>\n","protected":false},"author":2,"featured_media":0,"comment_status":"closed","ping_status":"open","sticky":false,"template":"","format":"standard","meta":{"pmpro_default_level":"","ngg_post_thumbnail":0,"footnotes":""},"categories":[220],"tags":[492,508,493,335,319],"class_list":["post-1461","post","type-post","status-publish","format-standard","hentry","category-stirn-senja","tag-art-therapie","tag-dessin","tag-cas-clinique","tag-ra015-16","tag-silence","pmpro-has-access"],"_links":{"self":[{"href":"https:\/\/bibliotheque-sfpe-at.com\/index.php\/wp-json\/wp\/v2\/posts\/1461","targetHints":{"allow":["GET"]}}],"collection":[{"href":"https:\/\/bibliotheque-sfpe-at.com\/index.php\/wp-json\/wp\/v2\/posts"}],"about":[{"href":"https:\/\/bibliotheque-sfpe-at.com\/index.php\/wp-json\/wp\/v2\/types\/post"}],"author":[{"embeddable":true,"href":"https:\/\/bibliotheque-sfpe-at.com\/index.php\/wp-json\/wp\/v2\/users\/2"}],"replies":[{"embeddable":true,"href":"https:\/\/bibliotheque-sfpe-at.com\/index.php\/wp-json\/wp\/v2\/comments?post=1461"}],"version-history":[{"count":2,"href":"https:\/\/bibliotheque-sfpe-at.com\/index.php\/wp-json\/wp\/v2\/posts\/1461\/revisions"}],"predecessor-version":[{"id":3143,"href":"https:\/\/bibliotheque-sfpe-at.com\/index.php\/wp-json\/wp\/v2\/posts\/1461\/revisions\/3143"}],"wp:attachment":[{"href":"https:\/\/bibliotheque-sfpe-at.com\/index.php\/wp-json\/wp\/v2\/media?parent=1461"}],"wp:term":[{"taxonomy":"category","embeddable":true,"href":"https:\/\/bibliotheque-sfpe-at.com\/index.php\/wp-json\/wp\/v2\/categories?post=1461"},{"taxonomy":"post_tag","embeddable":true,"href":"https:\/\/bibliotheque-sfpe-at.com\/index.php\/wp-json\/wp\/v2\/tags?post=1461"}],"curies":[{"name":"wp","href":"https:\/\/api.w.org\/{rel}","templated":true}]}}