{"id":1465,"date":"2024-05-31T17:03:57","date_gmt":"2024-05-31T15:03:57","guid":{"rendered":"https:\/\/sfpe-at.com\/?p=1465"},"modified":"2025-01-19T19:15:48","modified_gmt":"2025-01-19T18:15:48","slug":"silences-choisis-silences-imposes","status":"publish","type":"post","link":"https:\/\/bibliotheque-sfpe-at.com\/index.php\/2024\/05\/31\/silences-choisis-silences-imposes\/","title":{"rendered":"Silences choisis, silences impos\u00e9s"},"content":{"rendered":"\n<div class=\"wp-block-columns is-layout-flex wp-container-core-columns-is-layout-28f84493 wp-block-columns-is-layout-flex\">\n<div class=\"wp-block-column is-layout-flow wp-block-column-is-layout-flow\" style=\"flex-basis:66.66%\">\n<p>Quel soulagement quand un bruit insupportable s\u2019arr\u00eate. Le silence qui suit lib\u00e8re un grand ouf de satisfaction. Il est d\u00e9licieux ce silence quand il suffit d\u2019appuyer sur un bouton pour faire taire les nuisances. Mais le monde et le bruit ne se r\u00e9duisent pas \u00e0 une radio. La n\u00e9cessit\u00e9 du faire taire du m\u00e9lomane exc\u00e9d\u00e9 par une mauvaise musique, peut se transposer \u00e0 une autre \u00e9chelle, celle de la famille o\u00f9 le secret des non-dits qui tra\u00eenent depuis des g\u00e9n\u00e9rations asservissent tout le monde au silence complice des maltraitances. Le silence est comme le vent, dit Elsa Triolet, il attise les grands malentendus. Il les amplifie dans une r\u00e9p\u00e9tition de la souffrance et du malheur. Les malheurs de la vie enseignent l\u2019art du silence affirme S\u00e9n\u00e8que. Au niveau politique le taire et le faire taire deviennent un art de gouverner. Le silence impos\u00e9 est celui de la peur et de la soumission. N\u00e9cessaire pour le Prince, Machiavel en fait un outil au service du pouvoir. L\u2019int\u00e9r\u00eat sup\u00e9rieur de l\u2019\u00c9tat l\u2019exige. Une autre exigence, plus transcendantale, fait aussi appel au silence, c\u2019est la pri\u00e8re et le temps du dialogue avec Dieu. Toutes les religions, en tout temps et en tout lieu, ont pr\u00f4n\u00e9 le silence comme condition \u00e0 cette rencontre avec le divin. Temps de silence monastique, de pri\u00e8re, d\u2019oraison, de m\u00e9ditation, de recueillement, d\u2019introspection, de contemplation, d\u2019extase, il est pour les croyants la source de ce retour sur soi et sur Dieu. Plus inqui\u00e9tant est le silence des morts, celui que les spirites avec Victor Hugo et Huysmans tentent de faire reparler. Le silence est enfin le temps solitaire de la r\u00e9flexion, de la pens\u00e9e, de l\u2019introspection, de la recherche, de l\u2019imaginaire et du symbolique. C\u2019est dans le silence de soi que l\u2019\u00eatre profond se trouve et qu\u2019une v\u00e9rit\u00e9 peut appara\u00eetre. \u00ab Je suis plein du silence assourdissant d\u2019aimer \u00bb (Louis Aragon).<\/p>\n\n\n\n<p><strong><em>Pour lire le texte complet <a href=\"\/index.php\/options-dinscription\/\"><mark style=\"background-color:rgba(0, 0, 0, 0)\" class=\"has-inline-color has-vivid-cyan-blue-color\">s&rsquo;inscrire<\/mark><\/a> ou <a href=\"\/index.php\/my-account\/edit-account\/\"><mark style=\"background-color:rgba(0, 0, 0, 0)\" class=\"has-inline-color has-vivid-cyan-blue-color\">se connecter<\/mark><\/a><\/em><\/strong><\/p>\n\n\n\n\n\n<div style=\"height:100px\" aria-hidden=\"true\" class=\"wp-block-spacer\"><\/div>\n\n\n\n<div class=\"wp-block-buttons is-content-justification-center is-layout-flex wp-container-core-buttons-is-layout-a89b3969 wp-block-buttons-is-layout-flex\">\n<div class=\"wp-block-button has-custom-font-size is-style-fill has-small-font-size\"><a class=\"wp-block-button__link has-vivid-red-background-color has-background wp-element-button\" href=\"\/index.php\/2024\/05\/31\/silence\/\">&lt;&#8211;retour<\/a><\/div>\n<\/div>\n<\/div>\n\n\n\n<div class=\"wp-block-column is-layout-flow wp-block-column-is-layout-flow\" style=\"flex-basis:33.33%\">\n<figure class=\"wp-block-table\"><table class=\"has-background\" style=\"background-color:#f8f2f2\"><thead><tr><th><mark class=\"has-inline-color has-vivid-red-color\" style=\"background-color: rgba(0, 0, 0, 0);\"><strong>Auteur<\/strong><\/mark><\/th><\/tr><\/thead><tbody><tr><td><strong>Luc Massardier<\/strong><\/td><\/tr><\/tbody><\/table><\/figure>\n\n\n\n<figure class=\"wp-block-table\"><table><thead><tr><th><mark class=\"has-inline-color has-vivid-red-color\" style=\"background-color: rgba(0, 0, 0, 0);\"><strong>R\u00e9f\u00e9rence<\/strong><\/mark><\/th><\/tr><\/thead><tbody><tr><td><strong>RA015-18<\/strong><br>Silence<br>Journ\u00e9es d\u2019Automne 2020<\/td><\/tr><\/tbody><\/table><\/figure>\n\n\n\n<figure class=\"wp-block-table\"><table><thead><tr><th><mark class=\"has-inline-color has-vivid-red-color\" style=\"background-color: rgba(0, 0, 0, 0);\"><strong>Cat\u00e9gories<\/strong><\/mark><\/th><\/tr><\/thead><tbody><tr><td>Religion<br>Histoire<\/td><\/tr><\/tbody><\/table><\/figure>\n<\/div>\n<\/div>\n","protected":false},"excerpt":{"rendered":"<p>Quel soulagement quand un bruit insupportable s\u2019arr\u00eate. Le silence qui suit lib\u00e8re un grand ouf de satisfaction. Il est d\u00e9licieux ce silence quand il suffit d\u2019appuyer sur un bouton pour faire taire les nuisances. Mais le monde et le bruit ne se r\u00e9duisent pas \u00e0 une radio. La n\u00e9cessit\u00e9 du&hellip;<\/p>\n","protected":false},"author":2,"featured_media":0,"comment_status":"closed","ping_status":"open","sticky":false,"template":"","format":"standard","meta":{"pmpro_default_level":"","ngg_post_thumbnail":0,"footnotes":""},"categories":[48],"tags":[575,337,593,319],"class_list":["post-1465","post","type-post","status-publish","format-standard","hentry","category-massardier-luc","tag-histoire","tag-ra015-18","tag-religion","tag-silence","pmpro-has-access"],"_links":{"self":[{"href":"https:\/\/bibliotheque-sfpe-at.com\/index.php\/wp-json\/wp\/v2\/posts\/1465","targetHints":{"allow":["GET"]}}],"collection":[{"href":"https:\/\/bibliotheque-sfpe-at.com\/index.php\/wp-json\/wp\/v2\/posts"}],"about":[{"href":"https:\/\/bibliotheque-sfpe-at.com\/index.php\/wp-json\/wp\/v2\/types\/post"}],"author":[{"embeddable":true,"href":"https:\/\/bibliotheque-sfpe-at.com\/index.php\/wp-json\/wp\/v2\/users\/2"}],"replies":[{"embeddable":true,"href":"https:\/\/bibliotheque-sfpe-at.com\/index.php\/wp-json\/wp\/v2\/comments?post=1465"}],"version-history":[{"count":2,"href":"https:\/\/bibliotheque-sfpe-at.com\/index.php\/wp-json\/wp\/v2\/posts\/1465\/revisions"}],"predecessor-version":[{"id":3145,"href":"https:\/\/bibliotheque-sfpe-at.com\/index.php\/wp-json\/wp\/v2\/posts\/1465\/revisions\/3145"}],"wp:attachment":[{"href":"https:\/\/bibliotheque-sfpe-at.com\/index.php\/wp-json\/wp\/v2\/media?parent=1465"}],"wp:term":[{"taxonomy":"category","embeddable":true,"href":"https:\/\/bibliotheque-sfpe-at.com\/index.php\/wp-json\/wp\/v2\/categories?post=1465"},{"taxonomy":"post_tag","embeddable":true,"href":"https:\/\/bibliotheque-sfpe-at.com\/index.php\/wp-json\/wp\/v2\/tags?post=1465"}],"curies":[{"name":"wp","href":"https:\/\/api.w.org\/{rel}","templated":true}]}}