{"id":1471,"date":"2024-05-31T17:10:21","date_gmt":"2024-05-31T15:10:21","guid":{"rendered":"https:\/\/sfpe-at.com\/?p=1471"},"modified":"2025-01-19T19:20:18","modified_gmt":"2025-01-19T18:20:18","slug":"mark-rothko-ou-le-silence-blanc-du-desir","status":"publish","type":"post","link":"https:\/\/bibliotheque-sfpe-at.com\/index.php\/2024\/05\/31\/mark-rothko-ou-le-silence-blanc-du-desir\/","title":{"rendered":"Mark Rothko ou \u00ab\u00a0Le silence blanc du d\u00e9sir \u00bb"},"content":{"rendered":"\n<div class=\"wp-block-columns is-layout-flex wp-container-core-columns-is-layout-28f84493 wp-block-columns-is-layout-flex\">\n<div class=\"wp-block-column is-layout-flow wp-block-column-is-layout-flow\" style=\"flex-basis:66.66%\">\n<p>Mark Rothko raccourcit son nom, le witz de Rothkowitz tombe. Witz, le mot d\u2019esprit dont toute la dimension appara\u00eet dans le symbolique. La vie artistique de Rothko commence avec une chute, une disparition. Sa vie marqu\u00e9e du signe de la perte, sera tourn\u00e9e vers la r\u00e9activation d\u2019un d\u00e9sir \u00e9teint, \u00e9touff\u00e9 par le d\u00e9part de son p\u00e8re puis par sa disparition apr\u00e8s de courtes retrouvailles. Il a travers\u00e9 la mer pour le rejoindre. C\u2019est dans ce voyage qu\u2019il nous emm\u00e8ne, retra\u00e7ant ce trajet de vie dans un imaginaire richement d\u00e9crit par autant de toiles, aquarelles diluant son \u00e9motion dans des pleurs non vers\u00e9s, peintures dont les \u00e9paisseurs color\u00e9es se superposent dans l\u2019expression des sentiments non formul\u00e9s. Le blanc y a une place particuli\u00e8re alternant ses bandes horizontales avec les couleurs les plus vives comme avec les gris les plus sombres pour finalement dispara\u00eetre dans ses derni\u00e8res oeuvres. \u00c9l\u00e9ment s\u00e9parateur, vide, silence g\u00e9n\u00e9rateur, le blanc participe aux rythmes que cr\u00e9e Rothko dans ses toiles verticales dans un espace \u00e9motionnel d\u2019aplats parall\u00e8les, comme le blanc entre les mots, scand\u00e9 par la ponctuation, respiration du texte. Rothko instille son souffle dans ses cr\u00e9ations picturales en y inscrivant la trace du silence blanc de son d\u00e9sir.<\/p>\n\n\n\n<p><strong><em>Pour lire le texte complet <a href=\"\/index.php\/options-dinscription\/\"><mark style=\"background-color:rgba(0, 0, 0, 0)\" class=\"has-inline-color has-vivid-cyan-blue-color\">s&rsquo;inscrire<\/mark><\/a> ou <a href=\"\/index.php\/my-account\/edit-account\/\"><mark style=\"background-color:rgba(0, 0, 0, 0)\" class=\"has-inline-color has-vivid-cyan-blue-color\">se connecter<\/mark><\/a><\/em><\/strong><\/p>\n\n\n\n\n\n<div style=\"height:100px\" aria-hidden=\"true\" class=\"wp-block-spacer\"><\/div>\n\n\n\n<div class=\"wp-block-buttons is-content-justification-center is-layout-flex wp-container-core-buttons-is-layout-a89b3969 wp-block-buttons-is-layout-flex\">\n<div class=\"wp-block-button has-custom-font-size is-style-fill has-small-font-size\"><a class=\"wp-block-button__link has-vivid-red-background-color has-background wp-element-button\" href=\"\/index.php\/2024\/05\/31\/silence\/\">&lt;&#8211;retour<\/a><\/div>\n<\/div>\n<\/div>\n\n\n\n<div class=\"wp-block-column is-layout-flow wp-block-column-is-layout-flow\" style=\"flex-basis:33.33%\">\n<figure class=\"wp-block-table\"><table class=\"has-background\" style=\"background-color:#f8f2f2\"><thead><tr><th><mark class=\"has-inline-color has-vivid-red-color\" style=\"background-color: rgba(0, 0, 0, 0);\"><strong>Auteur<\/strong><\/mark><\/th><\/tr><\/thead><tbody><tr><td><strong>Berlende Lamblin<\/strong><\/td><\/tr><\/tbody><\/table><\/figure>\n\n\n\n<figure class=\"wp-block-table\"><table><thead><tr><th><mark class=\"has-inline-color has-vivid-red-color\" style=\"background-color: rgba(0, 0, 0, 0);\"><strong>R\u00e9f\u00e9rence<\/strong><\/mark><\/th><\/tr><\/thead><tbody><tr><td><strong>RA015-22<\/strong><br>Silence<br>Journ\u00e9es d\u2019Automne 2020<\/td><\/tr><\/tbody><\/table><\/figure>\n\n\n\n<figure class=\"wp-block-table\"><table><thead><tr><th><mark class=\"has-inline-color has-vivid-red-color\" style=\"background-color: rgba(0, 0, 0, 0);\"><strong>Cat\u00e9gories<\/strong><\/mark><\/th><\/tr><\/thead><tbody><tr><td>Psychanalyse<br>Peinture<\/td><\/tr><\/tbody><\/table><\/figure>\n<\/div>\n<\/div>\n","protected":false},"excerpt":{"rendered":"<p>Mark Rothko raccourcit son nom, le witz de Rothkowitz tombe. Witz, le mot d\u2019esprit dont toute la dimension appara\u00eet dans le symbolique. La vie artistique de Rothko commence avec une chute, une disparition. Sa vie marqu\u00e9e du signe de la perte, sera tourn\u00e9e vers la r\u00e9activation d\u2019un d\u00e9sir \u00e9teint, \u00e9touff\u00e9&hellip;<\/p>\n","protected":false},"author":2,"featured_media":0,"comment_status":"closed","ping_status":"open","sticky":false,"template":"","format":"standard","meta":{"pmpro_default_level":"","ngg_post_thumbnail":0,"footnotes":""},"categories":[85],"tags":[484,494,341,319],"class_list":["post-1471","post","type-post","status-publish","format-standard","hentry","category-lamblin-berlende","tag-peinture","tag-psychanalyse","tag-ra015-22","tag-silence","pmpro-has-access"],"_links":{"self":[{"href":"https:\/\/bibliotheque-sfpe-at.com\/index.php\/wp-json\/wp\/v2\/posts\/1471","targetHints":{"allow":["GET"]}}],"collection":[{"href":"https:\/\/bibliotheque-sfpe-at.com\/index.php\/wp-json\/wp\/v2\/posts"}],"about":[{"href":"https:\/\/bibliotheque-sfpe-at.com\/index.php\/wp-json\/wp\/v2\/types\/post"}],"author":[{"embeddable":true,"href":"https:\/\/bibliotheque-sfpe-at.com\/index.php\/wp-json\/wp\/v2\/users\/2"}],"replies":[{"embeddable":true,"href":"https:\/\/bibliotheque-sfpe-at.com\/index.php\/wp-json\/wp\/v2\/comments?post=1471"}],"version-history":[{"count":3,"href":"https:\/\/bibliotheque-sfpe-at.com\/index.php\/wp-json\/wp\/v2\/posts\/1471\/revisions"}],"predecessor-version":[{"id":3150,"href":"https:\/\/bibliotheque-sfpe-at.com\/index.php\/wp-json\/wp\/v2\/posts\/1471\/revisions\/3150"}],"wp:attachment":[{"href":"https:\/\/bibliotheque-sfpe-at.com\/index.php\/wp-json\/wp\/v2\/media?parent=1471"}],"wp:term":[{"taxonomy":"category","embeddable":true,"href":"https:\/\/bibliotheque-sfpe-at.com\/index.php\/wp-json\/wp\/v2\/categories?post=1471"},{"taxonomy":"post_tag","embeddable":true,"href":"https:\/\/bibliotheque-sfpe-at.com\/index.php\/wp-json\/wp\/v2\/tags?post=1471"}],"curies":[{"name":"wp","href":"https:\/\/api.w.org\/{rel}","templated":true}]}}