{"id":1473,"date":"2024-05-31T17:12:53","date_gmt":"2024-05-31T15:12:53","guid":{"rendered":"https:\/\/sfpe-at.com\/?p=1473"},"modified":"2025-01-19T19:29:00","modified_gmt":"2025-01-19T18:29:00","slug":"vermeer-le-silence-a-loeuvre","status":"publish","type":"post","link":"https:\/\/bibliotheque-sfpe-at.com\/index.php\/2024\/05\/31\/vermeer-le-silence-a-loeuvre\/","title":{"rendered":"Vermeer\u00a0: le silence \u00e0 l\u2019\u0153uvre"},"content":{"rendered":"\n<div class=\"wp-block-columns is-layout-flex wp-container-core-columns-is-layout-28f84493 wp-block-columns-is-layout-flex\">\n<div class=\"wp-block-column is-layout-flow wp-block-column-is-layout-flow\" style=\"flex-basis:66.66%\">\n<p>C\u2019est la nature morte qui est attach\u00e9e traditionnellement \u00e0 l\u2019\u00e9vocation du silence. Objets divers, fruits, l\u00e9gumes et autres victuailles en constituent le sujet : choses inanim\u00e9es, objets \u00ab morts \u00bb donc. D\u2019o\u00f9 la d\u00e9signation du genre : nature \u00ab morte \u00bb \u2014 la bien mal nomm\u00e9e en fran\u00e7ais. L\u2019expression Still life, \u00e9quivalente en anglais, dont le sens peut s\u2019interpr\u00e9ter comme \u00ab vie silencieuse \u00bb, para\u00eet beaucoup plus \u00e9vocatrice d\u2019un monde dont la vie est ailleurs que dans la figuration du vivant. Mais comment, et par quel myst\u00e8re, une peinture qui n\u2019appartient pas \u00e0 ce genre, peut-elle \u00e9voquer le silence ? Une oeuvre, dans son corps m\u00eame, et au-del\u00e0 du sujet repr\u00e9sent\u00e9, peut \u00eatre bruyante ou silencieuse. N\u2019\u00e9voquet- on pas certains tableaux en regrettant leurs \u00ab couleurs criardes \u00bb pour en d\u00e9signer les harmonies d\u00e9faillantes ? L\u2019oeil \u00e9coute, en effet, \u00e9crit Paul Claudel pour d\u00e9signer des particularit\u00e9s du monde audible sugg\u00e9r\u00e9 dans la peinture. Dans l\u2019histoire de l\u2019art, il existe peu d\u2019oeuvres capables d\u2019exprimer les moments figur\u00e9s du quotidien comme expression du silence. \u00c9lie Faure dit de Vermeer qu\u2019\u00ab il a peint jusqu\u2019au silence rayonnant qui \u00e9mane des choses amies [&#8230;] \u00bb Vermeer magnifie le silence ; il en d\u00e9voile l\u2019\u00e9quivalence po\u00e9tique. C\u2019est un monde de r\u00eaverie silencieuse qu\u2019il rend visible et c\u2019est \u00e0 la contemplation muette qu\u2019il s\u2019adresse. Les valeurs les plus discr\u00e8tes de la lumi\u00e8re et de l\u2019ombre semblent ainsi, par leur lente progression, plonger les sujets dans un monde silencieux. Et c\u2019est la lumi\u00e8re qui, dans l\u2019oeuvre, en d\u00e9cline la s\u00e9r\u00e9nit\u00e9. Ici, par les fen\u00eatres, un rai de clart\u00e9 lentement se r\u00e9pand ; l\u00e0, il se d\u00e9grade de son apog\u00e9e \u00e0 son d\u00e9clin dans l\u2019ombre qu\u2019il transfigure pour la rendre transparente. Tout dans la peinture de Vermeer est hommage au silence. Rien n\u2019y bouge, ou tr\u00e8s peu, rien ne s\u2019y fait entendre. Temps suspendu, immobilit\u00e9 sans clameur, des objets aux personnes, des miroirs aux sols d\u2019une cour sans timbre et sans \u00e9cho. Un parcours d\u2019images \u00e9voquera ce monde dont la vie silencieuse appelle la m\u00e9ditation int\u00e9rieure et la contemplation esth\u00e9tique \u2014 comme hors du temps.<\/p>\n\n\n\n<p><strong><em>Pour lire le texte complet <a href=\"\/index.php\/options-dinscription\/\"><mark style=\"background-color:rgba(0, 0, 0, 0)\" class=\"has-inline-color has-vivid-cyan-blue-color\">s&rsquo;inscrire<\/mark><\/a> ou <a href=\"\/index.php\/my-account\/edit-account\/\"><mark style=\"background-color:rgba(0, 0, 0, 0)\" class=\"has-inline-color has-vivid-cyan-blue-color\">se connecter<\/mark><\/a><\/em><\/strong><\/p>\n\n\n\n\n\n<div style=\"height:100px\" aria-hidden=\"true\" class=\"wp-block-spacer\"><\/div>\n\n\n\n<div class=\"wp-block-buttons is-content-justification-center is-layout-flex wp-container-core-buttons-is-layout-a89b3969 wp-block-buttons-is-layout-flex\">\n<div class=\"wp-block-button has-custom-font-size is-style-fill has-small-font-size\"><a class=\"wp-block-button__link has-vivid-red-background-color has-background wp-element-button\" href=\"\/index.php\/2024\/05\/31\/silence\/\">&lt;&#8211;retour<\/a><\/div>\n<\/div>\n<\/div>\n\n\n\n<div class=\"wp-block-column is-layout-flow wp-block-column-is-layout-flow\" style=\"flex-basis:33.33%\">\n<figure class=\"wp-block-table\"><table class=\"has-background\" style=\"background-color:#f8f2f2\"><thead><tr><th><mark class=\"has-inline-color has-vivid-red-color\" style=\"background-color: rgba(0, 0, 0, 0);\"><strong>Auteur<\/strong><\/mark><\/th><\/tr><\/thead><tbody><tr><td><strong>G\u00e9rard Bout\u00e9<\/strong><\/td><\/tr><\/tbody><\/table><\/figure>\n\n\n\n<figure class=\"wp-block-table\"><table><thead><tr><th><mark class=\"has-inline-color has-vivid-red-color\" style=\"background-color: rgba(0, 0, 0, 0);\"><strong>R\u00e9f\u00e9rence<\/strong><\/mark><\/th><\/tr><\/thead><tbody><tr><td><strong>RA015-23<\/strong><br>Silence<br>Journ\u00e9es d\u2019Automne 2020<\/td><\/tr><\/tbody><\/table><\/figure>\n\n\n\n<figure class=\"wp-block-table\"><table><thead><tr><th><mark class=\"has-inline-color has-vivid-red-color\" style=\"background-color: rgba(0, 0, 0, 0);\"><strong>Cat\u00e9gories<\/strong><\/mark><\/th><\/tr><\/thead><tbody><tr><td>Peinture<\/td><\/tr><\/tbody><\/table><\/figure>\n<\/div>\n<\/div>\n","protected":false},"excerpt":{"rendered":"<p>C\u2019est la nature morte qui est attach\u00e9e traditionnellement \u00e0 l\u2019\u00e9vocation du silence. Objets divers, fruits, l\u00e9gumes et autres victuailles en constituent le sujet : choses inanim\u00e9es, objets \u00ab morts \u00bb donc. D\u2019o\u00f9 la d\u00e9signation du genre : nature \u00ab morte \u00bb \u2014 la bien mal nomm\u00e9e en fran\u00e7ais. L\u2019expression Still&hellip;<\/p>\n","protected":false},"author":2,"featured_media":0,"comment_status":"closed","ping_status":"open","sticky":false,"template":"","format":"standard","meta":{"pmpro_default_level":"","ngg_post_thumbnail":0,"footnotes":""},"categories":[68],"tags":[484,644,319],"class_list":["post-1473","post","type-post","status-publish","format-standard","hentry","category-boute-gerard","tag-peinture","tag-ra015-23","tag-silence","pmpro-has-access"],"_links":{"self":[{"href":"https:\/\/bibliotheque-sfpe-at.com\/index.php\/wp-json\/wp\/v2\/posts\/1473","targetHints":{"allow":["GET"]}}],"collection":[{"href":"https:\/\/bibliotheque-sfpe-at.com\/index.php\/wp-json\/wp\/v2\/posts"}],"about":[{"href":"https:\/\/bibliotheque-sfpe-at.com\/index.php\/wp-json\/wp\/v2\/types\/post"}],"author":[{"embeddable":true,"href":"https:\/\/bibliotheque-sfpe-at.com\/index.php\/wp-json\/wp\/v2\/users\/2"}],"replies":[{"embeddable":true,"href":"https:\/\/bibliotheque-sfpe-at.com\/index.php\/wp-json\/wp\/v2\/comments?post=1473"}],"version-history":[{"count":3,"href":"https:\/\/bibliotheque-sfpe-at.com\/index.php\/wp-json\/wp\/v2\/posts\/1473\/revisions"}],"predecessor-version":[{"id":3152,"href":"https:\/\/bibliotheque-sfpe-at.com\/index.php\/wp-json\/wp\/v2\/posts\/1473\/revisions\/3152"}],"wp:attachment":[{"href":"https:\/\/bibliotheque-sfpe-at.com\/index.php\/wp-json\/wp\/v2\/media?parent=1473"}],"wp:term":[{"taxonomy":"category","embeddable":true,"href":"https:\/\/bibliotheque-sfpe-at.com\/index.php\/wp-json\/wp\/v2\/categories?post=1473"},{"taxonomy":"post_tag","embeddable":true,"href":"https:\/\/bibliotheque-sfpe-at.com\/index.php\/wp-json\/wp\/v2\/tags?post=1473"}],"curies":[{"name":"wp","href":"https:\/\/api.w.org\/{rel}","templated":true}]}}