{"id":1497,"date":"2024-06-12T11:57:32","date_gmt":"2024-06-12T09:57:32","guid":{"rendered":"https:\/\/sfpe-at.com\/?p=1497"},"modified":"2025-03-24T19:31:23","modified_gmt":"2025-03-24T18:31:23","slug":"leonard-de-vinci-ou-les-errances-dun-genie","status":"publish","type":"post","link":"https:\/\/bibliotheque-sfpe-at.com\/index.php\/2024\/06\/12\/leonard-de-vinci-ou-les-errances-dun-genie\/","title":{"rendered":"L\u00e9onard de Vinci ou \u00ab Les errances d\u2019un g\u00e9nie \u00bb"},"content":{"rendered":"\n<div class=\"wp-block-columns is-layout-flex wp-container-core-columns-is-layout-28f84493 wp-block-columns-is-layout-flex\">\n<div class=\"wp-block-column is-layout-flow wp-block-column-is-layout-flow\" style=\"flex-basis:66.66%\">\n<p>L\u00e9onard, natif du village de Vinci, inscrit sa trajectoire dans un mouvement discontinu sans cesse renouvel\u00e9, \u00e0 travers des recherches \u00e9labor\u00e9es \u00e0 la fois de la forme et de la fonction de ce qui nous constitue, corps habit\u00e9 par la parole. Son \u00e9criture invers\u00e9e de gaucher parcourt les feuillets de ses carnets de petites lettres pointues et serr\u00e9es, tutoyant un interlocuteur imaginaire, comme un autre lui-m\u00eame. Un carton in\u00e9dit pr\u00e9paratoire de Sainte Anne et la vierge met en sc\u00e8ne un personnage qui dispara\u00eet ensuite dans le tableau La Sainte Anne. L\u2019inachev\u00e9 des extr\u00e9mit\u00e9s pieds et mains, oriente notre r\u00e9flexion vers la pr\u00e9sence-absence, apparition et disparition du phallus. La curiosit\u00e9 insatiable de L\u00e9onard embrasse l\u2019univers tout entier comme s\u2019il voulait le poss\u00e9der, fouillant la nature intime de chaque chose. L\u00e9onard passe d\u2019une activit\u00e9 \u00e0 une autre, d\u2019une vie monacale \u00e0 des f\u00eates tr\u00e8s hautes en couleurs, d\u2019un prince \u00e0 un autre, d\u2019une commande \u00e0 une autre, en laissant bien souvent son oeuvre en suspens. Les errances de ce g\u00e9nie nous fascinent et nous interrogent sur ce qui pousse L\u00e9onard \u00e0 cette qu\u00eate sans fin, \u00e0 la poursuite d\u2019un reflet qui lui \u00e9chappe et qu\u2019il nous r\u00e9v\u00e8le \u00e0 son insu.<\/p>\n\n\n\n<p class=\"has-text-color has-link-color wp-elements-0c5dd61414d2cb4c88e3596780dedeb0\" style=\"color:#2753a5\"><strong><em>Pour lire le texte complet <a href=\"\/index.php\/options-dinscription\/\"><mark style=\"background-color:rgba(0, 0, 0, 0)\" class=\"has-inline-color has-vivid-cyan-blue-color\">s&rsquo;inscrire<\/mark><\/a> ou <a href=\"\/index.php\/my-account\/edit-account\/\"><mark style=\"background-color:rgba(0, 0, 0, 0)\" class=\"has-inline-color has-vivid-cyan-blue-color\">se connecter<\/mark><\/a><\/em><\/strong><\/p>\n\n\n\n\n\n<div style=\"height:100px\" aria-hidden=\"true\" class=\"wp-block-spacer\"><\/div>\n\n\n\n<div class=\"wp-block-buttons is-content-justification-center is-layout-flex wp-container-core-buttons-is-layout-a89b3969 wp-block-buttons-is-layout-flex\">\n<div class=\"wp-block-button has-custom-font-size is-style-fill has-small-font-size\"><a class=\"wp-block-button__link has-vivid-red-background-color has-background wp-element-button\" href=\"\/index.php\/2021\/03\/22\/errances\/\">&lt;&#8211;retour<\/a><\/div>\n<\/div>\n<\/div>\n\n\n\n<div class=\"wp-block-column is-layout-flow wp-block-column-is-layout-flow\" style=\"flex-basis:33.33%\">\n<figure class=\"wp-block-table\"><table class=\"has-background\" style=\"background-color:#f8f2f2\"><thead><tr><th><mark class=\"has-inline-color has-vivid-red-color\" style=\"background-color: rgba(0, 0, 0, 0);\"><strong>Auteur<\/strong><\/mark><\/th><\/tr><\/thead><tbody><tr><td><strong>Berlende Lamblin<\/strong><\/td><\/tr><\/tbody><\/table><\/figure>\n\n\n\n<figure class=\"wp-block-table\"><table><thead><tr><th><mark class=\"has-inline-color has-vivid-red-color\" style=\"background-color: rgba(0, 0, 0, 0);\"><strong>R\u00e9f\u00e9rence<\/strong><\/mark><\/th><\/tr><\/thead><tbody><tr><td><strong>RA016-04<\/strong><br>Errances<br>Journ\u00e9es de Printemps 2021<\/td><\/tr><\/tbody><\/table><\/figure>\n\n\n\n<figure class=\"wp-block-table\"><table><thead><tr><th><mark class=\"has-inline-color has-vivid-red-color\" style=\"background-color: rgba(0, 0, 0, 0);\"><strong>Cat\u00e9gories<\/strong><\/mark><\/th><\/tr><\/thead><tbody><tr><td>Psychanalyse<br>Peinture<\/td><\/tr><\/tbody><\/table><\/figure>\n<\/div>\n<\/div>\n","protected":false},"excerpt":{"rendered":"<p>L\u00e9onard, natif du village de Vinci, inscrit sa trajectoire dans un mouvement discontinu sans cesse renouvel\u00e9, \u00e0 travers des recherches \u00e9labor\u00e9es \u00e0 la fois de la forme et de la fonction de ce qui nous constitue, corps habit\u00e9 par la parole. Son \u00e9criture invers\u00e9e de gaucher parcourt les feuillets de&hellip;<\/p>\n","protected":false},"author":2,"featured_media":0,"comment_status":"closed","ping_status":"open","sticky":false,"template":"","format":"standard","meta":{"pmpro_default_level":"","ngg_post_thumbnail":0,"footnotes":""},"categories":[85],"tags":[343,484,494,348],"class_list":["post-1497","post","type-post","status-publish","format-standard","hentry","category-lamblin-berlende","tag-errances","tag-peinture","tag-psychanalyse","tag-ra016-04","pmpro-has-access"],"_links":{"self":[{"href":"https:\/\/bibliotheque-sfpe-at.com\/index.php\/wp-json\/wp\/v2\/posts\/1497","targetHints":{"allow":["GET"]}}],"collection":[{"href":"https:\/\/bibliotheque-sfpe-at.com\/index.php\/wp-json\/wp\/v2\/posts"}],"about":[{"href":"https:\/\/bibliotheque-sfpe-at.com\/index.php\/wp-json\/wp\/v2\/types\/post"}],"author":[{"embeddable":true,"href":"https:\/\/bibliotheque-sfpe-at.com\/index.php\/wp-json\/wp\/v2\/users\/2"}],"replies":[{"embeddable":true,"href":"https:\/\/bibliotheque-sfpe-at.com\/index.php\/wp-json\/wp\/v2\/comments?post=1497"}],"version-history":[{"count":3,"href":"https:\/\/bibliotheque-sfpe-at.com\/index.php\/wp-json\/wp\/v2\/posts\/1497\/revisions"}],"predecessor-version":[{"id":4694,"href":"https:\/\/bibliotheque-sfpe-at.com\/index.php\/wp-json\/wp\/v2\/posts\/1497\/revisions\/4694"}],"wp:attachment":[{"href":"https:\/\/bibliotheque-sfpe-at.com\/index.php\/wp-json\/wp\/v2\/media?parent=1497"}],"wp:term":[{"taxonomy":"category","embeddable":true,"href":"https:\/\/bibliotheque-sfpe-at.com\/index.php\/wp-json\/wp\/v2\/categories?post=1497"},{"taxonomy":"post_tag","embeddable":true,"href":"https:\/\/bibliotheque-sfpe-at.com\/index.php\/wp-json\/wp\/v2\/tags?post=1497"}],"curies":[{"name":"wp","href":"https:\/\/api.w.org\/{rel}","templated":true}]}}