{"id":1499,"date":"2024-06-12T12:17:45","date_gmt":"2024-06-12T10:17:45","guid":{"rendered":"https:\/\/sfpe-at.com\/?p=1499"},"modified":"2025-03-24T19:32:03","modified_gmt":"2025-03-24T18:32:03","slug":"la-blanche-cavale","status":"publish","type":"post","link":"https:\/\/bibliotheque-sfpe-at.com\/index.php\/2024\/06\/12\/la-blanche-cavale\/","title":{"rendered":"La blanche cavale"},"content":{"rendered":"\n<p><\/p>\n\n\n\n<p><em>\u00ab D\u00e9lirants, certes, ils le sont. Mais n\u2019ont-ils pas leur m\u00e9thode ? \u00bb<br>Shakespeare. Hamlet<\/em><\/p>\n\n\n\n<div class=\"wp-block-columns is-layout-flex wp-container-core-columns-is-layout-28f84493 wp-block-columns-is-layout-flex\">\n<div class=\"wp-block-column is-layout-flow wp-block-column-is-layout-flow\" style=\"flex-basis:66.66%\">\n<p>La blanche cavale : deux mots pi\u00e9g\u00e9s dans le coin d\u2019une feuille \u00e0 l\u2019int\u00e9rieur de l\u2019un des carnets d\u2019Alo\u00efse. Deux mots qui ont donn\u00e9 son titre \u00e0 ce carnet dat\u00e9 de 1942. Elle est alors hospitalis\u00e9e depuis 1920 au \u00ab couvent \u00bb, puisque c\u2019est ainsi qu\u2019elle nommait la clinique de La Rosi\u00e8re o\u00f9 elle restera jusqu\u2019\u00e0 sa mort en 1964.` Deux mots qui donnent un coup d\u2019arr\u00eat \u00e0 l\u2019emballement imaginaire o\u00f9 son d\u00e9luge de couleurs et de repr\u00e9sentations plonge le spectateur. Magicienne du paradoxe, Alo\u00efse, par ce brusque changement de registre, nous oblige aussi \u00e0 changer de regard. De quelle blancheur parle-t-elle au milieu de cette effervescence color\u00e9e ? Dit-elle ainsi que sa cavale a trouv\u00e9 refuge dans le blanc du papier ? \u00c9chapp\u00e9e alors inscrite dans une cl\u00f4ture, celle des pages comme celle du couvent. Autre paradoxe. Du lieu de son renoncement, l\u00e0 o\u00f9 se passe sa vie arr\u00eat\u00e9e, elle nous contraint \u00e0 renoncer nous aussi. Entr\u00e9s dans ce carnet d&rsquo;Alo\u00efse comme dans un labyrinthe sans issue, il nous faut suivre la recommandation de Jacqueline Porret-Forel de \u00ab couper les amarres de la raison et se laisser porter comme le bateau ivre \u00bb. D\u00e9laissant nos rep\u00e8res inutiles, la lin\u00e9arit\u00e9 du temps et de l\u2019espace ou l\u2019av\u00e8nement d\u2019une signification, ivres jusqu\u2019au vertige, nous voici errant \u00e0 notre tour en sa for\u00eat de signes\u2026 Mais bient\u00f4t, en suivant son parcours sans fin, une logique se fait jour.<\/p>\n\n\n\n<p class=\"has-text-color has-link-color wp-elements-0c5dd61414d2cb4c88e3596780dedeb0\" style=\"color:#2753a5\"><strong><em>Pour lire le texte complet <a href=\"\/index.php\/options-dinscription\/\"><mark style=\"background-color:rgba(0, 0, 0, 0)\" class=\"has-inline-color has-vivid-cyan-blue-color\">s&rsquo;inscrire<\/mark><\/a> ou <a href=\"\/index.php\/my-account\/edit-account\/\"><mark style=\"background-color:rgba(0, 0, 0, 0)\" class=\"has-inline-color has-vivid-cyan-blue-color\">se connecter<\/mark><\/a><\/em><\/strong><\/p>\n\n\n\n\n\n<div style=\"height:100px\" aria-hidden=\"true\" class=\"wp-block-spacer\"><\/div>\n\n\n\n<div class=\"wp-block-buttons is-content-justification-center is-layout-flex wp-container-core-buttons-is-layout-a89b3969 wp-block-buttons-is-layout-flex\">\n<div class=\"wp-block-button has-custom-font-size is-style-fill has-small-font-size\"><a class=\"wp-block-button__link has-vivid-red-background-color has-background wp-element-button\" href=\"\/index.php\/2021\/03\/22\/errances\/\">&lt;&#8211;retour<\/a><\/div>\n<\/div>\n<\/div>\n\n\n\n<div class=\"wp-block-column is-layout-flow wp-block-column-is-layout-flow\" style=\"flex-basis:33.33%\">\n<figure class=\"wp-block-table\"><table class=\"has-background\" style=\"background-color:#f8f2f2\"><thead><tr><th><mark class=\"has-inline-color has-vivid-red-color\" style=\"background-color: rgba(0, 0, 0, 0);\"><strong>Auteur<\/strong><\/mark><\/th><\/tr><\/thead><tbody><tr><td><strong>B\u00e9atrice Chemama-Steiner<\/strong><\/td><\/tr><\/tbody><\/table><\/figure>\n\n\n\n<figure class=\"wp-block-table\"><table><thead><tr><th><mark class=\"has-inline-color has-vivid-red-color\" style=\"background-color: rgba(0, 0, 0, 0);\"><strong>R\u00e9f\u00e9rence<\/strong><\/mark><\/th><\/tr><\/thead><tbody><tr><td><strong>RA016-05<\/strong><br>Errances<br>Journ\u00e9es de Printemps 2021<\/td><\/tr><\/tbody><\/table><\/figure>\n\n\n\n<figure class=\"wp-block-table\"><table><thead><tr><th><mark class=\"has-inline-color has-vivid-red-color\" style=\"background-color: rgba(0, 0, 0, 0);\"><strong>Cat\u00e9gories<\/strong><\/mark><\/th><\/tr><\/thead><tbody><tr><td>Psychopathologie de l\u2019expression<br>Peinture<br>Cas clinique<\/td><\/tr><\/tbody><\/table><\/figure>\n<\/div>\n<\/div>\n","protected":false},"excerpt":{"rendered":"<p>\u00ab D\u00e9lirants, certes, ils le sont. Mais n\u2019ont-ils pas leur m\u00e9thode ? \u00bbShakespeare. Hamlet La blanche cavale : deux mots pi\u00e9g\u00e9s dans le coin d\u2019une feuille \u00e0 l\u2019int\u00e9rieur de l\u2019un des carnets d\u2019Alo\u00efse. Deux mots qui ont donn\u00e9 son titre \u00e0 ce carnet dat\u00e9 de 1942. Elle est alors hospitalis\u00e9e&hellip;<\/p>\n","protected":false},"author":2,"featured_media":0,"comment_status":"closed","ping_status":"open","sticky":false,"template":"","format":"standard","meta":{"pmpro_default_level":"","ngg_post_thumbnail":0,"footnotes":""},"categories":[54],"tags":[343,493,484,488,347],"class_list":["post-1499","post","type-post","status-publish","format-standard","hentry","category-chemama-steiner-beatrice","tag-errances","tag-cas-clinique","tag-peinture","tag-psychopathologie-de-lexpression","tag-ra016-05","pmpro-has-access"],"_links":{"self":[{"href":"https:\/\/bibliotheque-sfpe-at.com\/index.php\/wp-json\/wp\/v2\/posts\/1499","targetHints":{"allow":["GET"]}}],"collection":[{"href":"https:\/\/bibliotheque-sfpe-at.com\/index.php\/wp-json\/wp\/v2\/posts"}],"about":[{"href":"https:\/\/bibliotheque-sfpe-at.com\/index.php\/wp-json\/wp\/v2\/types\/post"}],"author":[{"embeddable":true,"href":"https:\/\/bibliotheque-sfpe-at.com\/index.php\/wp-json\/wp\/v2\/users\/2"}],"replies":[{"embeddable":true,"href":"https:\/\/bibliotheque-sfpe-at.com\/index.php\/wp-json\/wp\/v2\/comments?post=1499"}],"version-history":[{"count":3,"href":"https:\/\/bibliotheque-sfpe-at.com\/index.php\/wp-json\/wp\/v2\/posts\/1499\/revisions"}],"predecessor-version":[{"id":4695,"href":"https:\/\/bibliotheque-sfpe-at.com\/index.php\/wp-json\/wp\/v2\/posts\/1499\/revisions\/4695"}],"wp:attachment":[{"href":"https:\/\/bibliotheque-sfpe-at.com\/index.php\/wp-json\/wp\/v2\/media?parent=1499"}],"wp:term":[{"taxonomy":"category","embeddable":true,"href":"https:\/\/bibliotheque-sfpe-at.com\/index.php\/wp-json\/wp\/v2\/categories?post=1499"},{"taxonomy":"post_tag","embeddable":true,"href":"https:\/\/bibliotheque-sfpe-at.com\/index.php\/wp-json\/wp\/v2\/tags?post=1499"}],"curies":[{"name":"wp","href":"https:\/\/api.w.org\/{rel}","templated":true}]}}