{"id":1505,"date":"2024-06-12T12:30:28","date_gmt":"2024-06-12T10:30:28","guid":{"rendered":"https:\/\/sfpe-at.com\/?p=1505"},"modified":"2025-03-24T19:34:37","modified_gmt":"2025-03-24T18:34:37","slug":"lenfant-qui-a-la-tete-en-lair","status":"publish","type":"post","link":"https:\/\/bibliotheque-sfpe-at.com\/index.php\/2024\/06\/12\/lenfant-qui-a-la-tete-en-lair\/","title":{"rendered":"L&rsquo;enfant qui a la t\u00eate en l&rsquo;air"},"content":{"rendered":"\n<div class=\"wp-block-columns is-layout-flex wp-container-core-columns-is-layout-28f84493 wp-block-columns-is-layout-flex\">\n<div class=\"wp-block-column is-layout-flow wp-block-column-is-layout-flow\" style=\"flex-basis:66.66%\">\n<p>L&rsquo;enfant qui a la t\u00eate en l&rsquo;air, si on se d\u00e9tourne, il s&rsquo;envole. Il faudrait une main de fer pour le retenir \u00e0 l&rsquo;\u00e9cole. L&rsquo;enfant qui a la t\u00eate en l&rsquo;air ne le quittez jamais des yeux : car d\u00e8s qu&rsquo;il n&rsquo;a plus rien \u00e0 faire, il caracole dans les cieux&#8230;on le croit l\u00e0, il est ici, n&rsquo;appara\u00eet que pour dispara\u00eetre. Comme on a des presse-papiers, il nous faudrait un presse-enfant, pour retenir par les deux pieds, l&rsquo;enfant si l\u00e9ger que volant. Claude Roy Des tribulations et vicissitudes dans la famille \u00e0 l\u2019errance chez l\u2019enfant pris en charge par l\u2019aide sociale. Nous mettrons l\u2019accent sur deux volets prioritaires chez ces enfants : 1) Reconna\u00eetre le fantasme de l\u2019errance comme suppl\u00e9ance au maintien du d\u00e9sir et lutte contre la pulsion de mort 2) Permettre, \u00e0 ces exil\u00e9s candidats \u00e0 l\u2019asile, de passer d\u2019une enclave ou d\u2019un mi-chemin vers nulle part \u00e0 un pro-jet inscrit dans un autre lieu, celui de la parole, pour qu\u2019ex-siste une image fantasmatique Autre qui pourra l\u2019aider \u00e0 trouver son chemin. L\u2019ouverture d\u2019un espace de fantaisie, le dessin comme l\u2019autre sc\u00e8ne, permet \u00e0 l\u2019enfant d\u2019inscrire d\u2019autres identifications possibles. Ces images lorsqu\u2019elles passent par le symbolique, \u00e0 travers la parole et le transfert, peuvent restituer la continuit\u00e9, la possibilit\u00e9 offerte d\u2019une identification symbolique d\u00e9terminant un autre statut \u00ab orthop\u00e9dique \u00bb de l\u2019image. \u00c0 travers des dessins, p\u00e9r\u00e9grination (voyage dans un pays \u00e9loign\u00e9) au cours d\u2019une psychanalyse, chez un gar\u00e7on de six ans et demi.<\/p>\n\n\n\n<p class=\"has-text-color has-link-color wp-elements-0c5dd61414d2cb4c88e3596780dedeb0\" style=\"color:#2753a5\"><strong><em>Pour lire le texte complet <a href=\"\/index.php\/options-dinscription\/\"><mark style=\"background-color:rgba(0, 0, 0, 0)\" class=\"has-inline-color has-vivid-cyan-blue-color\">s&rsquo;inscrire<\/mark><\/a> ou <a href=\"\/index.php\/my-account\/edit-account\/\"><mark style=\"background-color:rgba(0, 0, 0, 0)\" class=\"has-inline-color has-vivid-cyan-blue-color\">se connecter<\/mark><\/a><\/em><\/strong><\/p>\n\n\n\n\n\n<div style=\"height:100px\" aria-hidden=\"true\" class=\"wp-block-spacer\"><\/div>\n\n\n\n<div class=\"wp-block-buttons is-content-justification-center is-layout-flex wp-container-core-buttons-is-layout-a89b3969 wp-block-buttons-is-layout-flex\">\n<div class=\"wp-block-button has-custom-font-size is-style-fill has-small-font-size\"><a class=\"wp-block-button__link has-vivid-red-background-color has-background wp-element-button\" href=\"\/index.php\/2021\/03\/22\/errances\/\">&lt;&#8211;retour<\/a><\/div>\n<\/div>\n<\/div>\n\n\n\n<div class=\"wp-block-column is-layout-flow wp-block-column-is-layout-flow\" style=\"flex-basis:33.33%\">\n<figure class=\"wp-block-table\"><table class=\"has-background\" style=\"background-color:#f8f2f2\"><thead><tr><th><mark class=\"has-inline-color has-vivid-red-color\" style=\"background-color: rgba(0, 0, 0, 0);\"><strong>Auteur<\/strong><\/mark><\/th><\/tr><\/thead><tbody><tr><td><strong>Madeleine Gueydan <\/strong><\/td><\/tr><\/tbody><\/table><\/figure>\n\n\n\n<figure class=\"wp-block-table\"><table><thead><tr><th><mark class=\"has-inline-color has-vivid-red-color\" style=\"background-color: rgba(0, 0, 0, 0);\"><strong>R\u00e9f\u00e9rence<\/strong><\/mark><\/th><\/tr><\/thead><tbody><tr><td><strong>RA016-10<\/strong><br>Errances<br>Journ\u00e9es de Printemps 2021<\/td><\/tr><\/tbody><\/table><\/figure>\n\n\n\n<figure class=\"wp-block-table\"><table><thead><tr><th><mark class=\"has-inline-color has-vivid-red-color\" style=\"background-color: rgba(0, 0, 0, 0);\"><strong>Cat\u00e9gories<\/strong><\/mark><\/th><\/tr><\/thead><tbody><tr><td>Psychanalyse<br>Art-th\u00e9rapie<br>Dessin<br>Cas clinique<br>Enfance<\/td><\/tr><\/tbody><\/table><\/figure>\n<\/div>\n<\/div>\n","protected":false},"excerpt":{"rendered":"<p>L&rsquo;enfant qui a la t\u00eate en l&rsquo;air, si on se d\u00e9tourne, il s&rsquo;envole. Il faudrait une main de fer pour le retenir \u00e0 l&rsquo;\u00e9cole. L&rsquo;enfant qui a la t\u00eate en l&rsquo;air ne le quittez jamais des yeux : car d\u00e8s qu&rsquo;il n&rsquo;a plus rien \u00e0 faire, il caracole dans les&hellip;<\/p>\n","protected":false},"author":2,"featured_media":0,"comment_status":"closed","ping_status":"open","sticky":false,"template":"","format":"standard","meta":{"pmpro_default_level":"","ngg_post_thumbnail":0,"footnotes":""},"categories":[353],"tags":[492,508,549,343,493,494,352],"class_list":["post-1505","post","type-post","status-publish","format-standard","hentry","category-gueydan-madeleine","tag-art-therapie","tag-dessin","tag-enfance","tag-errances","tag-cas-clinique","tag-psychanalyse","tag-ra016-10","pmpro-has-access"],"_links":{"self":[{"href":"https:\/\/bibliotheque-sfpe-at.com\/index.php\/wp-json\/wp\/v2\/posts\/1505","targetHints":{"allow":["GET"]}}],"collection":[{"href":"https:\/\/bibliotheque-sfpe-at.com\/index.php\/wp-json\/wp\/v2\/posts"}],"about":[{"href":"https:\/\/bibliotheque-sfpe-at.com\/index.php\/wp-json\/wp\/v2\/types\/post"}],"author":[{"embeddable":true,"href":"https:\/\/bibliotheque-sfpe-at.com\/index.php\/wp-json\/wp\/v2\/users\/2"}],"replies":[{"embeddable":true,"href":"https:\/\/bibliotheque-sfpe-at.com\/index.php\/wp-json\/wp\/v2\/comments?post=1505"}],"version-history":[{"count":3,"href":"https:\/\/bibliotheque-sfpe-at.com\/index.php\/wp-json\/wp\/v2\/posts\/1505\/revisions"}],"predecessor-version":[{"id":4700,"href":"https:\/\/bibliotheque-sfpe-at.com\/index.php\/wp-json\/wp\/v2\/posts\/1505\/revisions\/4700"}],"wp:attachment":[{"href":"https:\/\/bibliotheque-sfpe-at.com\/index.php\/wp-json\/wp\/v2\/media?parent=1505"}],"wp:term":[{"taxonomy":"category","embeddable":true,"href":"https:\/\/bibliotheque-sfpe-at.com\/index.php\/wp-json\/wp\/v2\/categories?post=1505"},{"taxonomy":"post_tag","embeddable":true,"href":"https:\/\/bibliotheque-sfpe-at.com\/index.php\/wp-json\/wp\/v2\/tags?post=1505"}],"curies":[{"name":"wp","href":"https:\/\/api.w.org\/{rel}","templated":true}]}}