{"id":1511,"date":"2024-06-12T12:47:57","date_gmt":"2024-06-12T10:47:57","guid":{"rendered":"https:\/\/sfpe-at.com\/?p=1511"},"modified":"2025-03-24T19:36:08","modified_gmt":"2025-03-24T18:36:08","slug":"don-quichotte-ou-lerrance-en-heritage","status":"publish","type":"post","link":"https:\/\/bibliotheque-sfpe-at.com\/index.php\/2024\/06\/12\/don-quichotte-ou-lerrance-en-heritage\/","title":{"rendered":"Don Quichotte ou l\u2019Errance en h\u00e9ritage\u2026"},"content":{"rendered":"\n<div class=\"wp-block-columns is-layout-flex wp-container-core-columns-is-layout-28f84493 wp-block-columns-is-layout-flex\">\n<div class=\"wp-block-column is-layout-flow wp-block-column-is-layout-flow\" style=\"flex-basis:66.66%\">\n<p>Si l\u2019Ing\u00e9nieux Hidalgo Don Quichotte de la Mancha est le h\u00e9ros du roman le plus lu des Temps modernes c\u2019est bien parce qu\u2019il incarne \u00e0 lui seul le mythe universel de l\u2019errance, celle de l\u2019Homme tortur\u00e9 entre deux mondes, celui du r\u00e9el prosa\u00efque et celui de l\u2019illusion. Preux chevalier aux desseins bienfaiteurs Don Quichotte va courir le (son) monde avec une identit\u00e9 qu\u2019il s\u2019est lui-m\u00eame forg\u00e9e au fil de ses lectures passionn\u00e9es de romans de chevalerie du Moyen-Age, grandiose et sublime dans son projet, mais tragique et grotesque dans son \u00e9chec. Certes ce h\u00e9ros \u2018\u2019\u00e0 la triste figure\u2019\u2019 \u00e9tait fou, gravement d\u00e9lirant, projection imaginaire de son auteur Miguel de Cervant\u00e8s, lui aussi soldat aventurier et vagabond de la Castille espagnole \u00e0 l\u2019empire ottoman du 17\u00e8me si\u00e8cle. Mais n\u2019est-il pas aussi le reflet tr\u00e8s actuel du drame de l\u2019errance de l\u2019individu, qui rejoint le questionnement de Jorge Luis Borges \u2018\u2019sommes-nous tous des \u00eatres de fiction\u2019\u2019, des chevaliers errants \u00e0 la mission impossible, livrant bataille \u00e0 des moulins \u00e0 vents, afin de porter et de d\u00e9fendre envers et contre tout les valeurs fondatrices de l\u2019humain dans un monde de plus en plus fou ?<\/p>\n\n\n\n<p class=\"has-text-color has-link-color wp-elements-0c5dd61414d2cb4c88e3596780dedeb0\" style=\"color:#2753a5\"><strong><em>Pour lire le texte complet <a href=\"\/index.php\/options-dinscription\/\"><mark style=\"background-color:rgba(0, 0, 0, 0)\" class=\"has-inline-color has-vivid-cyan-blue-color\">s&rsquo;inscrire<\/mark><\/a> ou <a href=\"\/index.php\/my-account\/edit-account\/\"><mark style=\"background-color:rgba(0, 0, 0, 0)\" class=\"has-inline-color has-vivid-cyan-blue-color\">se connecter<\/mark><\/a><\/em><\/strong><\/p>\n\n\n\n\n\n<div style=\"height:100px\" aria-hidden=\"true\" class=\"wp-block-spacer\"><\/div>\n\n\n\n<div class=\"wp-block-buttons is-content-justification-center is-layout-flex wp-container-core-buttons-is-layout-a89b3969 wp-block-buttons-is-layout-flex\">\n<div class=\"wp-block-button has-custom-font-size is-style-fill has-small-font-size\"><a class=\"wp-block-button__link has-vivid-red-background-color has-background wp-element-button\" href=\"\/index.php\/2021\/03\/22\/errances\/\">&lt;&#8211;retour<\/a><\/div>\n<\/div>\n<\/div>\n\n\n\n<div class=\"wp-block-column is-layout-flow wp-block-column-is-layout-flow\" style=\"flex-basis:33.33%\">\n<figure class=\"wp-block-table\"><table class=\"has-background\" style=\"background-color:#f8f2f2\"><thead><tr><th><mark class=\"has-inline-color has-vivid-red-color\" style=\"background-color: rgba(0, 0, 0, 0);\"><strong>Auteur<\/strong><\/mark><\/th><\/tr><\/thead><tbody><tr><td><strong>Ghislaine REILLANNE<\/strong><\/td><\/tr><\/tbody><\/table><\/figure>\n\n\n\n<figure class=\"wp-block-table\"><table><thead><tr><th><mark class=\"has-inline-color has-vivid-red-color\" style=\"background-color: rgba(0, 0, 0, 0);\"><strong>R\u00e9f\u00e9rence<\/strong><\/mark><\/th><\/tr><\/thead><tbody><tr><td><strong>RA016-13<\/strong><br>Errances<br>Journ\u00e9es de Printemps 2021<\/td><\/tr><\/tbody><\/table><\/figure>\n\n\n\n<figure class=\"wp-block-table\"><table><thead><tr><th><mark class=\"has-inline-color has-vivid-red-color\" style=\"background-color: rgba(0, 0, 0, 0);\"><strong>Cat\u00e9gories<\/strong><\/mark><\/th><\/tr><\/thead><tbody><tr><td>Litt\u00e9rature<br>Psychopathologie<br>Performance<\/td><\/tr><\/tbody><\/table><\/figure>\n<\/div>\n<\/div>\n","protected":false},"excerpt":{"rendered":"<p>Si l\u2019Ing\u00e9nieux Hidalgo Don Quichotte de la Mancha est le h\u00e9ros du roman le plus lu des Temps modernes c\u2019est bien parce qu\u2019il incarne \u00e0 lui seul le mythe universel de l\u2019errance, celle de l\u2019Homme tortur\u00e9 entre deux mondes, celui du r\u00e9el prosa\u00efque et celui de l\u2019illusion. Preux chevalier aux&hellip;<\/p>\n","protected":false},"author":2,"featured_media":0,"comment_status":"closed","ping_status":"open","sticky":false,"template":"","format":"standard","meta":{"pmpro_default_level":"","ngg_post_thumbnail":0,"footnotes":""},"categories":[91],"tags":[343,509,642,601,357],"class_list":["post-1511","post","type-post","status-publish","format-standard","hentry","category-reillanne-ghislaine","tag-errances","tag-litterature","tag-performance","tag-psychopathologie","tag-ra016-13","pmpro-has-access"],"_links":{"self":[{"href":"https:\/\/bibliotheque-sfpe-at.com\/index.php\/wp-json\/wp\/v2\/posts\/1511","targetHints":{"allow":["GET"]}}],"collection":[{"href":"https:\/\/bibliotheque-sfpe-at.com\/index.php\/wp-json\/wp\/v2\/posts"}],"about":[{"href":"https:\/\/bibliotheque-sfpe-at.com\/index.php\/wp-json\/wp\/v2\/types\/post"}],"author":[{"embeddable":true,"href":"https:\/\/bibliotheque-sfpe-at.com\/index.php\/wp-json\/wp\/v2\/users\/2"}],"replies":[{"embeddable":true,"href":"https:\/\/bibliotheque-sfpe-at.com\/index.php\/wp-json\/wp\/v2\/comments?post=1511"}],"version-history":[{"count":3,"href":"https:\/\/bibliotheque-sfpe-at.com\/index.php\/wp-json\/wp\/v2\/posts\/1511\/revisions"}],"predecessor-version":[{"id":4703,"href":"https:\/\/bibliotheque-sfpe-at.com\/index.php\/wp-json\/wp\/v2\/posts\/1511\/revisions\/4703"}],"wp:attachment":[{"href":"https:\/\/bibliotheque-sfpe-at.com\/index.php\/wp-json\/wp\/v2\/media?parent=1511"}],"wp:term":[{"taxonomy":"category","embeddable":true,"href":"https:\/\/bibliotheque-sfpe-at.com\/index.php\/wp-json\/wp\/v2\/categories?post=1511"},{"taxonomy":"post_tag","embeddable":true,"href":"https:\/\/bibliotheque-sfpe-at.com\/index.php\/wp-json\/wp\/v2\/tags?post=1511"}],"curies":[{"name":"wp","href":"https:\/\/api.w.org\/{rel}","templated":true}]}}