{"id":1517,"date":"2024-06-12T14:09:42","date_gmt":"2024-06-12T12:09:42","guid":{"rendered":"https:\/\/sfpe-at.com\/?p=1517"},"modified":"2025-03-24T19:37:50","modified_gmt":"2025-03-24T18:37:50","slug":"erre-moi-dans-tes-bras","status":"publish","type":"post","link":"https:\/\/bibliotheque-sfpe-at.com\/index.php\/2024\/06\/12\/erre-moi-dans-tes-bras\/","title":{"rendered":"Erre-moi dans tes bras"},"content":{"rendered":"\n<div class=\"wp-block-columns is-layout-flex wp-container-core-columns-is-layout-28f84493 wp-block-columns-is-layout-flex\">\n<div class=\"wp-block-column is-layout-flow wp-block-column-is-layout-flow\" style=\"flex-basis:66.66%\">\n<p>Nomade de la polys\u00e9mie, L\u00e9o papillonne dans tous les sens des mots. Lors d&rsquo;une f\u00eate \u00e0 l&rsquo;h\u00f4pital, il voyage en solitaire suivant des yeux l\u2019infinie duplication des taches de lumi\u00e8re projet\u00e9es sur les murs par une boule de miroirs qui tourne au plafond. Alors qu\u2019en s\u00e9ances il se disperse habituellement sans laisser de traces, il produit d\u2019un doigt glissant sur la bu\u00e9e d\u2019une vitre une forme que je me surprends \u00e0 nommer : \u00ab papillon \u00bb. A-t-il vu ce que je voulais dire ? Me force-t-il en quelque sorte \u00e0 le dire ? Ce mot qui ne peut se signifier que par une forme va montrer sa pertinence dans le dispositif familial. Il enferme des liens forclos, \u00e0 la fois inaccessibles et pr\u00e9sents, visibles et pourtant dissimul\u00e9s. J\u2019appelle \u00ab pictor\u00eave \u00bb ce type de forme \u00e9voquant l\u2019errance d\u2019un continent d\u00e9sarrim\u00e9. Si cette trace en tant qu\u2019affect au pied de la lettre n\u2019avait pas pour fonction d\u2019\u00eatre masque \u00e0 la m\u00e9moire, mais s\u2019imposait comme signe de la pure imm\u00e9diatet\u00e9, je montrerai qu&rsquo;en la nommant celle-ci prit soudain valeur d\u2019usage dans une cha\u00eene signifiante relationnelle et que l\u2019\u00e9nonc\u00e9 du simple battement de ses ailes fit s\u2019ouvrir un chemin de randonn\u00e9e sentimentale.<\/p>\n\n\n\n<p class=\"has-text-color has-link-color wp-elements-0c5dd61414d2cb4c88e3596780dedeb0\" style=\"color:#2753a5\"><strong><em>Pour lire le texte complet <a href=\"\/index.php\/options-dinscription\/\"><mark style=\"background-color:rgba(0, 0, 0, 0)\" class=\"has-inline-color has-vivid-cyan-blue-color\">s&rsquo;inscrire<\/mark><\/a> ou <a href=\"\/index.php\/my-account\/edit-account\/\"><mark style=\"background-color:rgba(0, 0, 0, 0)\" class=\"has-inline-color has-vivid-cyan-blue-color\">se connecter<\/mark><\/a><\/em><\/strong><\/p>\n\n\n\n\n\n<div style=\"height:100px\" aria-hidden=\"true\" class=\"wp-block-spacer\"><\/div>\n\n\n\n<div class=\"wp-block-buttons is-content-justification-center is-layout-flex wp-container-core-buttons-is-layout-a89b3969 wp-block-buttons-is-layout-flex\">\n<div class=\"wp-block-button has-custom-font-size is-style-fill has-small-font-size\"><a class=\"wp-block-button__link has-vivid-red-background-color has-background wp-element-button\" href=\"\/index.php\/2021\/03\/22\/errances\/\">&lt;&#8211;retour<\/a><\/div>\n<\/div>\n<\/div>\n\n\n\n<div class=\"wp-block-column is-layout-flow wp-block-column-is-layout-flow\" style=\"flex-basis:33.33%\">\n<figure class=\"wp-block-table\"><table class=\"has-background\" style=\"background-color:#f8f2f2\"><thead><tr><th><mark class=\"has-inline-color has-vivid-red-color\" style=\"background-color: rgba(0, 0, 0, 0);\"><strong>Auteur<\/strong><\/mark><\/th><\/tr><\/thead><tbody><tr><td><strong>Jean-Pierre Royol \u2020<\/strong><\/td><\/tr><\/tbody><\/table><\/figure>\n\n\n\n<figure class=\"wp-block-table\"><table><thead><tr><th><mark class=\"has-inline-color has-vivid-red-color\" style=\"background-color: rgba(0, 0, 0, 0);\"><strong>R\u00e9f\u00e9rence<\/strong><\/mark><\/th><\/tr><\/thead><tbody><tr><td><strong>RA016-16<\/strong><br>Errances<br>Journ\u00e9es de Printemps 2021<\/td><\/tr><\/tbody><\/table><\/figure>\n\n\n\n<figure class=\"wp-block-table\"><table><thead><tr><th><mark class=\"has-inline-color has-vivid-red-color\" style=\"background-color: rgba(0, 0, 0, 0);\"><strong>Cat\u00e9gories<\/strong><\/mark><\/th><\/tr><\/thead><tbody><tr><td>P\u00e9dopsychiatrie<br>Dessin<br>Enfance<br>Cas clinique<\/td><\/tr><\/tbody><\/table><\/figure>\n<\/div>\n<\/div>\n","protected":false},"excerpt":{"rendered":"<p>Nomade de la polys\u00e9mie, L\u00e9o papillonne dans tous les sens des mots. Lors d&rsquo;une f\u00eate \u00e0 l&rsquo;h\u00f4pital, il voyage en solitaire suivant des yeux l\u2019infinie duplication des taches de lumi\u00e8re projet\u00e9es sur les murs par une boule de miroirs qui tourne au plafond. Alors qu\u2019en s\u00e9ances il se disperse habituellement&hellip;<\/p>\n","protected":false},"author":2,"featured_media":0,"comment_status":"closed","ping_status":"open","sticky":false,"template":"","format":"standard","meta":{"pmpro_default_level":"","ngg_post_thumbnail":0,"footnotes":""},"categories":[83],"tags":[508,549,343,493,669,362],"class_list":["post-1517","post","type-post","status-publish","format-standard","hentry","category-royol-jean-pierre","tag-dessin","tag-enfance","tag-errances","tag-cas-clinique","tag-pedopsychiatrie","tag-ra016-16","pmpro-has-access"],"_links":{"self":[{"href":"https:\/\/bibliotheque-sfpe-at.com\/index.php\/wp-json\/wp\/v2\/posts\/1517","targetHints":{"allow":["GET"]}}],"collection":[{"href":"https:\/\/bibliotheque-sfpe-at.com\/index.php\/wp-json\/wp\/v2\/posts"}],"about":[{"href":"https:\/\/bibliotheque-sfpe-at.com\/index.php\/wp-json\/wp\/v2\/types\/post"}],"author":[{"embeddable":true,"href":"https:\/\/bibliotheque-sfpe-at.com\/index.php\/wp-json\/wp\/v2\/users\/2"}],"replies":[{"embeddable":true,"href":"https:\/\/bibliotheque-sfpe-at.com\/index.php\/wp-json\/wp\/v2\/comments?post=1517"}],"version-history":[{"count":3,"href":"https:\/\/bibliotheque-sfpe-at.com\/index.php\/wp-json\/wp\/v2\/posts\/1517\/revisions"}],"predecessor-version":[{"id":4706,"href":"https:\/\/bibliotheque-sfpe-at.com\/index.php\/wp-json\/wp\/v2\/posts\/1517\/revisions\/4706"}],"wp:attachment":[{"href":"https:\/\/bibliotheque-sfpe-at.com\/index.php\/wp-json\/wp\/v2\/media?parent=1517"}],"wp:term":[{"taxonomy":"category","embeddable":true,"href":"https:\/\/bibliotheque-sfpe-at.com\/index.php\/wp-json\/wp\/v2\/categories?post=1517"},{"taxonomy":"post_tag","embeddable":true,"href":"https:\/\/bibliotheque-sfpe-at.com\/index.php\/wp-json\/wp\/v2\/tags?post=1517"}],"curies":[{"name":"wp","href":"https:\/\/api.w.org\/{rel}","templated":true}]}}