{"id":1521,"date":"2024-06-12T14:15:28","date_gmt":"2024-06-12T12:15:28","guid":{"rendered":"https:\/\/sfpe-at.com\/?p=1521"},"modified":"2025-03-24T19:38:59","modified_gmt":"2025-03-24T18:38:59","slug":"franchissements-remous-de-la-mer-errance-des-migrants","status":"publish","type":"post","link":"https:\/\/bibliotheque-sfpe-at.com\/index.php\/2024\/06\/12\/franchissements-remous-de-la-mer-errance-des-migrants\/","title":{"rendered":"Franchissements &#8211; Remous de la mer, Errance des migrants"},"content":{"rendered":"\n<div class=\"wp-block-columns is-layout-flex wp-container-core-columns-is-layout-28f84493 wp-block-columns-is-layout-flex\">\n<div class=\"wp-block-column is-layout-flow wp-block-column-is-layout-flow\" style=\"flex-basis:66.66%\">\n<p>Franchir la mer M\u00e9diterran\u00e9e pour des migrants et leurs enfants, c\u2019est affronter une nuit \u00e0 l\u2019issue incertaine, compter sur un ailleurs inconnu, imaginer un exil et un avenir meilleur, alors que le pr\u00e9sent est d\u2019abord une errance vers un rivage, au rythme du remous des vagues. \u00ab Franchissements \u00bb aborde les facettes de cette actualit\u00e9 r\u00e9currente, ancr\u00e9e dans la r\u00e9alit\u00e9 : artistique avec la chor\u00e9graphie de Rachid Ouramdane, n\u00eemois de parents alg\u00e9riens. Avec Franchir la nuit (cr\u00e9ation 2018), la sc\u00e8ne recouverte d\u2019eau expose des gestes de lutte, des chutes \u00e9clabouss\u00e9es, des d\u00e9tresses dans une \u00ab mer \u00bb devenant linceul, des courses \u00e9puisantes et des espoirs criants, dans\u00e9s par cinq artistes et une foule d\u2019enfants amateurs. &#8211; psychologique avec le propos de ces enfants exprimant leurs v\u00e9cus (\u00e9l\u00e8ves d\u2019une \u00e9cole primaire et mineurs isol\u00e9s vivant dans un foyer), dont \u00ab la honte et le d\u00e9sir d\u2019\u00eatre un roi\u2026 \u00bb, &#8211; social illustr\u00e9 par la mort du petit syrien Aylan \u00e9chou\u00e9 sur une gr\u00e8ve turque (en 2015), indignant le monde entier et questionnant la notion de biopouvoir selon Foucault, l\u2019\u00e9tat de psycho-trauma des migrants et r\u00e9fugi\u00e9s et la capacit\u00e9 de r\u00e9silience. L\u2019espace marin &#8211; lieu de d\u00e9sh\u00e9rence &#8211; et le corps \u2014 ultime espace de libert\u00e9 \u2014 repr\u00e9sent\u00e9s dans la danse fusionnant l\u2019intention et l\u2019action, incarn\u00e9e et \u00e9motionnelle, renforce l\u2019effet de sens.<\/p>\n\n\n\n<p class=\"has-text-color has-link-color wp-elements-0c5dd61414d2cb4c88e3596780dedeb0\" style=\"color:#2753a5\"><strong><em>Pour lire le texte complet <a href=\"\/index.php\/options-dinscription\/\"><mark style=\"background-color:rgba(0, 0, 0, 0)\" class=\"has-inline-color has-vivid-cyan-blue-color\">s&rsquo;inscrire<\/mark><\/a> ou <a href=\"\/index.php\/my-account\/edit-account\/\"><mark style=\"background-color:rgba(0, 0, 0, 0)\" class=\"has-inline-color has-vivid-cyan-blue-color\">se connecter<\/mark><\/a><\/em><\/strong><\/p>\n\n\n\n\n\n<div style=\"height:100px\" aria-hidden=\"true\" class=\"wp-block-spacer\"><\/div>\n\n\n\n<div class=\"wp-block-buttons is-content-justification-center is-layout-flex wp-container-core-buttons-is-layout-a89b3969 wp-block-buttons-is-layout-flex\">\n<div class=\"wp-block-button has-custom-font-size is-style-fill has-small-font-size\"><a class=\"wp-block-button__link has-vivid-red-background-color has-background wp-element-button\" href=\"\/index.php\/2021\/03\/22\/errances\/\">&lt;&#8211;retour<\/a><\/div>\n<\/div>\n<\/div>\n\n\n\n<div class=\"wp-block-column is-layout-flow wp-block-column-is-layout-flow\" style=\"flex-basis:33.33%\">\n<figure class=\"wp-block-table\"><table class=\"has-background\" style=\"background-color:#f8f2f2\"><thead><tr><th><mark class=\"has-inline-color has-vivid-red-color\" style=\"background-color: rgba(0, 0, 0, 0);\"><strong>Auteur<\/strong><\/mark><\/th><\/tr><\/thead><tbody><tr><td><strong>Jocelyne Vaysse<\/strong><\/td><\/tr><\/tbody><\/table><\/figure>\n\n\n\n<figure class=\"wp-block-table\"><table><thead><tr><th><mark class=\"has-inline-color has-vivid-red-color\" style=\"background-color: rgba(0, 0, 0, 0);\"><strong>R\u00e9f\u00e9rence<\/strong><\/mark><\/th><\/tr><\/thead><tbody><tr><td><strong>RA016-18<\/strong><br>Errances<br>Journ\u00e9es de Printemps 2021<\/td><\/tr><\/tbody><\/table><\/figure>\n\n\n\n<figure class=\"wp-block-table\"><table><thead><tr><th><mark class=\"has-inline-color has-vivid-red-color\" style=\"background-color: rgba(0, 0, 0, 0);\"><strong>Cat\u00e9gories<\/strong><\/mark><\/th><\/tr><\/thead><tbody><tr><td>Art-th\u00e9rapie<br>Danse<br>Spectacle<\/td><\/tr><\/tbody><\/table><\/figure>\n<\/div>\n<\/div>\n","protected":false},"excerpt":{"rendered":"<p>Franchir la mer M\u00e9diterran\u00e9e pour des migrants et leurs enfants, c\u2019est affronter une nuit \u00e0 l\u2019issue incertaine, compter sur un ailleurs inconnu, imaginer un exil et un avenir meilleur, alors que le pr\u00e9sent est d\u2019abord une errance vers un rivage, au rythme du remous des vagues. \u00ab Franchissements \u00bb aborde&hellip;<\/p>\n","protected":false},"author":2,"featured_media":0,"comment_status":"closed","ping_status":"open","sticky":false,"template":"","format":"standard","meta":{"pmpro_default_level":"","ngg_post_thumbnail":0,"footnotes":""},"categories":[104],"tags":[492,1294,343,571,364],"class_list":["post-1521","post","type-post","status-publish","format-standard","hentry","category-vaysse-jocelyne","tag-art-therapie","tag-danse-mouvement","tag-errances","tag-musees-expositions-spectacles","tag-ra016-18","pmpro-has-access"],"_links":{"self":[{"href":"https:\/\/bibliotheque-sfpe-at.com\/index.php\/wp-json\/wp\/v2\/posts\/1521","targetHints":{"allow":["GET"]}}],"collection":[{"href":"https:\/\/bibliotheque-sfpe-at.com\/index.php\/wp-json\/wp\/v2\/posts"}],"about":[{"href":"https:\/\/bibliotheque-sfpe-at.com\/index.php\/wp-json\/wp\/v2\/types\/post"}],"author":[{"embeddable":true,"href":"https:\/\/bibliotheque-sfpe-at.com\/index.php\/wp-json\/wp\/v2\/users\/2"}],"replies":[{"embeddable":true,"href":"https:\/\/bibliotheque-sfpe-at.com\/index.php\/wp-json\/wp\/v2\/comments?post=1521"}],"version-history":[{"count":3,"href":"https:\/\/bibliotheque-sfpe-at.com\/index.php\/wp-json\/wp\/v2\/posts\/1521\/revisions"}],"predecessor-version":[{"id":4708,"href":"https:\/\/bibliotheque-sfpe-at.com\/index.php\/wp-json\/wp\/v2\/posts\/1521\/revisions\/4708"}],"wp:attachment":[{"href":"https:\/\/bibliotheque-sfpe-at.com\/index.php\/wp-json\/wp\/v2\/media?parent=1521"}],"wp:term":[{"taxonomy":"category","embeddable":true,"href":"https:\/\/bibliotheque-sfpe-at.com\/index.php\/wp-json\/wp\/v2\/categories?post=1521"},{"taxonomy":"post_tag","embeddable":true,"href":"https:\/\/bibliotheque-sfpe-at.com\/index.php\/wp-json\/wp\/v2\/tags?post=1521"}],"curies":[{"name":"wp","href":"https:\/\/api.w.org\/{rel}","templated":true}]}}