{"id":1528,"date":"2024-06-12T14:41:06","date_gmt":"2024-06-12T12:41:06","guid":{"rendered":"https:\/\/sfpe-at.com\/?p=1528"},"modified":"2025-03-24T19:40:53","modified_gmt":"2025-03-24T18:40:53","slug":"co-errances-essai-image-dautobiographie-universelle","status":"publish","type":"post","link":"https:\/\/bibliotheque-sfpe-at.com\/index.php\/2024\/06\/12\/co-errances-essai-image-dautobiographie-universelle\/","title":{"rendered":"Co-errances, essai imag\u00e9 d\u2019autobiographie universelle"},"content":{"rendered":"\n<div class=\"wp-block-columns is-layout-flex wp-container-core-columns-is-layout-28f84493 wp-block-columns-is-layout-flex\">\n<div class=\"wp-block-column is-layout-flow wp-block-column-is-layout-flow\" style=\"flex-basis:66.66%\">\n<p>Choisie, m\u00e9connue ou subie, l\u2019errance ne s\u2019exerce jamais ni \u00e0 l\u2019avantage ni au risque d\u2019une blanche solitude muette, mais tra\u00eene toujours derri\u00e8re elle le cort\u00e8ge murmurant, r\u00eaveur, nostalgique, douloureux, parfois tragique, d\u2019ombres quitt\u00e9es, perdues, abandonn\u00e9es avant, esp\u00e9r\u00e9es plus loin, ne serait-ce que dans l\u2019\u00e9chapp\u00e9e r\u00e9flexive, d\u00e9lib\u00e9r\u00e9e ou fantomatique, de soi-m\u00eame \u00e0 sa propre identit\u00e9 ronronnante trop bien balis\u00e9e, en mal d\u2019alt\u00e9rit\u00e9, d\u2019exil ou d\u2019exotisme int\u00e9rieur. Ce projet d\u2019exposition, hommage \u00e0 cette aventure existentielle commune, voudrait imager, par symbole et m\u00e9taphore interpos\u00e9s, quelques jalons d\u00e9cisifs de ce parcours universel \u00e0 travers un choix photographique issu de p\u00e9r\u00e9grinations singuli\u00e8res. Aussi \u00e9loign\u00e9 que possible de toute complaisance narcissique, il propose r\u00e9trospectivement et prospectivement \u00e0 tout autre semblable, spectateur d\u00e9doubl\u00e9 et attendri, une sorte de familiarit\u00e9 complice o\u00f9 il puisse reconna\u00eetre ses incertitudes personnelles propices \u00e0 connivence et sympathie dont le sourire ou la larme aux yeux seront parfois l\u2019indice. Il pourra aussi bien s\u00fbr se r\u00e9cuser par reniement mais se retrouverait alors en compagnie inattendue du photographe qui rechigne parfois lui-m\u00eame, \u00e0 tort sans doute, \u00e0 se laisser trop s\u00e9duire, d\u00e9router ou assimiler par son sujet et ses divagations. Toute ressemblance avec une pratique psychologique authentiquement relationnelle, ne saurait \u00eatre accueillie que comme somptueuse co\u00efncidence inaccomplie.<\/p>\n\n\n\n<p class=\"has-text-color has-link-color wp-elements-0c5dd61414d2cb4c88e3596780dedeb0\" style=\"color:#2753a5\"><strong><em>Pour lire le texte complet <a href=\"\/index.php\/options-dinscription\/\"><mark style=\"background-color:rgba(0, 0, 0, 0)\" class=\"has-inline-color has-vivid-cyan-blue-color\">s&rsquo;inscrire<\/mark><\/a> ou <a href=\"\/index.php\/my-account\/edit-account\/\"><mark style=\"background-color:rgba(0, 0, 0, 0)\" class=\"has-inline-color has-vivid-cyan-blue-color\">se connecter<\/mark><\/a><\/em><\/strong><\/p>\n\n\n\n\n\n<div style=\"height:100px\" aria-hidden=\"true\" class=\"wp-block-spacer\"><\/div>\n\n\n\n<div class=\"wp-block-buttons is-content-justification-center is-layout-flex wp-container-core-buttons-is-layout-a89b3969 wp-block-buttons-is-layout-flex\">\n<div class=\"wp-block-button has-custom-font-size is-style-fill has-small-font-size\"><a class=\"wp-block-button__link has-vivid-red-background-color has-background wp-element-button\" href=\"\/index.php\/2021\/03\/22\/errances\/\">&lt;&#8211;retour<\/a><\/div>\n<\/div>\n<\/div>\n\n\n\n<div class=\"wp-block-column is-layout-flow wp-block-column-is-layout-flow\" style=\"flex-basis:33.33%\">\n<figure class=\"wp-block-table\"><table class=\"has-background\" style=\"background-color:#f8f2f2\"><thead><tr><th><mark class=\"has-inline-color has-vivid-red-color\" style=\"background-color: rgba(0, 0, 0, 0);\"><strong>Auteur<\/strong><\/mark><\/th><\/tr><\/thead><tbody><tr><td><strong>Jean-Marie Barth\u00e9l\u00e9my<\/strong><\/td><\/tr><\/tbody><\/table><\/figure>\n\n\n\n<figure class=\"wp-block-table\"><table><thead><tr><th><mark class=\"has-inline-color has-vivid-red-color\" style=\"background-color: rgba(0, 0, 0, 0);\"><strong>R\u00e9f\u00e9rence<\/strong><\/mark><\/th><\/tr><\/thead><tbody><tr><td><strong>RA016-22<\/strong><br>Errances<br>Journ\u00e9es de Printemps 2021<\/td><\/tr><\/tbody><\/table><\/figure>\n\n\n\n<figure class=\"wp-block-table\"><table><thead><tr><th><mark class=\"has-inline-color has-vivid-red-color\" style=\"background-color: rgba(0, 0, 0, 0);\"><strong>Cat\u00e9gories<\/strong><\/mark><\/th><\/tr><\/thead><tbody><tr><td>Ph\u00e9nom\u00e9nologie<br>Photographie<\/td><\/tr><\/tbody><\/table><\/figure>\n<\/div>\n<\/div>\n","protected":false},"excerpt":{"rendered":"<p>Choisie, m\u00e9connue ou subie, l\u2019errance ne s\u2019exerce jamais ni \u00e0 l\u2019avantage ni au risque d\u2019une blanche solitude muette, mais tra\u00eene toujours derri\u00e8re elle le cort\u00e8ge murmurant, r\u00eaveur, nostalgique, douloureux, parfois tragique, d\u2019ombres quitt\u00e9es, perdues, abandonn\u00e9es avant, esp\u00e9r\u00e9es plus loin, ne serait-ce que dans l\u2019\u00e9chapp\u00e9e r\u00e9flexive, d\u00e9lib\u00e9r\u00e9e ou fantomatique, de soi-m\u00eame&hellip;<\/p>\n","protected":false},"author":2,"featured_media":0,"comment_status":"closed","ping_status":"open","sticky":false,"template":"","format":"standard","meta":{"pmpro_default_level":"","ngg_post_thumbnail":0,"footnotes":""},"categories":[31],"tags":[343,486,514,368],"class_list":["post-1528","post","type-post","status-publish","format-standard","hentry","category-barthelemy-jean-marie","tag-errances","tag-phenomenologie","tag-photographie","tag-ra016-22","pmpro-has-access"],"_links":{"self":[{"href":"https:\/\/bibliotheque-sfpe-at.com\/index.php\/wp-json\/wp\/v2\/posts\/1528","targetHints":{"allow":["GET"]}}],"collection":[{"href":"https:\/\/bibliotheque-sfpe-at.com\/index.php\/wp-json\/wp\/v2\/posts"}],"about":[{"href":"https:\/\/bibliotheque-sfpe-at.com\/index.php\/wp-json\/wp\/v2\/types\/post"}],"author":[{"embeddable":true,"href":"https:\/\/bibliotheque-sfpe-at.com\/index.php\/wp-json\/wp\/v2\/users\/2"}],"replies":[{"embeddable":true,"href":"https:\/\/bibliotheque-sfpe-at.com\/index.php\/wp-json\/wp\/v2\/comments?post=1528"}],"version-history":[{"count":3,"href":"https:\/\/bibliotheque-sfpe-at.com\/index.php\/wp-json\/wp\/v2\/posts\/1528\/revisions"}],"predecessor-version":[{"id":4711,"href":"https:\/\/bibliotheque-sfpe-at.com\/index.php\/wp-json\/wp\/v2\/posts\/1528\/revisions\/4711"}],"wp:attachment":[{"href":"https:\/\/bibliotheque-sfpe-at.com\/index.php\/wp-json\/wp\/v2\/media?parent=1528"}],"wp:term":[{"taxonomy":"category","embeddable":true,"href":"https:\/\/bibliotheque-sfpe-at.com\/index.php\/wp-json\/wp\/v2\/categories?post=1528"},{"taxonomy":"post_tag","embeddable":true,"href":"https:\/\/bibliotheque-sfpe-at.com\/index.php\/wp-json\/wp\/v2\/tags?post=1528"}],"curies":[{"name":"wp","href":"https:\/\/api.w.org\/{rel}","templated":true}]}}