{"id":1530,"date":"2024-06-12T12:25:12","date_gmt":"2024-06-12T10:25:12","guid":{"rendered":"https:\/\/sfpe-at.com\/?p=1530"},"modified":"2025-03-24T19:34:32","modified_gmt":"2025-03-24T18:34:32","slug":"voyager-sur-les-traces-des-expressions-de-la-folie-a-travers-lart-brut-et-lart-therapie","status":"publish","type":"post","link":"https:\/\/bibliotheque-sfpe-at.com\/index.php\/2024\/06\/12\/voyager-sur-les-traces-des-expressions-de-la-folie-a-travers-lart-brut-et-lart-therapie\/","title":{"rendered":"Voyager sur les traces des expressions de la folie \u00e0 travers l\u2019Art Brut et l\u2019Art-Th\u00e9rapie"},"content":{"rendered":"\n<div class=\"wp-block-columns is-layout-flex wp-container-core-columns-is-layout-28f84493 wp-block-columns-is-layout-flex\">\n<div class=\"wp-block-column is-layout-flow wp-block-column-is-layout-flow\" style=\"flex-basis:66.66%\">\n<p>Nous rapportons l\u2019exp\u00e9rience de nos voyages (France, Europe, US) depuis des ann\u00e9es pour voir comment sont pr\u00e9sent\u00e9es les expressions de la folie, qu\u2019il s\u2019agisse du milieu de l\u2019AB ou des milieux m\u00e9dicaux. V\u00e9ritable errance tant la vari\u00e9t\u00e9 des sites, des dispositifs sc\u00e9nographiques, des publics, les questions de d\u00e9finition et des limites, t\u00e9moignent de l\u2019absence de rep\u00e8res dans ce domaine de l\u2019art. Il s\u2019agit autant d\u2019un probl\u00e8me de pr\u00e9sentation que de repr\u00e9sentation, d\u2019un territoire non \u00e9tabli o\u00f9 s\u2019affrontent des positions h\u00e9t\u00e9rog\u00e8nes, mouvantes, \u00e9volutives, volontiers contradictoires Ce qui concerne autant l\u2019AB que l\u2019AT. C\u2019est dire la difficult\u00e9 qu\u2019il y aurait \u00e0 d\u00e9finir les objectifs d\u2019un PSC (Projet scientifique et culturel) pour la cr\u00e9ation d\u2019espace mus\u00e9al pour les oeuvres de la folie. Et pourtant au-del\u00e0 des avis des sp\u00e9cialistes, qui ne sont pas th\u00e9rapeutes, c\u2019est bien l\u00e0 un moyen dont le but principal est de donner la parole aux patients. La neutralit\u00e9 de tels espaces, hors de toute obstruction id\u00e9ologique et sans recr\u00e9er une camisole esth\u00e9tique qui stigmatise les styles de ces auteurs, n\u2019est pas acquise. Prise d\u2019un c\u00f4t\u00e9 entre les passions que suscite la maladie mentale et de l\u2019autre celles des amateurs et de leur jugement esth\u00e9tique, ces pr\u00e9sentations et repr\u00e9sentations risquent longtemps encore d\u2019errer selon les mod\u00e8les, aux d\u00e9pens de ce que nous vivons dans l\u2019exp\u00e9rience clinique bien r\u00e9elle avec les auteurs. Tous ces lieux ne sont eux-m\u00eames que l\u2019expression d\u2019une histoire mouvement\u00e9e et non termin\u00e9e, qu\u2019il convient de ne pas oublier pour les \u00e9valuer.<\/p>\n\n\n\n<p class=\"has-text-color has-link-color wp-elements-0c5dd61414d2cb4c88e3596780dedeb0\" style=\"color:#2753a5\"><strong><em>Pour lire le texte complet <a href=\"\/index.php\/options-dinscription\/\"><mark style=\"background-color:rgba(0, 0, 0, 0)\" class=\"has-inline-color has-vivid-cyan-blue-color\">s&rsquo;inscrire<\/mark><\/a> ou <a href=\"\/index.php\/my-account\/edit-account\/\"><mark style=\"background-color:rgba(0, 0, 0, 0)\" class=\"has-inline-color has-vivid-cyan-blue-color\">se connecter<\/mark><\/a><\/em><\/strong><\/p>\n\n\n\n\n\n<div style=\"height:100px\" aria-hidden=\"true\" class=\"wp-block-spacer\"><\/div>\n\n\n\n<div class=\"wp-block-buttons is-content-justification-center is-layout-flex wp-container-core-buttons-is-layout-a89b3969 wp-block-buttons-is-layout-flex\">\n<div class=\"wp-block-button has-custom-font-size is-style-fill has-small-font-size\"><a class=\"wp-block-button__link has-vivid-red-background-color has-background wp-element-button\" href=\"\/index.php\/2021\/03\/22\/errances\/\">&lt;&#8211;retour<\/a><\/div>\n<\/div>\n<\/div>\n\n\n\n<div class=\"wp-block-column is-layout-flow wp-block-column-is-layout-flow\" style=\"flex-basis:33.33%\">\n<figure class=\"wp-block-table\"><table class=\"has-background\" style=\"background-color:#f8f2f2\"><thead><tr><th><mark class=\"has-inline-color has-vivid-red-color\" style=\"background-color: rgba(0, 0, 0, 0);\"><strong>Auteur<\/strong><\/mark><\/th><\/tr><\/thead><tbody><tr><td><strong>Fran\u00e7ois Granier<\/strong><\/td><\/tr><\/tbody><\/table><\/figure>\n\n\n\n<figure class=\"wp-block-table\"><table><thead><tr><th><mark class=\"has-inline-color has-vivid-red-color\" style=\"background-color: rgba(0, 0, 0, 0);\"><strong>R\u00e9f\u00e9rence<\/strong><\/mark><\/th><\/tr><\/thead><tbody><tr><td><strong>RA016-08<\/strong><br>Errances<br>Journ\u00e9es de Printemps 2021<\/td><\/tr><\/tbody><\/table><\/figure>\n\n\n\n<figure class=\"wp-block-table\"><table><thead><tr><th><mark class=\"has-inline-color has-vivid-red-color\" style=\"background-color: rgba(0, 0, 0, 0);\"><strong>Cat\u00e9gories<\/strong><\/mark><\/th><\/tr><\/thead><tbody><tr><td>Histoire<br>\u00c9thique<br>Mus\u00e9es<\/td><\/tr><\/tbody><\/table><\/figure>\n<\/div>\n<\/div>\n","protected":false},"excerpt":{"rendered":"<p>Nous rapportons l\u2019exp\u00e9rience de nos voyages (France, Europe, US) depuis des ann\u00e9es pour voir comment sont pr\u00e9sent\u00e9es les expressions de la folie, qu\u2019il s\u2019agisse du milieu de l\u2019AB ou des milieux m\u00e9dicaux. V\u00e9ritable errance tant la vari\u00e9t\u00e9 des sites, des dispositifs sc\u00e9nographiques, des publics, les questions de d\u00e9finition et des&hellip;<\/p>\n","protected":false},"author":2,"featured_media":0,"comment_status":"closed","ping_status":"open","sticky":false,"template":"","format":"standard","meta":{"pmpro_default_level":"","ngg_post_thumbnail":0,"footnotes":""},"categories":[131],"tags":[343,502,575,571,369],"class_list":["post-1530","post","type-post","status-publish","format-standard","hentry","category-granier-francois","tag-errances","tag-ethique","tag-histoire","tag-musees-expositions-spectacles","tag-ra016-08","pmpro-has-access"],"_links":{"self":[{"href":"https:\/\/bibliotheque-sfpe-at.com\/index.php\/wp-json\/wp\/v2\/posts\/1530","targetHints":{"allow":["GET"]}}],"collection":[{"href":"https:\/\/bibliotheque-sfpe-at.com\/index.php\/wp-json\/wp\/v2\/posts"}],"about":[{"href":"https:\/\/bibliotheque-sfpe-at.com\/index.php\/wp-json\/wp\/v2\/types\/post"}],"author":[{"embeddable":true,"href":"https:\/\/bibliotheque-sfpe-at.com\/index.php\/wp-json\/wp\/v2\/users\/2"}],"replies":[{"embeddable":true,"href":"https:\/\/bibliotheque-sfpe-at.com\/index.php\/wp-json\/wp\/v2\/comments?post=1530"}],"version-history":[{"count":3,"href":"https:\/\/bibliotheque-sfpe-at.com\/index.php\/wp-json\/wp\/v2\/posts\/1530\/revisions"}],"predecessor-version":[{"id":4699,"href":"https:\/\/bibliotheque-sfpe-at.com\/index.php\/wp-json\/wp\/v2\/posts\/1530\/revisions\/4699"}],"wp:attachment":[{"href":"https:\/\/bibliotheque-sfpe-at.com\/index.php\/wp-json\/wp\/v2\/media?parent=1530"}],"wp:term":[{"taxonomy":"category","embeddable":true,"href":"https:\/\/bibliotheque-sfpe-at.com\/index.php\/wp-json\/wp\/v2\/categories?post=1530"},{"taxonomy":"post_tag","embeddable":true,"href":"https:\/\/bibliotheque-sfpe-at.com\/index.php\/wp-json\/wp\/v2\/tags?post=1530"}],"curies":[{"name":"wp","href":"https:\/\/api.w.org\/{rel}","templated":true}]}}