{"id":1536,"date":"2024-06-12T15:33:04","date_gmt":"2024-06-12T13:33:04","guid":{"rendered":"https:\/\/sfpe-at.com\/?p=1536"},"modified":"2025-04-08T15:12:38","modified_gmt":"2025-04-08T13:12:38","slug":"vingt-six-fenetres-pour-saerer-lesprit","status":"publish","type":"post","link":"https:\/\/bibliotheque-sfpe-at.com\/index.php\/2024\/06\/12\/vingt-six-fenetres-pour-saerer-lesprit\/","title":{"rendered":"Vingt-six fen\u00eatres pour s\u2019a\u00e9rer l\u2019esprit"},"content":{"rendered":"\n<div class=\"wp-block-columns is-layout-flex wp-container-core-columns-is-layout-28f84493 wp-block-columns-is-layout-flex\">\n<div class=\"wp-block-column is-layout-flow wp-block-column-is-layout-flow\" style=\"flex-basis:66.66%\">\n<p>En ouvrant les vingt-six fen\u00eatres de cette grande maison de l\u2019\u00eatre, je choisis d\u2019interroger la multiplicit\u00e9 de cadres qui se superposent imparfaitement pour tenter de d\u00e9gager les lignes entrelac\u00e9es d\u2019une contenance approximative.Les cadres th\u00e9rapeutiques que nous nommons empathie, diagnostic et \/ou art, r\u00e9sultent bien souvent d\u2019une volont\u00e9 de contenir le monde au risque de perdre ce lien avec le monde.Le d\u00e9sir d\u2019apprivoiser une r\u00e9alit\u00e9 ext\u00e9rieure tout en r\u00eavant ce lien avec elle se retrouve dans les repr\u00e9sentations de fen\u00eatres ouvertes chez Gr\u00fcnewald, Bonnard, Balthus et l\u2019approche singuli\u00e8re de Hundertwasser qui d\u00e9fendait le droit pour chacun de peindre autour de sa fen\u00eatre sur la fa\u00e7ade ext\u00e9rieure avec les couleurs de son choix.<\/p>\n\n\n\n<p>\u00ab Le m\u00e9decin de l\u2019architecture ne fait rien d\u2019autre que de r\u00e9tablir la r\u00e9alit\u00e9 humaine et l\u2019harmonie avec la nature et avec la cr\u00e9ation humaine [\u2026]<\/p>\n\n\n\n<p>Si on laisse danser les fen\u00eatres, en les fa\u00e7onnant de diverses mani\u00e8res, et en casant ou en laissant faire autant d\u2019irr\u00e9gularit\u00e9s que possible sur les fa\u00e7ades et \u00e0 l\u2019int\u00e9rieur, la maison peut gu\u00e9rir. \u00bb (Friedrich Hundertwasser, 24.01.1990)<\/p>\n\n\n\n<p><em>\u00ab Essaie d\u2019\u00e9couter par-del\u00e0 mes mots les sentiments que nous partageons. \u00bb <br>Ruth Bebermeyer<\/em><\/p>\n\n\n\n<p class=\"has-text-color has-link-color wp-elements-0c5dd61414d2cb4c88e3596780dedeb0\" style=\"color:#2753a5\"><strong><em>Pour lire le texte complet <a href=\"\/index.php\/options-dinscription\/\"><mark style=\"background-color:rgba(0, 0, 0, 0)\" class=\"has-inline-color has-vivid-cyan-blue-color\">s&rsquo;inscrire<\/mark><\/a> ou <a href=\"\/index.php\/my-account\/edit-account\/\"><mark style=\"background-color:rgba(0, 0, 0, 0)\" class=\"has-inline-color has-vivid-cyan-blue-color\">se connecter<\/mark><\/a><\/em><\/strong><\/p>\n\n\n\n\n\n<div style=\"height:100px\" aria-hidden=\"true\" class=\"wp-block-spacer\"><\/div>\n\n\n\n<div class=\"wp-block-buttons is-content-justification-center is-layout-flex wp-container-core-buttons-is-layout-a89b3969 wp-block-buttons-is-layout-flex\">\n<div class=\"wp-block-button has-custom-font-size is-style-fill has-small-font-size\"><a class=\"wp-block-button__link has-vivid-red-background-color has-background wp-element-button\" href=\"\/index.php\/2021\/11\/05\/fenetres\/\">&lt;&#8211;retour<\/a><\/div>\n<\/div>\n<\/div>\n\n\n\n<div class=\"wp-block-column is-layout-flow wp-block-column-is-layout-flow\" style=\"flex-basis:33.33%\">\n<figure class=\"wp-block-table\"><table class=\"has-background\" style=\"background-color:#f8f2f2\"><thead><tr><th><mark class=\"has-inline-color has-vivid-red-color\" style=\"background-color: rgba(0, 0, 0, 0);\"><strong>Auteur<\/strong><\/mark><\/th><\/tr><\/thead><tbody><tr><td><strong>Fran\u00e7ois Schneider <\/strong><\/td><\/tr><\/tbody><\/table><\/figure>\n\n\n\n<figure class=\"wp-block-table\"><table><thead><tr><th><mark class=\"has-inline-color has-vivid-red-color\" style=\"background-color: rgba(0, 0, 0, 0);\"><strong>R\u00e9f\u00e9rence<\/strong><\/mark><\/th><\/tr><\/thead><tbody><tr><td><strong>RA017-01<\/strong><br>Fen\u00eatres<br>Journ\u00e9es d&rsquo;Automne 2021<\/td><\/tr><\/tbody><\/table><\/figure>\n\n\n\n<figure class=\"wp-block-table\"><table><thead><tr><th><mark class=\"has-inline-color has-vivid-red-color\" style=\"background-color: rgba(0, 0, 0, 0);\"><strong>Cat\u00e9gories<\/strong><\/mark><\/th><\/tr><\/thead><tbody><tr><td>Peinture<\/td><\/tr><\/tbody><\/table><\/figure>\n<\/div>\n<\/div>\n","protected":false},"excerpt":{"rendered":"<p>En ouvrant les vingt-six fen\u00eatres de cette grande maison de l\u2019\u00eatre, je choisis d\u2019interroger la multiplicit\u00e9 de cadres qui se superposent imparfaitement pour tenter de d\u00e9gager les lignes entrelac\u00e9es d\u2019une contenance approximative.Les cadres th\u00e9rapeutiques que nous nommons empathie, diagnostic et \/ou art, r\u00e9sultent bien souvent d\u2019une volont\u00e9 de contenir le&hellip;<\/p>\n","protected":false},"author":2,"featured_media":0,"comment_status":"closed","ping_status":"open","sticky":false,"template":"","format":"standard","meta":{"pmpro_default_level":"","ngg_post_thumbnail":0,"footnotes":""},"categories":[238],"tags":[370,484,371],"class_list":["post-1536","post","type-post","status-publish","format-standard","hentry","category-schneider-francois","tag-fenetres","tag-peinture","tag-ra017-01","pmpro-has-access"],"_links":{"self":[{"href":"https:\/\/bibliotheque-sfpe-at.com\/index.php\/wp-json\/wp\/v2\/posts\/1536","targetHints":{"allow":["GET"]}}],"collection":[{"href":"https:\/\/bibliotheque-sfpe-at.com\/index.php\/wp-json\/wp\/v2\/posts"}],"about":[{"href":"https:\/\/bibliotheque-sfpe-at.com\/index.php\/wp-json\/wp\/v2\/types\/post"}],"author":[{"embeddable":true,"href":"https:\/\/bibliotheque-sfpe-at.com\/index.php\/wp-json\/wp\/v2\/users\/2"}],"replies":[{"embeddable":true,"href":"https:\/\/bibliotheque-sfpe-at.com\/index.php\/wp-json\/wp\/v2\/comments?post=1536"}],"version-history":[{"count":5,"href":"https:\/\/bibliotheque-sfpe-at.com\/index.php\/wp-json\/wp\/v2\/posts\/1536\/revisions"}],"predecessor-version":[{"id":5010,"href":"https:\/\/bibliotheque-sfpe-at.com\/index.php\/wp-json\/wp\/v2\/posts\/1536\/revisions\/5010"}],"wp:attachment":[{"href":"https:\/\/bibliotheque-sfpe-at.com\/index.php\/wp-json\/wp\/v2\/media?parent=1536"}],"wp:term":[{"taxonomy":"category","embeddable":true,"href":"https:\/\/bibliotheque-sfpe-at.com\/index.php\/wp-json\/wp\/v2\/categories?post=1536"},{"taxonomy":"post_tag","embeddable":true,"href":"https:\/\/bibliotheque-sfpe-at.com\/index.php\/wp-json\/wp\/v2\/tags?post=1536"}],"curies":[{"name":"wp","href":"https:\/\/api.w.org\/{rel}","templated":true}]}}