{"id":1539,"date":"2024-06-12T15:37:47","date_gmt":"2024-06-12T13:37:47","guid":{"rendered":"https:\/\/sfpe-at.com\/?p=1539"},"modified":"2025-04-08T15:13:21","modified_gmt":"2025-04-08T13:13:21","slug":"chagall-et-la-colombe-se-posa-sur-le-bord-de-la-fenetre","status":"publish","type":"post","link":"https:\/\/bibliotheque-sfpe-at.com\/index.php\/2024\/06\/12\/chagall-et-la-colombe-se-posa-sur-le-bord-de-la-fenetre\/","title":{"rendered":"Chagall : et la colombe se posa sur le bord de la fen\u00eatre\u2026"},"content":{"rendered":"\n<div class=\"wp-block-columns is-layout-flex wp-container-core-columns-is-layout-28f84493 wp-block-columns-is-layout-flex\">\n<div class=\"wp-block-column is-layout-flow wp-block-column-is-layout-flow\" style=\"flex-basis:66.66%\">\n<p>Depuis la nuit des temps la Fen\u00eatre existe, puisque d\u00e9j\u00e0 dans la Gen\u00e8se Dieu avait exhort\u00e9 No\u00e9 \u00e0 construire son Arche avec une fen\u00eatre. Celle-ci n\u2019est pas tant un objet architectural ou ornemental, c\u2019est un \u00e9l\u00e9ment essentiel de m\u00e9diation entre deux perceptions de l\u2019espace, l\u2019int\u00e9rieur, voire l\u2019intime, et l\u2019ext\u00e9rieur, sur le bord de laquelle se rencontrent le plus lointain et le plus proche.<\/p>\n\n\n\n<p>Nombreux sont les artistes, \u00e9crivains et peintres, qui ont utilis\u00e9 cette interface, ce Janus \u00e0 double-face, comme lien et lieu de passage entre ces deux mondes.<\/p>\n\n\n\n<p>Parmi eux, Marc Chagall, peintre majeur du XXe si\u00e8cle, a bien compris le r\u00f4le capital de la fen\u00eatre qui s\u00e9pare les espaces int\u00e9rieur et ext\u00e9rieur tout en maintenant la coh\u00e9sion et l\u2019unit\u00e9 de l\u2019espace pictural global. Dans ses tableaux la fen\u00eatre permet l\u2019ouverture au monde, l\u2019entr\u00e9e de la lumi\u00e8re et sa transcendance dans une dimension sacr\u00e9e tels les vitraux du Message biblique, ainsi que l\u2019envol dans l\u2019imaginaire et le r\u00eave par des approches all\u00e9goriques, parfois \u00e9nigmatiques, faisant virevolter ses personnages dans les airs.<\/p>\n\n\n\n<p>Par le motif de la fen\u00eatre, le g\u00e9nie pictural de Chagall a su ainsi d\u00e9former la r\u00e9alit\u00e9, abolir les lois spatio-temporelles, cumuler la tradition de ses origines jud\u00e9o-russes et la d\u00e9couverte de la modernit\u00e9 occidentale. \u00c0 travers elle il nous fait voyager en apesanteur, port\u00e9s par le message divin de la colombe.<\/p>\n\n\n\n<p class=\"has-text-color has-link-color wp-elements-0c5dd61414d2cb4c88e3596780dedeb0\" style=\"color:#2753a5\"><strong><em>Pour lire le texte complet <a href=\"\/index.php\/options-dinscription\/\"><mark style=\"background-color:rgba(0, 0, 0, 0)\" class=\"has-inline-color has-vivid-cyan-blue-color\">s&rsquo;inscrire<\/mark><\/a> ou <a href=\"\/index.php\/my-account\/edit-account\/\"><mark style=\"background-color:rgba(0, 0, 0, 0)\" class=\"has-inline-color has-vivid-cyan-blue-color\">se connecter<\/mark><\/a><\/em><\/strong><\/p>\n\n\n\n\n\n<div style=\"height:100px\" aria-hidden=\"true\" class=\"wp-block-spacer\"><\/div>\n\n\n\n<div class=\"wp-block-buttons is-content-justification-center is-layout-flex wp-container-core-buttons-is-layout-a89b3969 wp-block-buttons-is-layout-flex\">\n<div class=\"wp-block-button has-custom-font-size is-style-fill has-small-font-size\"><a class=\"wp-block-button__link has-vivid-red-background-color has-background wp-element-button\" href=\"\/index.php\/2021\/11\/05\/fenetres\/\">&lt;&#8211;retour<\/a><\/div>\n<\/div>\n<\/div>\n\n\n\n<div class=\"wp-block-column is-layout-flow wp-block-column-is-layout-flow\" style=\"flex-basis:33.33%\">\n<figure class=\"wp-block-table\"><table class=\"has-background\" style=\"background-color:#f8f2f2\"><thead><tr><th><mark class=\"has-inline-color has-vivid-red-color\" style=\"background-color: rgba(0, 0, 0, 0);\"><strong>Auteur<\/strong><\/mark><\/th><\/tr><\/thead><tbody><tr><td><strong>Ghislainne Reillanne<\/strong><\/td><\/tr><\/tbody><\/table><\/figure>\n\n\n\n<figure class=\"wp-block-table\"><table><thead><tr><th><mark class=\"has-inline-color has-vivid-red-color\" style=\"background-color: rgba(0, 0, 0, 0);\"><strong>R\u00e9f\u00e9rence<\/strong><\/mark><\/th><\/tr><\/thead><tbody><tr><td><strong>RA017-02<\/strong><br>Fen\u00eatres<br>Journ\u00e9es de Printemps 2021<\/td><\/tr><\/tbody><\/table><\/figure>\n\n\n\n<figure class=\"wp-block-table\"><table><thead><tr><th><mark class=\"has-inline-color has-vivid-red-color\" style=\"background-color: rgba(0, 0, 0, 0);\"><strong>Cat\u00e9gories<\/strong><\/mark><\/th><\/tr><\/thead><tbody><tr><td>Peinture<br>Religion<\/td><\/tr><\/tbody><\/table><\/figure>\n<\/div>\n<\/div>\n","protected":false},"excerpt":{"rendered":"<p>Depuis la nuit des temps la Fen\u00eatre existe, puisque d\u00e9j\u00e0 dans la Gen\u00e8se Dieu avait exhort\u00e9 No\u00e9 \u00e0 construire son Arche avec une fen\u00eatre. Celle-ci n\u2019est pas tant un objet architectural ou ornemental, c\u2019est un \u00e9l\u00e9ment essentiel de m\u00e9diation entre deux perceptions de l\u2019espace, l\u2019int\u00e9rieur, voire l\u2019intime, et l\u2019ext\u00e9rieur, sur&hellip;<\/p>\n","protected":false},"author":2,"featured_media":0,"comment_status":"closed","ping_status":"open","sticky":false,"template":"","format":"standard","meta":{"pmpro_default_level":"","ngg_post_thumbnail":0,"footnotes":""},"categories":[91],"tags":[370,484,372,593],"class_list":["post-1539","post","type-post","status-publish","format-standard","hentry","category-reillanne-ghislaine","tag-fenetres","tag-peinture","tag-ra017-02","tag-religion","pmpro-has-access"],"_links":{"self":[{"href":"https:\/\/bibliotheque-sfpe-at.com\/index.php\/wp-json\/wp\/v2\/posts\/1539","targetHints":{"allow":["GET"]}}],"collection":[{"href":"https:\/\/bibliotheque-sfpe-at.com\/index.php\/wp-json\/wp\/v2\/posts"}],"about":[{"href":"https:\/\/bibliotheque-sfpe-at.com\/index.php\/wp-json\/wp\/v2\/types\/post"}],"author":[{"embeddable":true,"href":"https:\/\/bibliotheque-sfpe-at.com\/index.php\/wp-json\/wp\/v2\/users\/2"}],"replies":[{"embeddable":true,"href":"https:\/\/bibliotheque-sfpe-at.com\/index.php\/wp-json\/wp\/v2\/comments?post=1539"}],"version-history":[{"count":3,"href":"https:\/\/bibliotheque-sfpe-at.com\/index.php\/wp-json\/wp\/v2\/posts\/1539\/revisions"}],"predecessor-version":[{"id":4716,"href":"https:\/\/bibliotheque-sfpe-at.com\/index.php\/wp-json\/wp\/v2\/posts\/1539\/revisions\/4716"}],"wp:attachment":[{"href":"https:\/\/bibliotheque-sfpe-at.com\/index.php\/wp-json\/wp\/v2\/media?parent=1539"}],"wp:term":[{"taxonomy":"category","embeddable":true,"href":"https:\/\/bibliotheque-sfpe-at.com\/index.php\/wp-json\/wp\/v2\/categories?post=1539"},{"taxonomy":"post_tag","embeddable":true,"href":"https:\/\/bibliotheque-sfpe-at.com\/index.php\/wp-json\/wp\/v2\/tags?post=1539"}],"curies":[{"name":"wp","href":"https:\/\/api.w.org\/{rel}","templated":true}]}}